{"id":448889,"date":"2025-10-09T01:44:14","date_gmt":"2025-10-09T01:44:14","guid":{"rendered":"https:\/\/www.europesays.com\/fr\/448889\/"},"modified":"2025-10-09T01:44:14","modified_gmt":"2025-10-09T01:44:14","slug":"interconnexion-electrique-entre-la-france-et-le-royaume-uni-letat-bloque-le-projet-conteste-08-10-2025-a-1806","status":"publish","type":"post","link":"https:\/\/www.europesays.com\/fr\/448889\/","title":{"rendered":"Interconnexion \u00e9lectrique entre la France et le Royaume-Uni : l&rsquo;\u00c9tat bloque le projet contest\u00e9 &#8211; 08\/10\/2025 \u00e0 18:06"},"content":{"rendered":"<p> Le projet, estim\u00e9 \u00e0 1,4 milliard d&rsquo;euros, consiste en la cr\u00e9ation d&rsquo;une interconnexion sous-marine d&rsquo;une capacit\u00e9 de 2.000 m\u00e9gawatts (MW) reliant les r\u00e9seaux \u00e9lectriques de la France et de l&rsquo;Angleterre.<\/p>\n<p>        <img fetchpriority=\"high\" decoding=\"async\" src=\"https:\/\/www.europesays.com\/fr\/wp-content\/uploads\/2025\/10\/e8dc1a6963b0b82bfb9cbc3f60ca354d-760x507.jpg\" alt=\"Les falaises de Douvres. (illustration) ( AFP \/ BEN STANSALL )\" loading=\"eager\" width=\"760\" height=\"507\" style=\"max-width: 100%!important; height: auto;\"\/><\/p>\n<p class=\"c-image-news__legend\">Les falaises de Douvres. (illustration) ( AFP \/ BEN STANSALL )<\/p>\n<p>\n La pr\u00e9fecture de Seine-Maritime a annonc\u00e9 mercredi 8 octobre qu&rsquo;elle avait refus\u00e9 d&rsquo;accorder une concession d&rsquo;utilisation du domaine public maritime \u00e0 l&rsquo;entreprise britannique Aquind. Cette derni\u00e8re portait un projet d&rsquo;interconnexion \u00e9lectrique transmanche entre la France et la Grande-Bretagne, qui avait pourtant d\u00e9j\u00e0 re\u00e7u de premiers avis favorables.\n<\/p>\n<p>\n \u00ab\u00a0Le pr\u00e9fet de la Seine-Maritime a notifi\u00e9 \u00e0 Aquind<br \/>\n <strong><br \/>\n  l&rsquo;impossibilit\u00e9 d&rsquo;accorder une concession d&rsquo;utilisation du domaine public maritime<br \/>\n <\/strong><br \/>\n \u00ab\u00a0, a annonc\u00e9 mercredi la pr\u00e9fecture dans un communiqu\u00e9 de presse.\n<\/p>\n<p>\n D\u00e9velopp\u00e9 par la soci\u00e9t\u00e9 britannique Aquind, le projet, estim\u00e9 \u00e0 1,4 milliard d&rsquo;euros, consiste en<br \/>\n <strong><br \/>\n  la cr\u00e9ation d&rsquo;une interconnexion sous-marine d&rsquo;une capacit\u00e9 de 2.000 m\u00e9gawatts<br \/>\n <\/strong><br \/>\n (MW) reliant les r\u00e9seaux \u00e9lectriques de la France et de l&rsquo;Angleterre.\n<\/p>\n<p> Le projet n&rsquo;est pas remis en cause<\/p>\n<p>\n Le 17 juillet, un arr\u00eat\u00e9 pr\u00e9fectoral avait pourtant constat\u00e9 \u00ab\u00a0la conformit\u00e9 du projet aux dispositions du Code de l&rsquo;environnement et a d\u00e9livr\u00e9 en cons\u00e9quence une autorisation environnementale\u00a0\u00bb. Mais cet arr\u00eat\u00e9 ne permettait pas de lancer le projet, car \u00ab\u00a0d&rsquo;autres autorisations restaient n\u00e9cessaires\u00a0\u00bb, rappelle la pr\u00e9fecture.\n<\/p>\n<p>\n Parmi ces autorisations figurait l&rsquo;utilisation du domaine public maritime, \u00ab\u00a0qui se base sur la reconnaissance de son caract\u00e8re d&rsquo;int\u00e9r\u00eat g\u00e9n\u00e9ral\u00a0\u00bb, relevant d&rsquo;une d\u00e9cision de niveau national. Cette derni\u00e8re n&rsquo;a pas \u00e9t\u00e9 valid\u00e9e, a donc annonc\u00e9 la pr\u00e9fecture mercredi.\n<\/p>\n<p>\n Dans un communiqu\u00e9, Martin Dubourg, directeur France d&rsquo;Aquid, s&rsquo;est dit \u00ab\u00a0surpris\u00a0\u00bb de cette d\u00e9cision \u00ab\u00a0compte tenu des besoins croissants d&rsquo;interconnexion identifi\u00e9s au niveau europ\u00e9en, particuli\u00e8rement entre la France et la Grande-Bretagne, et des politiques mises en \u0153uvre \u00e0 cet \u00e9gard\u00a0\u00bb.\n<\/p>\n<p>\n Cette d\u00e9cision \u00ab\u00a0repr\u00e9sente un al\u00e9a pour le projet, sans pour autant remettre en cause sa pertinence ni sa r\u00e9alisation \u00e0 terme\u00a0\u00bb, a-t-il ajout\u00e9.<\/p>\n","protected":false},"excerpt":{"rendered":"Le projet, estim\u00e9 \u00e0 1,4 milliard d&rsquo;euros, consiste en la cr\u00e9ation d&rsquo;une interconnexion sous-marine d&rsquo;une capacit\u00e9 de 2.000&hellip;\n","protected":false},"author":2,"featured_media":448890,"comment_status":"","ping_status":"","sticky":false,"template":"","format":"standard","meta":{"footnotes":""},"categories":[1588],"tags":[400,11,398,408,405,1777,674,403,402,399,404,12,473,1853,401,406,1851,1850,1852,407],"class_list":{"0":"post-448889","1":"post","2":"type-post","3":"status-publish","4":"format-standard","5":"has-post-thumbnail","7":"category-royaume-uni","8":"tag-action-cac-40","9":"tag-actualites","10":"tag-bourse-de-paris","11":"tag-boursorama","12":"tag-cotations","13":"tag-eu","14":"tag-europe","15":"tag-indices-devises","16":"tag-investir","17":"tag-investissement","18":"tag-marche-boursier","19":"tag-news","20":"tag-royaume-uni","21":"tag-royaume-uni-de-grande-bretagne-et-dirlande-du-nord","22":"tag-sicav","23":"tag-trackers","24":"tag-uk","25":"tag-united-kingdom","26":"tag-united-kingdom-of-great-britain-and-northern-ireland","27":"tag-warrants"},"share_on_mastodon":{"url":"https:\/\/pubeurope.com\/@fr\/115341680319119253","error":""},"_links":{"self":[{"href":"https:\/\/www.europesays.com\/fr\/wp-json\/wp\/v2\/posts\/448889","targetHints":{"allow":["GET"]}}],"collection":[{"href":"https:\/\/www.europesays.com\/fr\/wp-json\/wp\/v2\/posts"}],"about":[{"href":"https:\/\/www.europesays.com\/fr\/wp-json\/wp\/v2\/types\/post"}],"author":[{"embeddable":true,"href":"https:\/\/www.europesays.com\/fr\/wp-json\/wp\/v2\/users\/2"}],"replies":[{"embeddable":true,"href":"https:\/\/www.europesays.com\/fr\/wp-json\/wp\/v2\/comments?post=448889"}],"version-history":[{"count":0,"href":"https:\/\/www.europesays.com\/fr\/wp-json\/wp\/v2\/posts\/448889\/revisions"}],"wp:featuredmedia":[{"embeddable":true,"href":"https:\/\/www.europesays.com\/fr\/wp-json\/wp\/v2\/media\/448890"}],"wp:attachment":[{"href":"https:\/\/www.europesays.com\/fr\/wp-json\/wp\/v2\/media?parent=448889"}],"wp:term":[{"taxonomy":"category","embeddable":true,"href":"https:\/\/www.europesays.com\/fr\/wp-json\/wp\/v2\/categories?post=448889"},{"taxonomy":"post_tag","embeddable":true,"href":"https:\/\/www.europesays.com\/fr\/wp-json\/wp\/v2\/tags?post=448889"}],"curies":[{"name":"wp","href":"https:\/\/api.w.org\/{rel}","templated":true}]}}