{"id":448891,"date":"2025-10-09T01:45:12","date_gmt":"2025-10-09T01:45:12","guid":{"rendered":"https:\/\/www.europesays.com\/fr\/448891\/"},"modified":"2025-10-09T01:45:12","modified_gmt":"2025-10-09T01:45:12","slug":"nord-stream-la-pologne-refuse-dextrader-un-suspect-recherche-par-lallemagne","status":"publish","type":"post","link":"https:\/\/www.europesays.com\/fr\/448891\/","title":{"rendered":"Nord Stream : la Pologne refuse d\u2019extrader un suspect recherch\u00e9 par l\u2019Allemagne"},"content":{"rendered":"<p>\n      Le suspect a \u00e9t\u00e9 arr\u00eat\u00e9 fin septembre \u00e0 Varsovie.\n    <\/p>\n<p>Le Premier ministre polonais Donald Tusk a indiqu\u00e9 que son gouvernement ne voyait \u00ab aucun int\u00e9r\u00eat \u00bb \u00e0 extrader un ressortissant ukrainien soup\u00e7onn\u00e9 d\u2019avoir particip\u00e9 au sabotage des gazoducs Nord Stream 1 et Nord Stream 2 en mer Baltique, en septembre 2022.\u00a0<\/p>\n<p>Le suspect, identifi\u00e9 par les autorit\u00e9s allemandes sous le nom de Volodymyr Z., a \u00e9t\u00e9 arr\u00eat\u00e9 fin septembre pr\u00e8s de Varsovie sur la base d\u2019un mandat d\u2019arr\u00eat europ\u00e9en. Selon le parquet f\u00e9d\u00e9ral allemand, il aurait pris part \u00e0 une op\u00e9ration de plong\u00e9e ayant conduit \u00e0 la destruction de trois des quatre conduites des gazoducs Nord Stream, situ\u00e9s dans la zone \u00e9conomique danoise au large de Bornholm. Ces installations, exploit\u00e9es par le consortium dirig\u00e9 par Gazprom, repr\u00e9sentaient une capacit\u00e9 combin\u00e9e de 110 milliards de m\u00b3 de gaz par an.<\/p>\n<p>Les enqu\u00eateurs allemands soup\u00e7onnent l\u2019homme d\u2019avoir particip\u00e9 \u00e0 la location d\u2019un voilier utilis\u00e9 pour transporter des explosifs jusqu\u2019au site du sabotage. Le tribunal de district de Varsovie a ordonn\u00e9 une d\u00e9tention provisoire prolong\u00e9e \u00e0 40 jours, le temps d\u2019examiner la demande d\u2019extradition d\u00e9pos\u00e9e par Berlin.\u00a0<\/p>\n<p>Dans ses d\u00e9clarations publiques, Donald Tusk a soulign\u00e9 que la question n\u2019\u00e9tait pas seulement judiciaire mais politique : \u00ab Le probl\u00e8me de l\u2019Europe, de la Pologne, de la Lituanie et de l\u2019Ukraine n\u2019est pas que Nord Stream 2 ait \u00e9t\u00e9 d\u00e9truit, mais qu\u2019il ait \u00e9t\u00e9 construit \u00bb, a-t-il d\u00e9clar\u00e9. Il a aussi rappel\u00e9 l\u2019opposition historique de Varsovie au projet gazier, jug\u00e9 contraire aux int\u00e9r\u00eats de s\u00e9curit\u00e9 r\u00e9gionale.<\/p>\n<p>Les tensions autour de Nord Stream d\u00e9passent le cadre de la proc\u00e9dure d\u2019extradition. L\u2019explosion de 2022, qui a endommag\u00e9 trois conduites sur quatre, avait d\u00e9j\u00e0 mis en lumi\u00e8re la vuln\u00e9rabilit\u00e9 des infrastructures \u00e9nerg\u00e9tiques sous-marines europ\u00e9ennes. Depuis cet incident, plusieurs \u00c9tats riverains de la Baltique, dont la Finlande, la Su\u00e8de et l\u2019Estonie, ont renforc\u00e9 la surveillance de leurs c\u00e2bles de communication et pipelines, en coop\u00e9ration avec l\u2019OTAN.<\/p>\n<p>Le suspect ukrainien nie toute participation aux faits. Aucune d\u00e9cision d\u00e9finitive n\u2019a encore \u00e9t\u00e9 prise par la justice polonaise sur la demande d\u2019extradition allemande, qui pourrait intervenir dans les prochaines semaines.<\/p>\n<p><strong>\u00a9 Un article de la r\u00e9daction de Mer et Marine.\u00a0Reproduction interdite sans consentement du ou des auteurs.<\/strong><\/p>\n<p>\u00a0<\/p>\n","protected":false},"excerpt":{"rendered":"Le suspect a \u00e9t\u00e9 arr\u00eat\u00e9 fin septembre \u00e0 Varsovie. Le Premier ministre polonais Donald Tusk a indiqu\u00e9 que&hellip;\n","protected":false},"author":2,"featured_media":448892,"comment_status":"","ping_status":"","sticky":false,"template":"","format":"standard","meta":{"footnotes":""},"categories":[1587],"tags":[11,672,1804,6130,6141,6131,6138,2380,6135,1805,554,1803,1777,6136,674,6139,1801,6134,3135,6128,567,6129,6127,12,6132,4838,6133,1802,6140,6137],"class_list":{"0":"post-448891","1":"post","2":"type-post","3":"status-publish","4":"format-standard","5":"has-post-thumbnail","7":"category-allemagne","8":"tag-actualites","9":"tag-allemagne","10":"tag-bundesrepublik-deutschland","11":"tag-chantiers","12":"tag-commando","13":"tag-construction-navale","14":"tag-costa","15":"tag-croisiere","16":"tag-dcns","17":"tag-de","18":"tag-defense","19":"tag-deutschland","20":"tag-eu","21":"tag-euronaval","22":"tag-europe","23":"tag-fremm","24":"tag-germany","25":"tag-interviews","26":"tag-littoral","27":"tag-marine","28":"tag-marine-nationale","29":"tag-maritime","30":"tag-mer","31":"tag-news","32":"tag-offshore","33":"tag-peche","34":"tag-reportages","35":"tag-republique-federale-dallemagne","36":"tag-sncm","37":"tag-stx"},"share_on_mastodon":{"url":"https:\/\/pubeurope.com\/@fr\/115341683823663250","error":""},"_links":{"self":[{"href":"https:\/\/www.europesays.com\/fr\/wp-json\/wp\/v2\/posts\/448891","targetHints":{"allow":["GET"]}}],"collection":[{"href":"https:\/\/www.europesays.com\/fr\/wp-json\/wp\/v2\/posts"}],"about":[{"href":"https:\/\/www.europesays.com\/fr\/wp-json\/wp\/v2\/types\/post"}],"author":[{"embeddable":true,"href":"https:\/\/www.europesays.com\/fr\/wp-json\/wp\/v2\/users\/2"}],"replies":[{"embeddable":true,"href":"https:\/\/www.europesays.com\/fr\/wp-json\/wp\/v2\/comments?post=448891"}],"version-history":[{"count":0,"href":"https:\/\/www.europesays.com\/fr\/wp-json\/wp\/v2\/posts\/448891\/revisions"}],"wp:featuredmedia":[{"embeddable":true,"href":"https:\/\/www.europesays.com\/fr\/wp-json\/wp\/v2\/media\/448892"}],"wp:attachment":[{"href":"https:\/\/www.europesays.com\/fr\/wp-json\/wp\/v2\/media?parent=448891"}],"wp:term":[{"taxonomy":"category","embeddable":true,"href":"https:\/\/www.europesays.com\/fr\/wp-json\/wp\/v2\/categories?post=448891"},{"taxonomy":"post_tag","embeddable":true,"href":"https:\/\/www.europesays.com\/fr\/wp-json\/wp\/v2\/tags?post=448891"}],"curies":[{"name":"wp","href":"https:\/\/api.w.org\/{rel}","templated":true}]}}