{"id":448899,"date":"2025-10-09T01:49:18","date_gmt":"2025-10-09T01:49:18","guid":{"rendered":"https:\/\/www.europesays.com\/fr\/448899\/"},"modified":"2025-10-09T01:49:18","modified_gmt":"2025-10-09T01:49:18","slug":"le-senateur-lr-philippe-mouiller-interpelle-inanime-et-en-etat-divresse-a-paris","status":"publish","type":"post","link":"https:\/\/www.europesays.com\/fr\/448899\/","title":{"rendered":"Le s\u00e9nateur LR Philippe Mouiller interpell\u00e9 inanim\u00e9 et en \u00e9tat d&rsquo;ivresse \u00e0 Paris"},"content":{"rendered":"<p class=\"article-p mdl\">\u00ab\u00a0Il pr\u00e9sentait un \u00e9tat d\u2019ivresse publique manifeste et des marques de contusions sur le visage\u00a0\u00bb. T\u00f4t, mercredi 8 octobre, le s\u00e9nateur Les R\u00e9publicains des Deux-S\u00e8vres, Philippe Mouiller, a \u00e9t\u00e9 retrouv\u00e9 inanim\u00e9\u00a0en bas de son domicile parisien par des policiers en patrouille, a indiqu\u00e9 mercredi le parquet de Paris, confirmant une information du magazine\u00a0<a class=\"link\" href=\"https:\/\/www.parismatch.com\/actu\/politique\/info-match-philippe-mouiller-senateur-lr-retrouve-ivre-dans-la-rue-et-menotte-avoir-ete-agressif-avec-les-secours-258262?utm_campaign=mrf-twitter-ParisMatch&amp;mrfcid=2025100868e6086d3a751f6e7538dc20\" target=\"_blank\" rel=\"noopener\">Paris Match<\/a>. Il \u00e9tait ivre et bless\u00e9, avec\u00a0des contusions au nez, et s\u2019est montr\u00e9 agressif envers les secours qui sont venus l&rsquo;aider.<\/p>\n<p class=\"article-p mdl\">L&rsquo;homme de 56 ans, \u00e9galement pr\u00e9sident de la Commission des affaires sociales, a d&rsquo;abord \u00e9t\u00e9 menott\u00e9 apr\u00e8s avoir \u00ab\u00a0pr\u00e9sent\u00e9 une vive r\u00e9sistance aux policiers qui tentaient de le faire transporter \u00e0 l&rsquo;h\u00f4pital par les pompiers\u00a0\u00bb. Selon les informations de Paris Match, l&rsquo;homme politique a ensuite \u00e9t\u00e9\u00a0transf\u00e9r\u00e9 \u00e0 la Piti\u00e9-Salp\u00eatri\u00e8re.<\/p>\n<p class=\"article-p mdl\">Selon le parquet, le\u00a0<a class=\"link\" href=\"https:\/\/www.rtl.fr\/actu\/politique\/soumission-chimique-joel-guerriau-va-demissionner-de-son-poste-de-senateur-7900543704\" title=\"Soumission chimique : Jo\u00ebl Guerriau va d\u00e9missionner de son poste de s\u00e9nateur\" target=\"_blank\" rel=\"noopener\">s\u00e9nateur<\/a>, \u00e9lu depuis 2014, a ensuite \u00e9t\u00e9 ramen\u00e9 au commissariat du 5 et du 6e arrondissement. Il a \u00e9t\u00e9 \u00ab\u00a0reconduit en cellule de d\u00e9grisement, o\u00f9 il n&rsquo;a pas encore pu \u00eatre entendu\u00a0\u00bb sur les circonstances qui \u00ab\u00a0l&rsquo;auraient conduit \u00e0 cette situation\u00a0\u00bb.<\/p>\n<p>    La r\u00e9daction vous recommande<\/p>\n<p class=\"s-newsletter__title\">\n                L\u2019actualit\u00e9 par la r\u00e9daction de RTL dans votre bo\u00eete mail.\n            <\/p>\n<p class=\"s-newsletter__subtitle\">\n                Gr\u00e2ce \u00e0 votre compte RTL abonnez-vous \u00e0 la newsletter RTL info pour suivre toute l&rsquo;actualit\u00e9 au quotidien\n            <\/p>\n<p>\n                                    Lire la suite\n                                <\/p>\n","protected":false},"excerpt":{"rendered":"\u00ab\u00a0Il pr\u00e9sentait un \u00e9tat d\u2019ivresse publique manifeste et des marques de contusions sur le visage\u00a0\u00bb. T\u00f4t, mercredi 8&hellip;\n","protected":false},"author":2,"featured_media":448900,"comment_status":"","ping_status":"","sticky":false,"template":"","format":"standard","meta":{"footnotes":""},"categories":[2],"tags":[11,5702,107,1011,27,12,1072,316,25,1004],"class_list":{"0":"post-448899","1":"post","2":"type-post","3":"status-publish","4":"format-standard","5":"has-post-thumbnail","7":"category-actualites","8":"tag-actualites","9":"tag-alcool","10":"tag-fil-info","11":"tag-fr","12":"tag-france","13":"tag-news","14":"tag-police","15":"tag-politique","16":"tag-republique-francaise","17":"tag-senat"},"share_on_mastodon":{"url":"https:\/\/pubeurope.com\/@fr\/115341699529538728","error":""},"_links":{"self":[{"href":"https:\/\/www.europesays.com\/fr\/wp-json\/wp\/v2\/posts\/448899","targetHints":{"allow":["GET"]}}],"collection":[{"href":"https:\/\/www.europesays.com\/fr\/wp-json\/wp\/v2\/posts"}],"about":[{"href":"https:\/\/www.europesays.com\/fr\/wp-json\/wp\/v2\/types\/post"}],"author":[{"embeddable":true,"href":"https:\/\/www.europesays.com\/fr\/wp-json\/wp\/v2\/users\/2"}],"replies":[{"embeddable":true,"href":"https:\/\/www.europesays.com\/fr\/wp-json\/wp\/v2\/comments?post=448899"}],"version-history":[{"count":0,"href":"https:\/\/www.europesays.com\/fr\/wp-json\/wp\/v2\/posts\/448899\/revisions"}],"wp:featuredmedia":[{"embeddable":true,"href":"https:\/\/www.europesays.com\/fr\/wp-json\/wp\/v2\/media\/448900"}],"wp:attachment":[{"href":"https:\/\/www.europesays.com\/fr\/wp-json\/wp\/v2\/media?parent=448899"}],"wp:term":[{"taxonomy":"category","embeddable":true,"href":"https:\/\/www.europesays.com\/fr\/wp-json\/wp\/v2\/categories?post=448899"},{"taxonomy":"post_tag","embeddable":true,"href":"https:\/\/www.europesays.com\/fr\/wp-json\/wp\/v2\/tags?post=448899"}],"curies":[{"name":"wp","href":"https:\/\/api.w.org\/{rel}","templated":true}]}}