{"id":448915,"date":"2025-10-09T02:00:13","date_gmt":"2025-10-09T02:00:13","guid":{"rendered":"https:\/\/www.europesays.com\/fr\/448915\/"},"modified":"2025-10-09T02:00:13","modified_gmt":"2025-10-09T02:00:13","slug":"loin-de-buckingham-elle-reste-fidele-au-protocole-royal-avec-ce-code-beaute-digne-de-kate-middleton","status":"publish","type":"post","link":"https:\/\/www.europesays.com\/fr\/448915\/","title":{"rendered":"loin de Buckingham, elle reste fid\u00e8le au protocole royal avec ce code beaut\u00e9 digne de Kate Middleton"},"content":{"rendered":"<p>La<strong> Fashion Week de Paris<\/strong>, c\u2019est fini ! Apr\u00e8s plus d\u2019une semaine de bouillonnement, la capitale retrouve peu \u00e0 peu son rythme habituel. L\u00a0\u00bbheure du bilan a sonn\u00e9 : parmi les c\u00e9l\u00e9brit\u00e9s ayant le plus marqu\u00e9 l\u2019\u00e9v\u00e9nement, <strong><a href=\"https:\/\/www.grazia.fr\/mode\/looks-de-stars\/meghan-markle-44-ans-divine-en-total-look-blanc-elegant-elle-fait-une-apparition-remarquee-a-la-fashion-week-de-paris-1191215.html\" rel=\"nofollow noopener\" target=\"_blank\">Meghan Markle<\/a><\/strong> se distingue clairement. L\u2019apparition de <strong>l\u2019\u00e9pouse du prince Harry<\/strong> a \u00e9t\u00e9 aussi inattendue que remarqu\u00e9e !<\/p>\n<p>Celle qui n\u2019avait pas remis un pied en Europe depuis plus de 2 ans a fait sensation lors de son arriv\u00e9e <strong>au d\u00e9fil\u00e9 Balenciaga<\/strong>, moment cl\u00e9 du calendrier mode. Dans une tenue immacul\u00e9e, compos\u00e9e d&rsquo;un manteau cape fluide et d\u2019un pantalon large, la duchesse de Sussex a attir\u00e9 tous les regards&#8230; m\u00eame si beaucoup sont pass\u00e9s \u00e0 c\u00f4t\u00e9 de <strong>ce d\u00e9tail beaut\u00e9<\/strong> !<\/p>\n<p> Meghan Markle mise sur ce d\u00e9tail beaut\u00e9 que Kate Middleton aurait pu arborer <\/p>\n<p>Scrut\u00e9e de la t\u00eate aux pieds, <strong>Meghan Markle<\/strong> n\u2019a rien laiss\u00e9 au hasard pour briller lors de la semaine de la mode parisienne. Chic jusqu\u2019au bout des ongles, elle a mis\u00e9 sur<strong> un vernis nude impeccable<\/strong> pour mettre en valeur ses mains. Une manucure qui n\u2019est pas sans rappeler celles arbor\u00e9es par <strong>Kate Middleton<\/strong> elle-m\u00eame !\u00a0<\/p>\n<p>V\u00e9ritable instigatrice de la tendance \u2018<a href=\"https:\/\/www.grazia.fr\/beaute\/soins-visage-corps\/preferee-kate-middleton-voici-manucure-plus-chic-adopter-ongles-courts-1172602.html\" rel=\"nofollow noopener\" target=\"_blank\">Princess Nails<\/a>\u2019, la princesse de Galles a fait<strong> des teintes naturelles<\/strong> une v\u00e9ritable signature. Comme le veut le protocole royal britannique, <strong>Kate Middleton<\/strong> ne s\u2019\u00e9loigne jamais de ces nuances d\u00e9licates pour sublimer ses ongles, \u00e9vitant soigneusement les vernis trop vifs ou prononc\u00e9s.\u00a0<\/p>\n<blockquote class=\"instagram-media \" style=\"background: #ffffff;border: 0;margin: 1px;width: 100%;padding: 0;max-width: 500px;\" data-instgrm-permalink=\"https:\/\/www.instagram.com\/p\/DPbn9gfCN0-\/\" data-instgrm-version=\"14\"\/><p>    Les codes de beaut\u00e9 du protocole britannique ne sont pas r\u00e9serv\u00e9s aux membres de la famille royale ! <\/p>\n<p>Et <strong>Kate Middleton<\/strong> est loin d\u2019\u00eatre la seule \u00e0 se plier aux <strong>codes stricts du protocole<\/strong>. Pour l\u2019anecdote : jusqu\u2019\u00e0 la fin de sa vie, <strong>la reine Elisabeth II<\/strong> n\u2019a jur\u00e9 que par la r\u00e9f\u00e9rence Ballet Slippers de la marque Essie : un rose p\u00e2le d\u00e9licat \u00e0 l\u2019allure royale ! Au fil des ann\u00e9es, ce choix sobre est devenu un embl\u00e8me de <strong>l\u2019\u00e9l\u00e9gance britannique<\/strong>.<\/p>\n<p>M\u00eame loin de Buckingham, <strong>Meghan Markle<\/strong> reste fid\u00e8le \u00e0 certains <a href=\"https:\/\/www.grazia.fr\/beaute\/maquillage\/kate-middleton-pas-ose-charlene-monaco-capte-tous-regards-detail-beaute-ballon-dor-1188397.html\" target=\"_blank\" rel=\"noopener nofollow\"><strong>codes de beaut\u00e9<\/strong><\/a> h\u00e9rit\u00e9s de la famille royale, comme le vernis nude. Il va de soi que ces nuances raffin\u00e9es ne sont pas r\u00e9serv\u00e9es aux t\u00eates couronn\u00e9es, et heureusement d&rsquo;ailleurs ! Est-ce que cela signifie pour autant que <strong>la m\u00e8re d&rsquo; Archie et Lilibet <\/strong>regrette les exigences du protocole ? Rien n\u2019est moins s\u00fbr !<\/p>\n<p>                <script async src=\"\/\/www.instagram.com\/embed.js\"><\/script><\/p>\n","protected":false},"excerpt":{"rendered":"La Fashion Week de Paris, c\u2019est fini ! Apr\u00e8s plus d\u2019une semaine de bouillonnement, la capitale retrouve peu&hellip;\n","protected":false},"author":2,"featured_media":448916,"comment_status":"","ping_status":"","sticky":false,"template":"","format":"standard","meta":{"footnotes":""},"categories":[1359],"tags":[58,59,1011,27,973],"class_list":{"0":"post-448915","1":"post","2":"type-post","3":"status-publish","4":"format-standard","5":"has-post-thumbnail","7":"category-people","8":"tag-divertissement","9":"tag-entertainment","10":"tag-fr","11":"tag-france","12":"tag-people"},"share_on_mastodon":{"url":"https:\/\/pubeurope.com\/@fr\/115341743025266888","error":""},"_links":{"self":[{"href":"https:\/\/www.europesays.com\/fr\/wp-json\/wp\/v2\/posts\/448915","targetHints":{"allow":["GET"]}}],"collection":[{"href":"https:\/\/www.europesays.com\/fr\/wp-json\/wp\/v2\/posts"}],"about":[{"href":"https:\/\/www.europesays.com\/fr\/wp-json\/wp\/v2\/types\/post"}],"author":[{"embeddable":true,"href":"https:\/\/www.europesays.com\/fr\/wp-json\/wp\/v2\/users\/2"}],"replies":[{"embeddable":true,"href":"https:\/\/www.europesays.com\/fr\/wp-json\/wp\/v2\/comments?post=448915"}],"version-history":[{"count":0,"href":"https:\/\/www.europesays.com\/fr\/wp-json\/wp\/v2\/posts\/448915\/revisions"}],"wp:featuredmedia":[{"embeddable":true,"href":"https:\/\/www.europesays.com\/fr\/wp-json\/wp\/v2\/media\/448916"}],"wp:attachment":[{"href":"https:\/\/www.europesays.com\/fr\/wp-json\/wp\/v2\/media?parent=448915"}],"wp:term":[{"taxonomy":"category","embeddable":true,"href":"https:\/\/www.europesays.com\/fr\/wp-json\/wp\/v2\/categories?post=448915"},{"taxonomy":"post_tag","embeddable":true,"href":"https:\/\/www.europesays.com\/fr\/wp-json\/wp\/v2\/tags?post=448915"}],"curies":[{"name":"wp","href":"https:\/\/api.w.org\/{rel}","templated":true}]}}