{"id":448921,"date":"2025-10-09T02:03:17","date_gmt":"2025-10-09T02:03:17","guid":{"rendered":"https:\/\/www.europesays.com\/fr\/448921\/"},"modified":"2025-10-09T02:03:17","modified_gmt":"2025-10-09T02:03:17","slug":"cyril-hanouna-a-saint-tropez-tellement-un-chroniqueur-balance-sur-sa-villa-hors-sol","status":"publish","type":"post","link":"https:\/\/www.europesays.com\/fr\/448921\/","title":{"rendered":"Cyril Hanouna \u00e0 Saint Tropez : \u201cTellement\u2026\u201d, un chroniqueur balance sur sa villa hors sol"},"content":{"rendered":"<p>Des informations sur le train de vie de <a href=\"https:\/\/www.closermag.fr\/people\/cyril-hanouna-complaisant-ses-liens-avec-emmanuel-macron-ne-semblent-plus-faire-de-doute-3585300\" target=\"_blank\" rel=\"noopener\"><br \/>\nCyril Hanouna<\/a> ont \u00e9t\u00e9 r\u00e9v\u00e9l\u00e9es par le chroniqueur Matthieu<br \/>\nDelormeau, en directe sur <a href=\"https:\/\/www.closermag.fr\/people\/cyril-hanouna-complaisant-ses-liens-avec-emmanuel-macron-ne-semblent-plus-faire-de-doute-3585300\" target=\"_blank\" rel=\"noopener\"><br \/>\nW9<\/a>, ce mercredi 8 octobre. Alors que le pr\u00e9sentateur \u00e9voquait<br \/>\nses vacances \u00e0 Saint-Tropez, chez lui, avec un autre chroniqueur,<br \/>\nMatthieu Delormeau s\u2019est permis une remarque piquante, comme \u00e0 son<br \/>\nhabitude.\u00a0<\/p>\n<p>L\u2019animateur racontait son \u00e9t\u00e9 pass\u00e9 dans le sud avec <a href=\"https:\/\/www.closermag.fr\/tv_tele_realite\/ca-chauffe-entre-sarah-saldman-et-raymond-aabou-on-ne-sait-plus-ou-se-cacher-meme-cyril-hanouna-est-gene-3522768\" target=\"_blank\" rel=\"noopener\"><br \/>\nRaymond Aabou<\/a>. Mais Matthieu Delormeau, de retour dans<br \/>\nl\u2019\u00e9mission, a voulu en savoir plus : \u201cIl \u00e9tait chez vous \u00e0<br \/>\nSaint-Tropez ?\u201d. Sans h\u00e9siter, Raymond a r\u00e9pondu : \u201cBah<br \/>\noui, il est con !\u201d avant d\u2019ajouter : \u201cIl habite \u00e0<br \/>\nSaint-Tropez, tu veux que je loue quoi \u00e0 Saint-Tropez moi ? Une<br \/>\ntonnelle ?\u201d<\/p>\n<p>Une villa qui fait parler d&rsquo;elle<\/p>\n<p>Cyril Hanouna a confirm\u00e9 : \u201cIl habitait chez moi, je l\u2019ai<br \/>\npas vue de l\u2019\u00e9t\u00e9.\u201d Les deux amis ont expliqu\u00e9 qu\u2019ils n\u2019avaient<br \/>\npas les m\u00eames rythmes en vacances. L\u2019un est sportif, l\u2019autre<br \/>\nbeaucoup plus tranquille. Une diff\u00e9rence de style qui a fait rire<br \/>\nles chroniqueurs sur le plateau.\u00a0<\/p>\n<p>Matthieu Delormeau, amus\u00e9, a alors l\u00e2ch\u00e9 : \u201cC\u2019est tellement<br \/>\ngrand.\u201d Une remarque qui sous-entendait la taille<br \/>\nimpressionnante de la villa de l\u2019animateur. Cyril Hanouna, fid\u00e8le \u00e0<br \/>\nlui-m\u00eame, a simplement r\u00e9pondu : \u201cNon.\u201d avant d\u2019ignorer la pique,<br \/>\npr\u00e9f\u00e9rant passer \u00e0 autre chose.<\/p>\n<p>Matthieu Delormeau, un retour remarqu\u00e9<br \/>\nsur W9<\/p>\n<p>Depuis son d\u00e9part de Touche pas \u00e0 mon poste en 2023, Matthieu<br \/>\nDelormeau avait travers\u00e9 une p\u00e9riode compliqu\u00e9e. Entre d\u00e9m\u00eal\u00e9s avec<br \/>\nla justice et absence prolong\u00e9e \u00e0 la t\u00e9l\u00e9vision, il semblait loin<br \/>\nde ses ann\u00e9es de gloire.<\/p>\n<p>Mais depuis la rentr\u00e9e, l\u2019ancien animateur de <a href=\"https:\/\/www.closermag.fr\/tv_tele_realite\/trop-envie-de-coucher-avec-toi-matthieu-delormeau-affiche-son-nouveau-look-dans-tbt9-et-ca-ne-laisse-insensible-3584304\" target=\"_blank\" rel=\"noopener\"><br \/>\nNRJ12<\/a> a fait son grand retour sur W9. Plus apais\u00e9, il a confi\u00e9<br \/>\nr\u00e9cemment : \u201cPour la premi\u00e8re fois depuis un an et demi, mon<br \/>\npsychiatre a diminu\u00e9 mon traitement.\u201d Un aveu sinc\u00e8re qui a<br \/>\ntouch\u00e9 le pr\u00e9sentateur de l\u2019\u00e9mission Tout Beau Tout N9uf : \u201cAh<br \/>\nmon b\u00e9b\u00e9, t\u2019es bien l\u00e0. T\u2019es beau.\u201d\u00a0Un commentaire qui<br \/>\nt\u00e9moigne de la complicit\u00e9 entre les deux hommes.\u00a0<\/p>\n<p>Aujourd\u2019hui, <a href=\"https:\/\/www.closermag.fr\/tv_tele_realite\/trop-envie-de-coucher-avec-toi-matthieu-delormeau-affiche-son-nouveau-look-dans-tbt9-et-ca-ne-laisse-insensible-3584304\" target=\"_blank\" rel=\"noopener\"><br \/>\nMatthieu Delormeau<\/a> semble aller mieux et reprend peu \u00e0 peu sa<br \/>\nplace dans le paysage t\u00e9l\u00e9. Toujours aussi taquin, il n\u2019a pas<br \/>\nh\u00e9sit\u00e9 \u00e0 plaisanter sur la vie luxueuse de son ancien patron. Un<br \/>\n\u00e9change bon enfant, qui a rappel\u00e9 l\u2019\u00e9poque o\u00f9 les deux faisaient<br \/>\nles beaux jours de TPMP.<\/p>\n","protected":false},"excerpt":{"rendered":"Des informations sur le train de vie de Cyril Hanouna ont \u00e9t\u00e9 r\u00e9v\u00e9l\u00e9es par le chroniqueur Matthieu Delormeau,&hellip;\n","protected":false},"author":2,"featured_media":448922,"comment_status":"","ping_status":"","sticky":false,"template":"","format":"standard","meta":{"footnotes":""},"categories":[1356],"tags":[1083,58,59,1011,27,7830,252,22497,49534,1364],"class_list":{"0":"post-448921","1":"post","2":"type-post","3":"status-publish","4":"format-standard","5":"has-post-thumbnail","7":"category-television","8":"tag-cyril-hanouna","9":"tag-divertissement","10":"tag-entertainment","11":"tag-fr","12":"tag-france","13":"tag-matthieu-delormeau","14":"tag-television","15":"tag-tout-beau","16":"tag-tout-n9uf","17":"tag-tv"},"share_on_mastodon":{"url":"https:\/\/pubeurope.com\/@fr\/115341754890854947","error":""},"_links":{"self":[{"href":"https:\/\/www.europesays.com\/fr\/wp-json\/wp\/v2\/posts\/448921","targetHints":{"allow":["GET"]}}],"collection":[{"href":"https:\/\/www.europesays.com\/fr\/wp-json\/wp\/v2\/posts"}],"about":[{"href":"https:\/\/www.europesays.com\/fr\/wp-json\/wp\/v2\/types\/post"}],"author":[{"embeddable":true,"href":"https:\/\/www.europesays.com\/fr\/wp-json\/wp\/v2\/users\/2"}],"replies":[{"embeddable":true,"href":"https:\/\/www.europesays.com\/fr\/wp-json\/wp\/v2\/comments?post=448921"}],"version-history":[{"count":0,"href":"https:\/\/www.europesays.com\/fr\/wp-json\/wp\/v2\/posts\/448921\/revisions"}],"wp:featuredmedia":[{"embeddable":true,"href":"https:\/\/www.europesays.com\/fr\/wp-json\/wp\/v2\/media\/448922"}],"wp:attachment":[{"href":"https:\/\/www.europesays.com\/fr\/wp-json\/wp\/v2\/media?parent=448921"}],"wp:term":[{"taxonomy":"category","embeddable":true,"href":"https:\/\/www.europesays.com\/fr\/wp-json\/wp\/v2\/categories?post=448921"},{"taxonomy":"post_tag","embeddable":true,"href":"https:\/\/www.europesays.com\/fr\/wp-json\/wp\/v2\/tags?post=448921"}],"curies":[{"name":"wp","href":"https:\/\/api.w.org\/{rel}","templated":true}]}}