{"id":448925,"date":"2025-10-09T02:05:32","date_gmt":"2025-10-09T02:05:32","guid":{"rendered":"https:\/\/www.europesays.com\/fr\/448925\/"},"modified":"2025-10-09T02:05:32","modified_gmt":"2025-10-09T02:05:32","slug":"terry-gilliam-pense-que-ca-ne-se-fera-jamais","status":"publish","type":"post","link":"https:\/\/www.europesays.com\/fr\/448925\/","title":{"rendered":"Terry Gilliam pense que \u00e7a ne se fera jamais"},"content":{"rendered":"<p><strong><a href=\"https:\/\/www.ecranlarge.com\/personnalite\/653177-johnny-depp\" data-type=\"people\" data-id=\"2123\" target=\"_blank\" rel=\"noopener\">Johnny Depp<\/a>, <a href=\"https:\/\/www.ecranlarge.com\/personnalite\/657424-jeff-bridges\" data-type=\"people\" data-id=\"14329\" target=\"_blank\" rel=\"noopener\">Jeff Bridges<\/a>, <a href=\"https:\/\/www.ecranlarge.com\/personnalite\/798785-adam-driver\" data-type=\"people\" data-id=\"434658\" target=\"_blank\" rel=\"noopener\">Adam Driver<\/a> et <a href=\"https:\/\/www.ecranlarge.com\/personnalite\/720453-jason-momoa\" data-type=\"people\" data-id=\"8220\" target=\"_blank\" rel=\"noopener\">Jason Momoa<\/a> devant la cam\u00e9ra de <a href=\"https:\/\/www.ecranlarge.com\/personnalite\/660806-terry-gilliam\" data-type=\"people\" data-id=\"312172\" target=\"_blank\" rel=\"noopener\">Terry Gilliam<\/a> : c\u2019\u00e9tait le programme de <a href=\"https:\/\/www.ecranlarge.com\/films\/1497676-the-carnival-at-the-end-of-days\" data-type=\"films\" data-id=\"796433\" target=\"_blank\" rel=\"noopener\">Carnival at the End of Days<\/a>, finalement probablement annul\u00e9.<\/strong><\/p>\n<p>Le plus prolifique des ex-Monty Python, Terry Gilliam, est un grand sp\u00e9cialiste des projets tr\u00e8s, voire trop, ambitieux. Des fois, \u00e7a donne des petits miracles de cin\u00e9ma, des films baroques et dystopiques, comme <strong>Brazil<\/strong>. Des fois, \u00e7a donne des ann\u00e9es d\u2019errance artistique (et un super documentaire), comme pour <strong>L\u2019Homme qui tua Don Quichotte<\/strong>, finalement sorti en 2018. Et des fois, \u00e7a ne donne\u2026 <strong>rien<\/strong>, comme dans le cas de <strong>The Defective Detective<\/strong> et son adaptation du <strong>Conte de deux cit\u00e9s<\/strong>.<\/p>\n<p>                    <img decoding=\"async\" alt=\"\" class=\"wp-image-518375\" style=\"object-fit:cover;width:25px;height:25px\" src=\"https:\/\/www.ecranlarge.com\/content\/uploads\/2023\/09\/arrow-right-circle.svg\"\/><\/p>\n<p>Son dernier projet en date, <strong>Carnival at the End of Days<\/strong>, <strong>semble appartenir \u00e0 la derni\u00e8re cat\u00e9gorie<\/strong>, malgr\u00e9 son casting ultra-prestigieux.<\/p>\n<p><a href=\"https:\/\/www.ecranlarge.com\/content\/uploads\/2018\/05\/l-homme-qui-tua-don-quichotte-photo-adam-driver-jonathan-pryce-1022401.jpg\" target=\"_blank\" rel=\"noopener\"><img loading=\"lazy\" decoding=\"async\" alt=\"L'Homme qui tua Don Quichotte : Photo Adam Driver, Jonathan Pryce\" class=\"wp-image-42779\" src=\"https:\/\/www.europesays.com\/fr\/wp-content\/uploads\/2025\/10\/l-homme-qui-tua-don-quichotte-photo-adam-driver-jonathan-pryce-1022401-630x420.jpg\" width=\"630\" height=\"420\"  \/><\/a>L\u2019Homme qui tua Don Quichotte, d\u00e9j\u00e0 avec Johnny Depp, qui a mis plus de 15 ans \u00e0 se concr\u00e9tiserTerry Gilliam at the end of Days<\/p>\n<p><strong>Carnival at the End of Days<\/strong> n\u2019est rien de moins qu\u2019<strong>une com\u00e9die sur l\u2019histoire d\u2019Adam et Eve<\/strong>, co\u00e9crite par Christopher Brett Bailey. L\u2019\u00e9quipe se pr\u00e9parait \u00e0 un tournage en Italie, afin de b\u00e9n\u00e9ficier des imp\u00f4ts locaux. Et surtout, le casting est \u00e0 lui seul un fantasme hollywoodien : Johnny Depp dans le r\u00f4le de Satan, Jeff Bridges dans celui de Dieu, en plus d\u2019Adam Driver, Jason Momoa, Tom Waits, Asa Butterfield et Emma Laird (Adam et Eve ?).<\/p>\n<p>\u00c7a, c\u2019est ce qu\u2019on savait avant le mois d\u2019octobre 2025. Le 2, le compte YouTube des Monty Python a publi\u00e9 une longue interview de Gilliam \u00e0 l\u2019occasion des 50 ans de <strong>Sacr\u00e9 Graal !<\/strong>. Le cin\u00e9aste a donn\u00e9 des nouvelles, <strong>et elles ne sont pas bonnes<\/strong> :<\/p>\n<blockquote class=\"wp-block-quote is-layout-flow wp-block-quote-is-layout-flow\">\n<p><strong>\u00ab\u00a0Je pensais qu\u2019on avait l\u2019argent, on avait le casting, c\u2019\u00e9tait magnifique. Et \u00e7a s\u2019effondre actuellement. [\u2026] Je ne pense pas que \u00e7a va arriver. Dans le monde ind\u00e9pendant, vous trouvez tellement d\u2019arnaqueurs int\u00e9ressants. Ils vous promettent la lune et la lune n\u2019arrive pas. Je pense que celui-ci n\u2019arrivera pas. C\u2019est probablement la premi\u00e8re fois que je le dis publiquement. Donc \u00e7a m\u2019inqui\u00e8te de le dire \u2013 \u00e7a va probablement le tuer.\u00a0\u00bb<\/strong><\/p>\n<\/blockquote>\n<p><a href=\"https:\/\/www.ecranlarge.com\/content\/uploads\/2022\/05\/las-vegas-parano-photo-1433247.jpg\" target=\"_blank\" rel=\"noopener\"><img loading=\"lazy\" decoding=\"async\" alt=\"Las Vegas Parano : photo\" class=\"wp-image-260417\" src=\"https:\/\/www.europesays.com\/fr\/wp-content\/uploads\/2025\/10\/las-vegas-parano-photo-1433247-630x430.jpg\" width=\"630\" height=\"430\"  \/><\/a>Johnny Depp d\u00e9j\u00e0 chez Terry Gilliam dans Las Vegas Parano<\/p>\n<p>Visiblement, c\u2019est au niveau des partenaires financiers italiens que \u00e7a coince, comme souvent dans ce cas. Foutu pour foutu,<strong> le r\u00e9alisateur a donn\u00e9 un peu plus de d\u00e9tails sur l\u2019intrigue<\/strong> :<\/p>\n<blockquote class=\"wp-block-quote is-layout-flow wp-block-quote-is-layout-flow\">\n<p><strong>\u00ab\u00a0C\u2019est Dieu qui d\u00e9cide de d\u00e9truire l\u2019humanit\u00e9, la rayer de la carte, pour avoir niqu\u00e9 son beau jardin, la Terre. C\u2019est une com\u00e9die, bien s\u00fbr. Le seul personnage qui veut faire quelque chose pour sauver l\u2019humanit\u00e9, c\u2019est Satan. Parce que sans l\u2019humanit\u00e9, il perd son boulot. [\u2026] Il essaie de convaincre Dieu qu\u2019il a trouv\u00e9 de nouveaux Adam et Eve.\u00a0\u00bb<\/strong><\/p>\n<\/blockquote>\n<p>Un pitch all\u00e9chant, pile dans l\u2019univers du r\u00e9alisateur, d\u00e9sormais \u00e2g\u00e9 de 84 ans. \u00c9tant donn\u00e9 qu\u2019il a travaill\u00e9 cinq ans sur le film, il est possible que <strong>L\u2019Homme qui tua Don Quichotte<\/strong> soit le dernier de sa riche carri\u00e8re. Quoiqu\u2019avec lui, il ne faut jurer de rien.<\/p>\n","protected":false},"excerpt":{"rendered":"Johnny Depp, Jeff Bridges, Adam Driver et Jason Momoa devant la cam\u00e9ra de Terry Gilliam : c\u2019\u00e9tait le&hellip;\n","protected":false},"author":2,"featured_media":448926,"comment_status":"","ping_status":"","sticky":false,"template":"","format":"standard","meta":{"footnotes":""},"categories":[1354],"tags":[58,59,1346,1011,27,1360],"class_list":{"0":"post-448925","1":"post","2":"type-post","3":"status-publish","4":"format-standard","5":"has-post-thumbnail","7":"category-films","8":"tag-divertissement","9":"tag-entertainment","10":"tag-films","11":"tag-fr","12":"tag-france","13":"tag-movies"},"share_on_mastodon":{"url":"https:\/\/pubeurope.com\/@fr\/115341763101297872","error":""},"_links":{"self":[{"href":"https:\/\/www.europesays.com\/fr\/wp-json\/wp\/v2\/posts\/448925","targetHints":{"allow":["GET"]}}],"collection":[{"href":"https:\/\/www.europesays.com\/fr\/wp-json\/wp\/v2\/posts"}],"about":[{"href":"https:\/\/www.europesays.com\/fr\/wp-json\/wp\/v2\/types\/post"}],"author":[{"embeddable":true,"href":"https:\/\/www.europesays.com\/fr\/wp-json\/wp\/v2\/users\/2"}],"replies":[{"embeddable":true,"href":"https:\/\/www.europesays.com\/fr\/wp-json\/wp\/v2\/comments?post=448925"}],"version-history":[{"count":0,"href":"https:\/\/www.europesays.com\/fr\/wp-json\/wp\/v2\/posts\/448925\/revisions"}],"wp:featuredmedia":[{"embeddable":true,"href":"https:\/\/www.europesays.com\/fr\/wp-json\/wp\/v2\/media\/448926"}],"wp:attachment":[{"href":"https:\/\/www.europesays.com\/fr\/wp-json\/wp\/v2\/media?parent=448925"}],"wp:term":[{"taxonomy":"category","embeddable":true,"href":"https:\/\/www.europesays.com\/fr\/wp-json\/wp\/v2\/categories?post=448925"},{"taxonomy":"post_tag","embeddable":true,"href":"https:\/\/www.europesays.com\/fr\/wp-json\/wp\/v2\/tags?post=448925"}],"curies":[{"name":"wp","href":"https:\/\/api.w.org\/{rel}","templated":true}]}}