{"id":448988,"date":"2025-10-09T02:44:13","date_gmt":"2025-10-09T02:44:13","guid":{"rendered":"https:\/\/www.europesays.com\/fr\/448988\/"},"modified":"2025-10-09T02:44:13","modified_gmt":"2025-10-09T02:44:13","slug":"le-lyonnais-frederic-merlin-effraie-la-banque-des-territoires-qui-parle-dune-rupture-de-confiance","status":"publish","type":"post","link":"https:\/\/www.europesays.com\/fr\/448988\/","title":{"rendered":"le lyonnais Fr\u00e9d\u00e9ric Merlin effraie la Banque des Territoires qui parle d&rsquo;une \u00ab\u00a0rupture de confiance\u00a0\u00bb"},"content":{"rendered":"<p itemprop=\"description\"><strong>Fr\u00e9d\u00e9ric Merlin va-t-il se mordre les doigts d&rsquo;avoir accepter d&rsquo;accueillir au BHV la marque asiatique Shein ?<\/strong><\/p>\n<p>L&rsquo;homme d&rsquo;affaires lyonnais, qui exploite les lieux avec la Soci\u00e9t\u00e9 des Grands Magasins, vient d&rsquo;apprendre que la Banque des Territoires se retirait des n\u00e9gociations pour racheter les murs du BHV Marais \u00e0 Paris.<\/p>\n<p>\u00ab\u00a0Cette d\u00e9cision fait suite \u00e0 l&rsquo;annonce d&rsquo;un partenariat conclu entre la SGM et Shein, entreprise dont le mod\u00e8le ne correspond pas aux valeurs et \u00e0 la doctrine d&rsquo;action de la Banque des territoires\u00a0\u00bb, a d\u00e9clar\u00e9 l&rsquo;entit\u00e9 de la Caisse des d\u00e9p\u00f4ts.<\/p>\n<p>La Banque des territoires \u00e9voque m\u00eame une \u00ab\u00a0rupture de confiance\u00a0\u00bb puisqu&rsquo;elle aurait \u00ab\u00a0pris connaissance de ce partenariat (avec Shein ndlr) par voie de presse, sans aucune information pr\u00e9alable, entrainant en cons\u00e9quence une rupture de confiance entre les deux parties\u00a0\u00bb.<\/p>\n<p>Au Figaro, Fr\u00e9d\u00e9ric Merlin estime que la Caisse des D\u00e9p\u00f4ts a \u00e9t\u00e9 victime de \u00ab\u00a0pression politique\u00a0\u00bb. Selon lui, ce retrait ne signifie pas la fin de la transaction, puisque d&rsquo;autres acqu\u00e9reurs potentiels seraient sur les rangs.<\/p>\n<p>Un nouveau coup dur pour le Lyonnais, apr\u00e8s le refus net et non justifi\u00e9 d&rsquo;Anne Hidalgo de refuser le naming BHV pour l&rsquo;enceinte du Stade Fran\u00e7ais.<\/p>\n","protected":false},"excerpt":{"rendered":"Fr\u00e9d\u00e9ric Merlin va-t-il se mordre les doigts d&rsquo;avoir accepter d&rsquo;accueillir au BHV la marque asiatique Shein ? L&rsquo;homme&hellip;\n","protected":false},"author":2,"featured_media":448989,"comment_status":"","ping_status":"","sticky":false,"template":"","format":"standard","meta":{"footnotes":""},"categories":[1889],"tags":[1111,11,2813,2190,2430,1109,251,1112,2811,1777,674,118,1011,27,1922,1110,1114,2428,2810,12,241,316,25,2812,517,800],"class_list":{"0":"post-448988","1":"post","2":"type-post","3":"status-publish","4":"format-standard","5":"has-post-thumbnail","7":"category-lyon","8":"tag-actu","9":"tag-actualites","10":"tag-article","11":"tag-asvel","12":"tag-auvergne-rhone-alpes","13":"tag-breves","14":"tag-culture","15":"tag-depeches","16":"tag-economique","17":"tag-eu","18":"tag-europe","19":"tag-faits-divers","20":"tag-fr","21":"tag-france","22":"tag-info","23":"tag-informations","24":"tag-infos","25":"tag-lyon","26":"tag-lyonmag","27":"tag-news","28":"tag-ol","29":"tag-politique","30":"tag-republique-francaise","31":"tag-sociale","32":"tag-sport","33":"tag-transports"},"share_on_mastodon":{"url":"https:\/\/pubeurope.com\/@fr\/115341915834704965","error":""},"_links":{"self":[{"href":"https:\/\/www.europesays.com\/fr\/wp-json\/wp\/v2\/posts\/448988","targetHints":{"allow":["GET"]}}],"collection":[{"href":"https:\/\/www.europesays.com\/fr\/wp-json\/wp\/v2\/posts"}],"about":[{"href":"https:\/\/www.europesays.com\/fr\/wp-json\/wp\/v2\/types\/post"}],"author":[{"embeddable":true,"href":"https:\/\/www.europesays.com\/fr\/wp-json\/wp\/v2\/users\/2"}],"replies":[{"embeddable":true,"href":"https:\/\/www.europesays.com\/fr\/wp-json\/wp\/v2\/comments?post=448988"}],"version-history":[{"count":0,"href":"https:\/\/www.europesays.com\/fr\/wp-json\/wp\/v2\/posts\/448988\/revisions"}],"wp:featuredmedia":[{"embeddable":true,"href":"https:\/\/www.europesays.com\/fr\/wp-json\/wp\/v2\/media\/448989"}],"wp:attachment":[{"href":"https:\/\/www.europesays.com\/fr\/wp-json\/wp\/v2\/media?parent=448988"}],"wp:term":[{"taxonomy":"category","embeddable":true,"href":"https:\/\/www.europesays.com\/fr\/wp-json\/wp\/v2\/categories?post=448988"},{"taxonomy":"post_tag","embeddable":true,"href":"https:\/\/www.europesays.com\/fr\/wp-json\/wp\/v2\/tags?post=448988"}],"curies":[{"name":"wp","href":"https:\/\/api.w.org\/{rel}","templated":true}]}}