{"id":448990,"date":"2025-10-09T02:45:20","date_gmt":"2025-10-09T02:45:20","guid":{"rendered":"https:\/\/www.europesays.com\/fr\/448990\/"},"modified":"2025-10-09T02:45:20","modified_gmt":"2025-10-09T02:45:20","slug":"on-met-un-pull-si-on-a-froid-retorque-un-elu-ecologiste","status":"publish","type":"post","link":"https:\/\/www.europesays.com\/fr\/448990\/","title":{"rendered":"\u00abOn met un pull si on a froid\u00bb, r\u00e9torque un \u00e9lu \u00e9cologiste"},"content":{"rendered":"<p>\n    La p\u00e9riode de chauffe des \u00e9coles ne commence qu\u2019apr\u00e8s les vacances de la Toussaint, explique l\u2019adjoint \u00e0 l\u2019\u00c9ducation du 8e arrondissement o\u00f9 les temp\u00e9ratures ont d\u00e9j\u00e0 chut\u00e9 dans les classes en raison de l\u2019a\u00e9ration matinale.<\/p>\n<p class=\"fig-paragraph\">\u00abChers parents, il fait actuellement tr\u00e8s froid dans les classes (13\u00b0C ce matin pour certaines)\u00a0\u00bb. Le petit mot griffonn\u00e9 au feutre vert sur papier A4 et placard\u00e9 \u00e0 l\u2019entr\u00e9e de\u00a0<a href=\"http:\/\/www.lefigaro.fr\/lyon\/apres-la-polemique-le-nouveau-periscolaire-au-banc-d-essai-a-lyon-20240925\" data-fig-type=\"NewsFlash\" data-gtm-custom-categorie=\"navigation\" data-gtm-custom-action=\"crossclick\" data-gtm-custom-label=\"Contextuel\" data-gtm-event=\"customEventSPE\" data-fig-domain=\"LEFIGARO\" rel=\"nofollow noopener\" target=\"_blank\">l\u2019\u00e9cole primaire<\/a>\u00a0Jean Mermoz s\u2019est rapidement retrouv\u00e9 sur un groupe Facebook de vie de quartier. Il invitait les parents \u00e0 \u00abcontacter les services municipaux pour r\u00e9gler ce probl\u00e8me\u00bb. Mais ce ne fut pas la peine, l\u2019adjoint au maire du\u00a0<a href=\"http:\/\/www.lefigaro.fr\/lyon\/mort-l-arabe-rentrez-chez-vous-des-tags-racistes-visent-un-restaurant-halal-a-lyon-20250828\" data-fig-type=\"NewsFlash\" data-gtm-custom-categorie=\"navigation\" data-gtm-custom-action=\"crossclick\" data-gtm-custom-label=\"Contextuel\" data-gtm-event=\"customEventSPE\" data-fig-domain=\"LEFIGARO\" rel=\"nofollow noopener\" target=\"_blank\">8e arrondissement<\/a>\u00a0en charge de l\u2019\u00e9ducation, Patrick Odiard (EELV), ayant directement r\u00e9agi, un brin agac\u00e9.<\/p>\n<p class=\"fig-paragraph\">\u00abLa p\u00e9riode de chauffe des b\u00e2timents municipaux (\u00e9coles, cr\u00e8ches, salles municipales, mairies, h\u00f4tel de ville, etc.) commence toujours (depuis des ann\u00e9es, bien avant 2020&#8230;) apr\u00e8s les vacances d\u2019automne. En attendant\u2026 On met un pull si on a froid\u00bb, a-t-il \u00e9crit en r\u00e9ponse aux inqui\u00e9tudes. Si l\u2019\u00e9lu reconna\u00eet aupr\u00e8s du Figaro une \u00abphrase maladroite\u00bb, certains internautes valident sa position. Lui-m\u00eame enseignant, Patrick Odiard souligne que \u00abdepuis le covid, les classes sont a\u00e9r\u00e9es le matin pour la sant\u00e9 des enfants\u00bb, faisant logiquement baisser la temp\u00e9rature.<\/p>\n<p>                                    <a class=\"fig-a11y-skip a11y-hidden\" href=\"#fig-a11y-skip-main-inarticle\"><br \/>\n        Passer la publicit\u00e9<br \/>\n    <\/a><\/p>\n<p>Des dizaines de milliers d\u2019euros d\u2019\u00e9conomies<\/p>\n<p class=\"fig-paragraph\">\u00abJe travaille dans une \u00e9cole \u00ab\u00a0passoire thermique\u00a0\u00bb qui n\u2019a pas encore \u00e9t\u00e9 r\u00e9nov\u00e9e, avec donc toutes les conditions d\u00e9favorables en pareille situation, racontait l\u2019\u00e9lu dans son post Facebook. Je suis dans ma classe entre 3\/4 d\u2019heure et 1\/2 heure avant l\u2019arriv\u00e9e des \u00e9l\u00e8ves. Quand ils entrent en classe, il fait d\u00e9j\u00e0 moins frais que lorsque j\u2019arrive. Je trouve lamentable d\u2019affoler les parents par un tel affichage\u00bb. Il assure n\u2019avoir re\u00e7u aucune r\u00e9clamation des 28 \u00e9coles de l\u2019arrondissement.<\/p>\n<p class=\"fig-body-link\">\n            \u00c0 lire aussi<br \/>\n        <a class=\"fig-body-link__link\" href=\"http:\/\/www.lefigaro.fr\/lyon\/eau-polluee-au-plomb-dans-les-ecoles-et-creches-de-lyon-deux-ans-apres-l-origine-est-toujours-inconnue-20250805\" data-fig-type=\"NewsFlash\" data-gtm-custom-categorie=\"navigation\" data-gtm-custom-action=\"crossclick\" data-gtm-custom-label=\"Contextuel\" data-gtm-event=\"customEventSPE\" data-fig-domain=\"LEFIGARO\" rel=\"nofollow noopener\" target=\"_blank\">Eau pollu\u00e9e au plomb dans les \u00e9coles et cr\u00e8ches de Lyon\u00a0: deux ans apr\u00e8s, l\u2019origine est toujours inconnue<br \/>\n    <\/a>\n<\/p>\n<p class=\"fig-paragraph\">\u00c0 Lyon, les chauffages des 207 \u00e9coles et autres b\u00e2timents publics sont lanc\u00e9s aux vacances de la Toussaint, \u00abafin d\u2019avoir le temps de d\u00e9celer et corriger d\u2019\u00e9ventuels probl\u00e8mes de chaudi\u00e8re pour la rentr\u00e9e\u00bb, indique Patrick Odiard au Figaro.\u00abEt cela ne date pas des \u00e9cologistes\u00bb. \u00abCe d\u00e9calage de quelques semaines de la mise en route du chauffage se chiffre en dizaines de milliers d\u2019euros dans le budget de la Ville\u00bb, pr\u00e9cise-t-il.<\/p>\n<p class=\"fig-paragraph\">En cas de vague de froid exceptionnel, le calendrier peut \u00eatre ajust\u00e9. Ce n\u2019est pas le cas cette ann\u00e9e, puisque les temp\u00e9ratures oscillent actuellement entre 10\u00b0C le matin et 20\u00b0C l\u2019apr\u00e8s-midi \u00e0 Lyon.<\/p>\n","protected":false},"excerpt":{"rendered":"La p\u00e9riode de chauffe des \u00e9coles ne commence qu\u2019apr\u00e8s les vacances de la Toussaint, explique l\u2019adjoint \u00e0 l\u2019\u00c9ducation&hellip;\n","protected":false},"author":2,"featured_media":448991,"comment_status":"","ping_status":"","sticky":false,"template":"","format":"standard","meta":{"footnotes":""},"categories":[1889],"tags":[1111,11,2430,1122,2339,1777,674,1011,27,2428,12,25],"class_list":{"0":"post-448990","1":"post","2":"type-post","3":"status-publish","4":"format-standard","5":"has-post-thumbnail","7":"category-lyon","8":"tag-actu","9":"tag-actualites","10":"tag-auvergne-rhone-alpes","11":"tag-ecole","12":"tag-ecologistes","13":"tag-eu","14":"tag-europe","15":"tag-fr","16":"tag-france","17":"tag-lyon","18":"tag-news","19":"tag-republique-francaise"},"share_on_mastodon":{"url":"https:\/\/pubeurope.com\/@fr\/115341919701565364","error":""},"_links":{"self":[{"href":"https:\/\/www.europesays.com\/fr\/wp-json\/wp\/v2\/posts\/448990","targetHints":{"allow":["GET"]}}],"collection":[{"href":"https:\/\/www.europesays.com\/fr\/wp-json\/wp\/v2\/posts"}],"about":[{"href":"https:\/\/www.europesays.com\/fr\/wp-json\/wp\/v2\/types\/post"}],"author":[{"embeddable":true,"href":"https:\/\/www.europesays.com\/fr\/wp-json\/wp\/v2\/users\/2"}],"replies":[{"embeddable":true,"href":"https:\/\/www.europesays.com\/fr\/wp-json\/wp\/v2\/comments?post=448990"}],"version-history":[{"count":0,"href":"https:\/\/www.europesays.com\/fr\/wp-json\/wp\/v2\/posts\/448990\/revisions"}],"wp:featuredmedia":[{"embeddable":true,"href":"https:\/\/www.europesays.com\/fr\/wp-json\/wp\/v2\/media\/448991"}],"wp:attachment":[{"href":"https:\/\/www.europesays.com\/fr\/wp-json\/wp\/v2\/media?parent=448990"}],"wp:term":[{"taxonomy":"category","embeddable":true,"href":"https:\/\/www.europesays.com\/fr\/wp-json\/wp\/v2\/categories?post=448990"},{"taxonomy":"post_tag","embeddable":true,"href":"https:\/\/www.europesays.com\/fr\/wp-json\/wp\/v2\/tags?post=448990"}],"curies":[{"name":"wp","href":"https:\/\/api.w.org\/{rel}","templated":true}]}}