{"id":448996,"date":"2025-10-09T02:49:14","date_gmt":"2025-10-09T02:49:14","guid":{"rendered":"https:\/\/www.europesays.com\/fr\/448996\/"},"modified":"2025-10-09T02:49:14","modified_gmt":"2025-10-09T02:49:14","slug":"affaire-quercy-galthie-jerome-fillol-dit-comprendre-le-capitaine-de-montauban","status":"publish","type":"post","link":"https:\/\/www.europesays.com\/fr\/448996\/","title":{"rendered":"Affaire Quercy &#8211; Galthi\u00e9\u00a0: J\u00e9r\u00f4me Fillol dit \u00ab\u00a0comprendre\u00a0\u00bb le capitaine de Montauban"},"content":{"rendered":"<p>L&rsquo;ancien demi de m\u00eal\u00e9e du Stade Toulousain et du Stade Fran\u00e7ais Paris\u00a0dit comprendre la col\u00e8re du capitaine de Montauban, lui qui a jou\u00e9 quatre saison sous les ordres de l&rsquo;actuel s\u00e9lectionneur.<\/p>\n<p>C&rsquo;est un t\u00e9moignage ICI Occitanie. En pleine affaire Quercy &#8211; Galthi\u00e9, l&rsquo;ancien demi de m\u00eal\u00e9e du Stade Toulousain et du Stade Fran\u00e7ais Paris\u00a0<strong>J\u00e9r\u00f4me Fillol pointe aussi le management du s\u00e9lectionneur des Bleus<\/strong>. Dans cette affaire, le capitaine de Montauban est\u00a0<a class=\"IciLink ici-link IciArticleLink g-ici-body-regular-1 underline brand svelte-lu7k6w\" href=\"https:\/\/www.francebleu.fr\/sports\/rugby\/l-audition-du-3e-ligne-de-montauban-fred-quercy-par-la-lnr-repoussee-d-une-semaine-2901209\" rel=\"nofollow noopener\" target=\"_blank\">finalement convoqu\u00e9 devant la commission de discipline de la LNR le 15 octobre<\/a>\u00a0prochain. Pour rappel, d\u00e9but septembre dans une interview au m\u00e9dia sp\u00e9cialis\u00e9 Rugbypass, Fred Quercy a d\u00e9clar\u00e9 que Fabien Galthi\u00e9, son ancien entraineur \u00e0 Montpellier de 2012 \u00e0 2014 et actuel s\u00e9lectionneur du XV de France, avait \u00e9t\u00e9 \u00ab\u00a0\u00e0 la fois le meilleur entraineur\u00a0\u00bb qu&rsquo;il ait eu mais aussi \u00ab\u00a0la plus grande merde sur le plan humain\u00a0\u00bb.<\/p>\n<p>C&rsquo;est non sur la forme, oui sur le fond<\/p>\n<p>Cinq fois champion de France avec Toulouse et Paris dans les ann\u00e9es 2000, <strong>J\u00e9r\u00f4me Fillol ne souscrit pas du tout \u00e0 la forme choisie par le capitaine de Montauban pour exprimer son ressentiment<\/strong>. \u00ab\u00a0Je n&rsquo;aurais pas exprim\u00e9 ma col\u00e8re comme \u00e7a.\u00a0Je pense que cette mani\u00e8re l\u00e0 le dessert, peut-\u00eatre d&rsquo;ailleurs qu&rsquo;il regrette la forme.\u00a0Comme j&rsquo;ai dit, je respectais l&rsquo;humain, l&rsquo;homme, m\u00eame si l&rsquo;homme ne respecte pas les autres. En tout cas, je respecte et je ne veux pas nuire, m\u00eame si parfois on est malmen\u00e9.Apr\u00e8s, s&rsquo;il a dit \u00e7a, c&rsquo;est qu&rsquo;il a \u00e9t\u00e9 bless\u00e9. Je pense que le fond doit \u00eatre difficile pour lui et il faut le comprendre\u00a0\u00bb.<\/p>\n<p>Car l&rsquo;ex num\u00e9ro 9 aujourd&rsquo;hui restaurateur dans la r\u00e9gion bordelaise a \u00e9t\u00e9\u00a0entra\u00een\u00e9 par Fabien Galthi\u00e9 pendant quatre saisons au Stade Fran\u00e7ais Paris de 2004 \u00e0 2008. Et il ajoute. \u00ab\u00a0Je ne le connais pas mais je comprends cette ranc\u0153ur, cette haine et cette difficult\u00e9 que Fred Quercy a. Il n&rsquo;y a pas de fum\u00e9e sans feu. Et je pr\u00e9cise que je n&rsquo;ai aucun int\u00e9r\u00eat f\u00e9d\u00e9ral ou autre. Je suis libre de m&rsquo;exprimer. <strong>Franchement, aujourd&rsquo;hui, vous me demandez. Je vous dis que moi aussi j&rsquo;ai eu des difficult\u00e9s, et je ne suis pas le seul.<\/strong> Apr\u00e8s c&rsquo;est ce que je dis. Vous semez et puis vous recevez derri\u00e8re.\u00a0\u00bb<\/p>\n<p>\u00ab\u00a0Il ne faut pas qu&rsquo;il y ait de pressions\u00a0\u00bb<\/p>\n<p>J\u00e9r\u00f4me Fillol pr\u00e9side aujourd&rsquo;hui l&rsquo;association Neoheros pour la sant\u00e9 mentale dans le sport avec d&rsquo;autres anciens Parisiens comme Rapha\u00ebl Poulain. Et il n&rsquo;a qu&rsquo;<strong>un souhait concernant cette affaire\u00a0: une sanction juste et \u00e9quitable<\/strong>. \u00ab\u00a0Il faut peut-\u00eatre le r\u00e9primander pour sa fa\u00e7on d&rsquo;avoir dit ces choses l\u00e0. Mais il ne\u00a0faut pas que \u00e7a soit la victime derri\u00e8re qui ramasse tout, ni qu&rsquo;il y ait de pressions beaucoup de temps apr\u00e8s parce que c&rsquo;est le s\u00e9lectionneur.\u00a0\u00bb Pour rappel, suite \u00e0 ses d\u00e9clarations, la licence de Fred Quercy avait \u00e9t\u00e9 suspendue par la FFR avant que son avocat ne fasse finalement annuler cette sanction.<\/p>\n<p>D\u00e9sormais, ce sera d&rsquo;abord \u00e0 la commission de la Ligue nationale de rugby\u00a0de se prononcer la semaine prochaine. La F\u00e9d\u00e9ration fran\u00e7aise aura ensuite la possibilit\u00e9, si elle le souhaite, de faire appel. Dans le journal Sud Ouest, <strong>Fabien Galthi\u00e9 a d\u00e9clar\u00e9 au sujet du capitaine de Montauban\u00a0: \u00ab\u00a0je peux l&rsquo;entendre, je peux m\u00eame le comprendre (&#8230;) si c&rsquo;\u00e9tait \u00e0 refaire je ferais diff\u00e9remment\u00a0\u00bb<\/strong>. Cons\u00e9quence du report de son audition par la LNR, Fred Quercy pourra jouer le derby contre Castres samedi \u00e0 16h35. Match \u00e0 vivre en int\u00e9gralit\u00e9 sur votre radio ICI Occitanie.<\/p>\n","protected":false},"excerpt":{"rendered":"L&rsquo;ancien demi de m\u00eal\u00e9e du Stade Toulousain et du Stade Fran\u00e7ais Paris\u00a0dit comprendre la col\u00e8re du capitaine de&hellip;\n","protected":false},"author":2,"featured_media":448997,"comment_status":"","ping_status":"","sticky":false,"template":"","format":"standard","meta":{"footnotes":""},"categories":[1888],"tags":[1111,1928,11,1927,1777,674,1011,27,12,1926,626,1925,25],"class_list":{"0":"post-448996","1":"post","2":"type-post","3":"status-publish","4":"format-standard","5":"has-post-thumbnail","7":"category-paris","8":"tag-actu","9":"tag-actu-paris","10":"tag-actualites","11":"tag-actualites-paris","12":"tag-eu","13":"tag-europe","14":"tag-fr","15":"tag-france","16":"tag-news","17":"tag-news-paris","18":"tag-paris","19":"tag-paris-news","20":"tag-republique-francaise"},"share_on_mastodon":{"url":"https:\/\/pubeurope.com\/@fr\/115341935492310725","error":""},"_links":{"self":[{"href":"https:\/\/www.europesays.com\/fr\/wp-json\/wp\/v2\/posts\/448996","targetHints":{"allow":["GET"]}}],"collection":[{"href":"https:\/\/www.europesays.com\/fr\/wp-json\/wp\/v2\/posts"}],"about":[{"href":"https:\/\/www.europesays.com\/fr\/wp-json\/wp\/v2\/types\/post"}],"author":[{"embeddable":true,"href":"https:\/\/www.europesays.com\/fr\/wp-json\/wp\/v2\/users\/2"}],"replies":[{"embeddable":true,"href":"https:\/\/www.europesays.com\/fr\/wp-json\/wp\/v2\/comments?post=448996"}],"version-history":[{"count":0,"href":"https:\/\/www.europesays.com\/fr\/wp-json\/wp\/v2\/posts\/448996\/revisions"}],"wp:featuredmedia":[{"embeddable":true,"href":"https:\/\/www.europesays.com\/fr\/wp-json\/wp\/v2\/media\/448997"}],"wp:attachment":[{"href":"https:\/\/www.europesays.com\/fr\/wp-json\/wp\/v2\/media?parent=448996"}],"wp:term":[{"taxonomy":"category","embeddable":true,"href":"https:\/\/www.europesays.com\/fr\/wp-json\/wp\/v2\/categories?post=448996"},{"taxonomy":"post_tag","embeddable":true,"href":"https:\/\/www.europesays.com\/fr\/wp-json\/wp\/v2\/tags?post=448996"}],"curies":[{"name":"wp","href":"https:\/\/api.w.org\/{rel}","templated":true}]}}