{"id":448998,"date":"2025-10-09T02:50:25","date_gmt":"2025-10-09T02:50:25","guid":{"rendered":"https:\/\/www.europesays.com\/fr\/448998\/"},"modified":"2025-10-09T02:50:25","modified_gmt":"2025-10-09T02:50:25","slug":"laurent-garnier-revient-a-paris-apres-un-an-dabsence","status":"publish","type":"post","link":"https:\/\/www.europesays.com\/fr\/448998\/","title":{"rendered":"Laurent Garnier revient \u00e0 Paris apr\u00e8s un an d&rsquo;absence"},"content":{"rendered":"\n<p>Voil\u00e0 un programme beaucoup plus excitant pour un dimanche soir que le traditionnel plateau t\u00e9l\u00e9 en jogging avec sa ch\u00e9rie ou son ch\u00e9ri. C&rsquo;est aussi valable pour les c\u00e9libataires bien s\u00fbr, <strong>en mode Bridget Jones <\/strong>sur son canap\u00e9 qui se goinfre de cr\u00e8me glac\u00e9e \u00e0 la noix de macadamia en \u00e9coutant du C\u00e9line Dion. Bref, retenez bien la date,<strong> le dimanche 16 novembre<\/strong> on l\u00e2che tout et on fonce <strong>au Sacr\u00e9 \u00e0 Paris pour \u00e9couter Laurent Garnier<\/strong> mixer dans un DJ set qui s&rsquo;annonce aussi \u00e9lectro qu&rsquo;intimiste.<\/p>\n<p>Figure majeure et pionnier de la sc\u00e8ne \u00e9lectronique fran\u00e7aise, <strong>Laurent Garnier est donc de retour dans la capitale<\/strong>, au Sacr\u00e9, rue Montmartre pour un set one shot qui promet d&rsquo;\u00eatre rapidemment sold out. Et pour cause, en avril dernier, Laurent Garnier expliquait \u00e0 qui voulait bien l&rsquo;entendre qu&rsquo;il ne souhaitait \u00e0 pr\u00e9sent jouer qu&rsquo;une dizaine de dates par an, dans des petits lieux o\u00f9 il a encore quelque chose \u00e0 dire. Du coup, avec sa jauge \u00e0 400 personnes dans le public et son sound system sur mesure, le Sacr\u00e9 devrait permettre \u00e0 Laurent Granier d&rsquo;offrir au public parisien une prestation de qualit\u00e9, dans un cadre qui reste quand m\u00eame \u00e0 taille humaine. Et en plus, il ne sera pas seul aux platines.<\/p>\n<p>A ses c\u00f4t\u00e9s on retrouvera \u00e9galement ce soir-l\u00e0 <strong>C\u00e9line Sundae et Baz <\/strong>dans un B2B qui s&rsquo;annonce prometteur et qui va bien nous promener entre techno et house &#8230; tout ce qu&rsquo;on aime ! Alors \u00e9videmment on bloque vite fait la date sur notre agenda, et on booke <a href=\"https:\/\/shotgun.live\/fr\/events\/sacre-presente-laurent-garnier\" rel=\"noopener\" target=\"_blank\"><strong>les billets sur Shotgun<\/strong><\/a>, histoire d&rsquo; \u00eatre s\u00fbr de ne pas rater ce nouveau passage d&rsquo;un des grands de l&rsquo;\u00e9lectro fran\u00e7aise \u00e0 Paris. Pour rappel, la derni\u00e8re fois que Laurent Garnier a mix\u00e9 dans la capitale c&rsquo;\u00e9tait le 18 janvier dernier. On n&rsquo;en pouvait plus d&rsquo;attendre&#8230;<\/p>\n","protected":false},"excerpt":{"rendered":"Voil\u00e0 un programme beaucoup plus excitant pour un dimanche soir que le traditionnel plateau t\u00e9l\u00e9 en jogging avec&hellip;\n","protected":false},"author":2,"featured_media":448999,"comment_status":"","ping_status":"","sticky":false,"template":"","format":"standard","meta":{"footnotes":""},"categories":[1888],"tags":[11,38036,12666,11500,1777,674,1011,27,36163,11504,57477,57476,12,626,25,6938,1242,953,10235],"class_list":{"0":"post-448998","1":"post","2":"type-post","3":"status-publish","4":"format-standard","5":"has-post-thumbnail","7":"category-paris","8":"tag-actualites","9":"tag-after","10":"tag-dj","11":"tag-electro","12":"tag-eu","13":"tag-europe","14":"tag-fr","15":"tag-france","16":"tag-french-touch","17":"tag-house","18":"tag-laurent-garnier","19":"tag-mix","20":"tag-news","21":"tag-paris","22":"tag-republique-francaise","23":"tag-sacre","24":"tag-set","25":"tag-soiree","26":"tag-techno"},"share_on_mastodon":{"url":"https:\/\/pubeurope.com\/@fr\/115341939652873298","error":""},"_links":{"self":[{"href":"https:\/\/www.europesays.com\/fr\/wp-json\/wp\/v2\/posts\/448998","targetHints":{"allow":["GET"]}}],"collection":[{"href":"https:\/\/www.europesays.com\/fr\/wp-json\/wp\/v2\/posts"}],"about":[{"href":"https:\/\/www.europesays.com\/fr\/wp-json\/wp\/v2\/types\/post"}],"author":[{"embeddable":true,"href":"https:\/\/www.europesays.com\/fr\/wp-json\/wp\/v2\/users\/2"}],"replies":[{"embeddable":true,"href":"https:\/\/www.europesays.com\/fr\/wp-json\/wp\/v2\/comments?post=448998"}],"version-history":[{"count":0,"href":"https:\/\/www.europesays.com\/fr\/wp-json\/wp\/v2\/posts\/448998\/revisions"}],"wp:featuredmedia":[{"embeddable":true,"href":"https:\/\/www.europesays.com\/fr\/wp-json\/wp\/v2\/media\/448999"}],"wp:attachment":[{"href":"https:\/\/www.europesays.com\/fr\/wp-json\/wp\/v2\/media?parent=448998"}],"wp:term":[{"taxonomy":"category","embeddable":true,"href":"https:\/\/www.europesays.com\/fr\/wp-json\/wp\/v2\/categories?post=448998"},{"taxonomy":"post_tag","embeddable":true,"href":"https:\/\/www.europesays.com\/fr\/wp-json\/wp\/v2\/tags?post=448998"}],"curies":[{"name":"wp","href":"https:\/\/api.w.org\/{rel}","templated":true}]}}