{"id":449023,"date":"2025-10-09T03:05:13","date_gmt":"2025-10-09T03:05:13","guid":{"rendered":"https:\/\/www.europesays.com\/fr\/449023\/"},"modified":"2025-10-09T03:05:13","modified_gmt":"2025-10-09T03:05:13","slug":"videos-atp-shanghai-medvedev-encore-en-detresse-face-a-tien-il-est-de-partout-quest-ce-que-je-peux-faire","status":"publish","type":"post","link":"https:\/\/www.europesays.com\/fr\/449023\/","title":{"rendered":"Vid\u00e9os, ATP &#8211; Shanghai > Medvedev, encore en d\u00e9tresse face \u00e0 Tien : \u00ab\u00a0Il est de partout. Qu&rsquo;est-ce que je peux faire ?\u00a0\u00bb"},"content":{"rendered":"<p>Daniil Medvedev est en train de revivre le m\u00eame sc\u00e9nario d\u2019il y a une semaine, sur le tournoi de P\u00e9kin, face \u00e0 au m\u00eame adver\u00adsaire, Learner Tien.<\/p>\n<p>Contraint \u00e0 l\u2019abandon face au jeune am\u00e9ri\u00adcain dans la capi\u00adtale chinoise \u00e0 cause de crampes, le Russe a subi le m\u00eame sort alors qu\u2019il menait 7\u20136, 6\u20135. <\/p>\n<p>Incapable de bouger sa jambe pendant plusieurs minutes et fina\u00adle\u00adment battu au jeu d\u00e9cisif, l\u2019ac\u00adtuel 18e mondial s\u2019en est alors pris \u00e0 son nouveau coach, Thomas Johansson, en lui deman\u00addant de l\u2019aide avec une certaine v\u00e9h\u00e9\u00admence\u00a0: <strong>\u00ab\u202fIl est de partout. Qu\u2019est\u2010ce que je peux\u00a0faire\u202f?\u202f\u00bb<\/strong><\/p>\n<blockquote class=\"twitter-tweet\">\n<p lang=\"it\" dir=\"ltr\">\u00ab\u202fHe\u2019s everyw\u00adhere. What can I do?\u00ab\u202f<\/p>\n<p>Il vecchio polpo ripa\u00adgato con la sua stessa medi\u00adcina.<a href=\"https:\/\/twitter.com\/hashtag\/medvedeviana?src=hash&amp;ref_src=twsrc%5Etfw\" data-wpel-link=\"external\" target=\"_blank\" rel=\"nofollow external noopener\">#medve\u00adde\u00adviana<\/a> <a href=\"https:\/\/t.co\/uXy0n86hTR\" data-wpel-link=\"external\" target=\"_blank\" rel=\"nofollow external noopener\">pic.twitter.com\/uXy0n86hTR<\/a><\/p>\n<p>\u2014 Telegrammi di Tennis (@TelDiTen) <a href=\"https:\/\/twitter.com\/TelDiTen\/status\/1975921101101203823?ref_src=twsrc%5Etfw\" data-wpel-link=\"external\" target=\"_blank\" rel=\"nofollow external noopener\">October 8,\u00a02025<\/a><\/p><\/blockquote>\n<p>Le troi\u00adsi\u00e8me set s\u2019an\u00adnonce int\u00e9ressant\u2026<\/p>\n<p class=\"post-published-date\" style=\"color: silver; font-size: 75%; text-align: left;\">Publi\u00e9 le mercredi 8 octobre 2025 \u00e0 17:16<\/p>\n<p><script async src=\"https:\/\/platform.twitter.com\/widgets.js\" charset=\"utf-8\"><\/script><\/p>\n","protected":false},"excerpt":{"rendered":"Daniil Medvedev est en train de revivre le m\u00eame sc\u00e9nario d\u2019il y a une semaine, sur le tournoi&hellip;\n","protected":false},"author":2,"featured_media":449024,"comment_status":"","ping_status":"","sticky":false,"template":"","format":"standard","meta":{"footnotes":""},"categories":[1415],"tags":[3252,1011,27,60,1467],"class_list":{"0":"post-449023","1":"post","2":"type-post","3":"status-publish","4":"format-standard","5":"has-post-thumbnail","7":"category-tennis","8":"tag-daniil-medvedev","9":"tag-fr","10":"tag-france","11":"tag-sports","12":"tag-tennis"},"share_on_mastodon":{"url":"https:\/\/pubeurope.com\/@fr\/115341998379587691","error":""},"_links":{"self":[{"href":"https:\/\/www.europesays.com\/fr\/wp-json\/wp\/v2\/posts\/449023","targetHints":{"allow":["GET"]}}],"collection":[{"href":"https:\/\/www.europesays.com\/fr\/wp-json\/wp\/v2\/posts"}],"about":[{"href":"https:\/\/www.europesays.com\/fr\/wp-json\/wp\/v2\/types\/post"}],"author":[{"embeddable":true,"href":"https:\/\/www.europesays.com\/fr\/wp-json\/wp\/v2\/users\/2"}],"replies":[{"embeddable":true,"href":"https:\/\/www.europesays.com\/fr\/wp-json\/wp\/v2\/comments?post=449023"}],"version-history":[{"count":0,"href":"https:\/\/www.europesays.com\/fr\/wp-json\/wp\/v2\/posts\/449023\/revisions"}],"wp:featuredmedia":[{"embeddable":true,"href":"https:\/\/www.europesays.com\/fr\/wp-json\/wp\/v2\/media\/449024"}],"wp:attachment":[{"href":"https:\/\/www.europesays.com\/fr\/wp-json\/wp\/v2\/media?parent=449023"}],"wp:term":[{"taxonomy":"category","embeddable":true,"href":"https:\/\/www.europesays.com\/fr\/wp-json\/wp\/v2\/categories?post=449023"},{"taxonomy":"post_tag","embeddable":true,"href":"https:\/\/www.europesays.com\/fr\/wp-json\/wp\/v2\/tags?post=449023"}],"curies":[{"name":"wp","href":"https:\/\/api.w.org\/{rel}","templated":true}]}}