{"id":449025,"date":"2025-10-09T03:08:16","date_gmt":"2025-10-09T03:08:16","guid":{"rendered":"https:\/\/www.europesays.com\/fr\/449025\/"},"modified":"2025-10-09T03:08:16","modified_gmt":"2025-10-09T03:08:16","slug":"cession-dopella-un-an-apres-lannonce-de-sanofi-lisieux-reste-la-formule-1-du","status":"publish","type":"post","link":"https:\/\/www.europesays.com\/fr\/449025\/","title":{"rendered":"Cession d\u2019Opella\u00a0: un an apr\u00e8s l\u2019annonce de Sanofi, Lisieux reste \u00ab\u00a0la Formule 1\u00a0du"},"content":{"rendered":"<tr wp_automatic_readability=\"6.8779069767442\">\n<td valign=\"middle\" align=\"center\" class=\"col-logo\" wp_automatic_readability=\"5\">\n    <img decoding=\"async\" src=\"https:\/\/maville.com\/design\/images\/logo-of-monetise.svg?version=20130627\" alt=\"logo Ouest-France\" height=\"66\"\/><\/p>\n<p>Contenu r\u00e9serv\u00e9 aux abonn\u00e9s<\/p>\n<\/td>\n<td class=\"col-titre\">\n\t\t\tMercredi 08 octobre 2025 19:26<br \/>\n\t\t\t<a class=\"icon-bulle sizeL count\" href=\"#ancreAvis\"><br \/>\n\t&#8230;<br \/>\n<\/a><\/td>\n<\/tr>\n<p>\t\t<a class=\"mavillebox2 elmt-photo\" href=\"https:\/\/maville.com\/photosmvi\/2025\/10\/08\/P35510317D7011482G.jpg\" title=\" Un an apr\u00e8s l\u2019annonce du projet de cession d\u2019Opella, la direction de la multinationale rassure quant \u00e0 l\u2019avenir du site de Lisieux.  \u00a9  Marc Ollivier\/ Archives Ouest-France  &lt;!--TAG-BLC credit--&gt;\" rel=\"galerie_actu noopener\" target=\"_blank\"><br \/>\n\t<img decoding=\"async\" src=\"https:\/\/www.europesays.com\/fr\/wp-content\/uploads\/2025\/10\/P35510317D7011482G_crop_640-330_.jpg\" alt=\"photo  un an apr\u00e8s l\u2019annonce du projet de cession d\u2019opella, la direction de la multinationale rassure quant \u00e0 l\u2019avenir du site de lisieux.  \u00a9  marc ollivier\/ archives ouest-france \"\/><br \/>\n\t2<br \/>\n<\/a><\/p>\n<p class=\"elmt-legende\"> Un an apr\u00e8s l\u2019annonce du projet de cession d\u2019Opella, la direction de la multinationale rassure quant \u00e0 l\u2019avenir du site de Lisieux.  \u00a9  Marc Ollivier\/ Archives Ouest-France  <\/p>\n<p><a class=\"mavillebox2\" href=\"https:\/\/maville.com\/photosmvi\/2025\/10\/08\/P35510318D7011482G.jpg\" title=\"rafik amrane, directeur des op\u00e9rations industrielles chez opella. \u00a9  tanguy stichelmans \/ opella \" rel=\"galerie_actu noopener\" target=\"_blank\"><\/p>\n<p>\t\tLe 10\u00a0octobre 2024, le g\u00e9ant pharmaceutique fran\u00e7ais Sanofi d\u00e9voilait son intention de c\u00e9der Opella, sa filiale sp\u00e9cialis\u00e9e dans les m\u00e9dicaments sans ordonnance, comme le Doliprane. De quoi susciter un \u00e9moi national pour l\u2019avenir de l\u2019usine normande de Lisieux et ses 250\u00a0salari\u00e9s. Un an apr\u00e8s l\u2019annonce choc, on fait le point avec Rafik Amrane, directeur des op\u00e9rations industrielles chez Opella.<\/p>\n<p><b>Cet article est r\u00e9serv\u00e9 aux abonn\u00e9s<\/b><\/p>\n<p>Pour un acc\u00e8s imm\u00e9diat, abonnez-vous<\/p>\n<p><b>1\u00e8re semaine offerte<\/b><\/p>\n<p>\t\t Propos recueillis par Lucas LARCHER. \u00a0\u00a0<br \/>\n\t\tOuest-France<\/p>\n<p>Retrouvez d&rsquo;autres actus sur la commune de :<\/p>\n<p>\t\t&#13;<\/p>\n","protected":false},"excerpt":{"rendered":"Contenu r\u00e9serv\u00e9 aux abonn\u00e9s Mercredi 08 octobre 2025 19:26 &#8230; 2 Un an apr\u00e8s l\u2019annonce du projet de&hellip;\n","protected":false},"author":2,"featured_media":449026,"comment_status":"","ping_status":"","sticky":false,"template":"","format":"standard","meta":{"footnotes":""},"categories":[1412],"tags":[12106,11,14015,9626,2562,10322,57502,1451,1452,1453,6796,1454,1455,1011,27,57501,57500,3138,11023,60],"class_list":{"0":"post-449025","1":"post","2":"type-post","3":"status-publish","4":"format-standard","5":"has-post-thumbnail","7":"category-f1","8":"tag-12106","9":"tag-actualites","10":"tag-alencon","11":"tag-an","12":"tag-annonce","13":"tag-cession","14":"tag-doliprane","15":"tag-f1","16":"tag-formula-1","17":"tag-formula1","18":"tag-formule","19":"tag-formule-1","20":"tag-formule1","21":"tag-fr","22":"tag-france","23":"tag-lisieux","24":"tag-opella","25":"tag-reste","26":"tag-sanofi","27":"tag-sports"},"share_on_mastodon":{"url":"https:\/\/pubeurope.com\/@fr\/115342010711792697","error":""},"_links":{"self":[{"href":"https:\/\/www.europesays.com\/fr\/wp-json\/wp\/v2\/posts\/449025","targetHints":{"allow":["GET"]}}],"collection":[{"href":"https:\/\/www.europesays.com\/fr\/wp-json\/wp\/v2\/posts"}],"about":[{"href":"https:\/\/www.europesays.com\/fr\/wp-json\/wp\/v2\/types\/post"}],"author":[{"embeddable":true,"href":"https:\/\/www.europesays.com\/fr\/wp-json\/wp\/v2\/users\/2"}],"replies":[{"embeddable":true,"href":"https:\/\/www.europesays.com\/fr\/wp-json\/wp\/v2\/comments?post=449025"}],"version-history":[{"count":0,"href":"https:\/\/www.europesays.com\/fr\/wp-json\/wp\/v2\/posts\/449025\/revisions"}],"wp:featuredmedia":[{"embeddable":true,"href":"https:\/\/www.europesays.com\/fr\/wp-json\/wp\/v2\/media\/449026"}],"wp:attachment":[{"href":"https:\/\/www.europesays.com\/fr\/wp-json\/wp\/v2\/media?parent=449025"}],"wp:term":[{"taxonomy":"category","embeddable":true,"href":"https:\/\/www.europesays.com\/fr\/wp-json\/wp\/v2\/categories?post=449025"},{"taxonomy":"post_tag","embeddable":true,"href":"https:\/\/www.europesays.com\/fr\/wp-json\/wp\/v2\/tags?post=449025"}],"curies":[{"name":"wp","href":"https:\/\/api.w.org\/{rel}","templated":true}]}}