{"id":449027,"date":"2025-10-09T03:09:14","date_gmt":"2025-10-09T03:09:14","guid":{"rendered":"https:\/\/www.europesays.com\/fr\/449027\/"},"modified":"2025-10-09T03:09:14","modified_gmt":"2025-10-09T03:09:14","slug":"cyclisme-route-la-fusion-intermarche-lotto-changements-licenciements-le-temps-presse","status":"publish","type":"post","link":"https:\/\/www.europesays.com\/fr\/449027\/","title":{"rendered":"Cyclisme. Route &#8211; La fusion Intermarch\u00e9-Lotto : changements, licenciements&#8230; le temps presse"},"content":{"rendered":"<p> Lire la suite de l&rsquo;article&#13;<\/p>\n<p>\u00a0<\/p>\n<p>&#13;<br \/>\nDe nombreux licenciement et une r\u00e9organisation&#13;<\/p>\n<p>Le d\u00e9part de <strong>St\u00e9phane Heulot<\/strong>, CEO de <strong>Lotto<\/strong>, il y a moins de deux semaines, ne serait qu\u2019un avant-go\u00fbt du tremblement de terre qui secoue la structure belge. Le week-end dernier, neuf licenciements ont \u00e9t\u00e9 act\u00e9s au sein du staff. Selon Het Nieuwsblad, plusieurs membres de l\u2019encadrement ont \u00e9t\u00e9 remerci\u00e9s : le m\u00e9decin-chef <strong>Milan Holvoet<\/strong>, le soigneur <strong>Vincent Monserez<\/strong>, ainsi que les m\u00e9caniciens <strong>Nick Mondelaers<\/strong> et <strong>Jeanick Verstraete<\/strong>.\u00a0Het Laatste Nieuws r\u00e9v\u00e8le par ailleurs le d\u00e9part d\u2019un m\u00e9canicien et d\u2019un soigneur suppl\u00e9mentaires, du directeur commercial, d\u2019un responsable marketing et d\u2019un collaborateur logistique. Des licenciements d\u2019autant plus brutaux que les employ\u00e9s avaient \u00e9t\u00e9 assur\u00e9s, il y a encore quelques semaines, qu\u2019ils ne risquaient rien.<\/p>\n<p>&#13;<\/p>\n<p>Malgr\u00e9 ces remous, la nouvelle organisation commence \u00e0 se dessiner. <strong>Jean-Fran\u00e7ois Bourlart<\/strong> devrait prendre la direction g\u00e9n\u00e9rale de la future entit\u00e9 <strong>Lotto-Intermarch\u00e9<\/strong>, tandis que les postes de \u00ab\u00a0performance manager\u00a0\u00bb\u00a0et de \u00ab\u00a0responsable sportif\u00a0\u00bb reviendraient respectivement \u00e0 <strong>Aike Viesebeek<\/strong> (Intermarch\u00e9) et <strong>Kurt Van de Wouwer<\/strong> (Lotto). Selon Sporza, le dossier de la nouvelle \u00e9quipe a d\u00e9j\u00e0 \u00e9t\u00e9 d\u00e9pos\u00e9 aupr\u00e8s de l\u2019<strong>UCI<\/strong>. Mais Het Laatste Nieuws se montre plus prudent et \u00e9voque plusieurs points de blocage, notamment une dette de 2,5 millions d\u2019euros h\u00e9rit\u00e9e d\u2019<strong>Intermarch\u00e9-Wanty<\/strong>.. Une situation qui pourrait, selon le quotidien flamand, \u00ab\u00a0revoir les ambitions de la nouvelle \u00e9quipe \u00e0 la baisse\u00a0\u00bb.<\/p>\n<p>&#13;<\/p>\n<p>\u00a0<\/p>\n<p>&#13;<br \/>\nDes coureurs laiss\u00e9s sur le carreau et le cas Girmay&#13;<\/p>\n<p>Sur le plan sportif, la nouvelle entit\u00e9 ne pourra compter que <strong>30 coureurs<\/strong>, alors que <strong>38 cyclistes<\/strong> sont actuellement sous contrat, 20 chez <strong>Intermarch\u00e9<\/strong>, 18 chez <strong>Lotto<\/strong>. Les coureurs de <strong>Lotto<\/strong>, dont <strong>Arnaud De Lie<\/strong>, <strong>Lennert Van Eetvelt<\/strong>\u00a0ou encore\u00a0<strong>Jarno Widar<\/strong>,\u00a0seraient les mieux prot\u00e9g\u00e9s, leur \u00e9quipe actuelle \u00e9tant \u00ab\u00a0l\u2019agent payant\u00a0\u00bb, leurs contrats seront automatiquement reconduits. Les coureurs d\u2019Intermarch\u00e9, en revanche, devront patienter pour conna\u00eetre leur sort. Certains seront int\u00e9gr\u00e9s \u00e0 la nouvelle \u00e9quipe, d\u2019autres devront trouver un nouveau point de chute.<\/p>\n<p>&#13;<\/p>\n<p>Le cas <strong>Biniam Girmay<\/strong> cristallise les attentions. Si des discussions ont eu lieu avec <strong>Israel-Premier Tech<\/strong>, aucun accord n\u2019aurait encore \u00e9t\u00e9 sign\u00e9. Het Laatste Nieuws affirme que l\u2019entourage du coureur \u00e9rythr\u00e9en \u00ab\u00a0n\u2019est pas oppos\u00e9 au projet de fusion\u00a0\u00bb, mais Le Soir \u00e9voque un d\u00e9part \u00ab\u00a0vraisemblable\u00a0\u00bb. La prochaine semaine s\u2019annonce cruciale pour sceller le destin de cette fusion qui pourrait redessiner le paysage du cyclisme belge&#8230; Le dossier <strong>Lotto\u2013Intermarch\u00e9<\/strong>\u00a0semble encore d&rsquo;\u00eatre termin\u00e9.<\/p>\n","protected":false},"excerpt":{"rendered":"Lire la suite de l&rsquo;article&#13; \u00a0 &#13; De nombreux licenciement et une r\u00e9organisation&#13; Le d\u00e9part de St\u00e9phane Heulot,&hellip;\n","protected":false},"author":2,"featured_media":449028,"comment_status":"","ping_status":"","sticky":false,"template":"","format":"standard","meta":{"footnotes":""},"categories":[1411],"tags":[1154,207,211,1011,27,209,60,210,212,208,213],"class_list":{"0":"post-449027","1":"post","2":"type-post","3":"status-publish","4":"format-standard","5":"has-post-thumbnail","7":"category-cyclisme","8":"tag-cycling","9":"tag-cyclisme","10":"tag-ffc","11":"tag-fr","12":"tag-france","13":"tag-route","14":"tag-sports","15":"tag-tour-de-france","16":"tag-uci","17":"tag-velo","18":"tag-world-tour"},"share_on_mastodon":{"url":"https:\/\/pubeurope.com\/@fr\/115342014101396714","error":""},"_links":{"self":[{"href":"https:\/\/www.europesays.com\/fr\/wp-json\/wp\/v2\/posts\/449027","targetHints":{"allow":["GET"]}}],"collection":[{"href":"https:\/\/www.europesays.com\/fr\/wp-json\/wp\/v2\/posts"}],"about":[{"href":"https:\/\/www.europesays.com\/fr\/wp-json\/wp\/v2\/types\/post"}],"author":[{"embeddable":true,"href":"https:\/\/www.europesays.com\/fr\/wp-json\/wp\/v2\/users\/2"}],"replies":[{"embeddable":true,"href":"https:\/\/www.europesays.com\/fr\/wp-json\/wp\/v2\/comments?post=449027"}],"version-history":[{"count":0,"href":"https:\/\/www.europesays.com\/fr\/wp-json\/wp\/v2\/posts\/449027\/revisions"}],"wp:featuredmedia":[{"embeddable":true,"href":"https:\/\/www.europesays.com\/fr\/wp-json\/wp\/v2\/media\/449028"}],"wp:attachment":[{"href":"https:\/\/www.europesays.com\/fr\/wp-json\/wp\/v2\/media?parent=449027"}],"wp:term":[{"taxonomy":"category","embeddable":true,"href":"https:\/\/www.europesays.com\/fr\/wp-json\/wp\/v2\/categories?post=449027"},{"taxonomy":"post_tag","embeddable":true,"href":"https:\/\/www.europesays.com\/fr\/wp-json\/wp\/v2\/tags?post=449027"}],"curies":[{"name":"wp","href":"https:\/\/api.w.org\/{rel}","templated":true}]}}