{"id":449029,"date":"2025-10-09T03:10:10","date_gmt":"2025-10-09T03:10:10","guid":{"rendered":"https:\/\/www.europesays.com\/fr\/449029\/"},"modified":"2025-10-09T03:10:10","modified_gmt":"2025-10-09T03:10:10","slug":"pierre-menes-ne-voit-pas-le-fc-nantes-descendre-directement","status":"publish","type":"post","link":"https:\/\/www.europesays.com\/fr\/449029\/","title":{"rendered":"Pierre M\u00e9n\u00e8s ne voit pas le FC Nantes descendre directement"},"content":{"rendered":"<p><strong>Actuellement 15e de Ligue 1, le FC Nantes va sans doute jouer le maintien cette saison. Pierre M\u00e9n\u00e8s se veut positif et voit au moins deux \u00e9quipes moins bonnes que les Canaris.<\/strong><\/p>\n<p>Plut\u00f4t ambitieux, notamment dans le jeu, le projet Luis Castro fait pour le moment pschitt au <a href=\"https:\/\/www.butfootballclub.fr\/622284-fc-nantes-une-nouvelle-arme-emerge-au-mercato-une-recrue-deja-signee\/\" target=\"_blank\" rel=\"noopener\">FC Nantes<\/a>. Plomb\u00e9 par un effectif faible qualitativement et quantitativement, l\u2019entra\u00eeneur arriv\u00e9 de Dunkerque cet \u00e9t\u00e9 a toutes les peines du monde \u00e0 appliquer ses principes. Avec une seule victoire, deux nuls et quatre d\u00e9faites, il voit son \u00e9quipe pointer \u00e0 la 15e place du classement de Ligue 1. Et partie pour lutter pour son maintien jusqu\u2019\u00e0 la fin de la saison.<\/p>\n<p>Angers et Metz promis \u00e0 la descente ?<\/p>\n<p>Mais, bonne nouvelle, Pierre M\u00e9n\u00e8s ne voit pas <a href=\"https:\/\/www.butfootballclub.fr\/622343-fc-nantes-la-preuve-irrefutable-quanthony-lopes-est-lun-des-meilleurs-gardiens-de-l1\/\" target=\"_blank\" rel=\"noopener\">la Maison Jaune<\/a> rel\u00e9gu\u00e9e directement. Dans un \u00e9change avec des supporters sur YouTube, le journaliste a expliqu\u00e9 qu\u2019\u00e0 son sens, le SCO d\u2019Angers et le FC Metz, \u00e9taient de loin les deux \u00e9quipes les plus faibles de ce d\u00e9but de championnat, \u00e0 qui sont promises les deux derni\u00e8res places. Des \u00e9quipes que le FC Nantes doit encore affronter. Ce sera le 2 novembre \u00e0 la Beaujoire pour les Lorrains et le 12 d\u00e9cembre au stade Raymond Kopa pour les Angevins.<\/p>\n<p>M\u00eame si les places directes pour la L2 sont d\u00e9j\u00e0 r\u00e9serv\u00e9es \u00e0 Angers et Metz, il reste celle de barragiste. Celle-l\u00e0 aussi, le FC Nantes a tout int\u00e9r\u00eat \u00e0 l\u2019\u00e9viter car, vu son niveau de jeu depuis le d\u00e9but de la saison, il n\u2019est pas certain qu\u2019il sortirait vainqueur d\u2019un duel avec Troyes, Saint-Etienne ou Pau, actuels leaders de la Deuxi\u00e8me division.<\/p>\n","protected":false},"excerpt":{"rendered":"Actuellement 15e de Ligue 1, le FC Nantes va sans doute jouer le maintien cette saison. Pierre M\u00e9n\u00e8s&hellip;\n","protected":false},"author":2,"featured_media":449030,"comment_status":"","ping_status":"","sticky":false,"template":"","format":"standard","meta":{"footnotes":""},"categories":[1410],"tags":[11,448,63,1011,27,66,3388,12,60,10662],"class_list":{"0":"post-449029","1":"post","2":"type-post","3":"status-publish","4":"format-standard","5":"has-post-thumbnail","7":"category-football","8":"tag-actualites","9":"tag-champions-league","10":"tag-football","11":"tag-fr","12":"tag-france","13":"tag-ligue-1","14":"tag-matchs","15":"tag-news","16":"tag-sports","17":"tag-transferts"},"share_on_mastodon":{"url":"https:\/\/pubeurope.com\/@fr\/115342018159346811","error":""},"_links":{"self":[{"href":"https:\/\/www.europesays.com\/fr\/wp-json\/wp\/v2\/posts\/449029","targetHints":{"allow":["GET"]}}],"collection":[{"href":"https:\/\/www.europesays.com\/fr\/wp-json\/wp\/v2\/posts"}],"about":[{"href":"https:\/\/www.europesays.com\/fr\/wp-json\/wp\/v2\/types\/post"}],"author":[{"embeddable":true,"href":"https:\/\/www.europesays.com\/fr\/wp-json\/wp\/v2\/users\/2"}],"replies":[{"embeddable":true,"href":"https:\/\/www.europesays.com\/fr\/wp-json\/wp\/v2\/comments?post=449029"}],"version-history":[{"count":0,"href":"https:\/\/www.europesays.com\/fr\/wp-json\/wp\/v2\/posts\/449029\/revisions"}],"wp:featuredmedia":[{"embeddable":true,"href":"https:\/\/www.europesays.com\/fr\/wp-json\/wp\/v2\/media\/449030"}],"wp:attachment":[{"href":"https:\/\/www.europesays.com\/fr\/wp-json\/wp\/v2\/media?parent=449029"}],"wp:term":[{"taxonomy":"category","embeddable":true,"href":"https:\/\/www.europesays.com\/fr\/wp-json\/wp\/v2\/categories?post=449029"},{"taxonomy":"post_tag","embeddable":true,"href":"https:\/\/www.europesays.com\/fr\/wp-json\/wp\/v2\/tags?post=449029"}],"curies":[{"name":"wp","href":"https:\/\/api.w.org\/{rel}","templated":true}]}}