{"id":449047,"date":"2025-10-09T03:19:11","date_gmt":"2025-10-09T03:19:11","guid":{"rendered":"https:\/\/www.europesays.com\/fr\/449047\/"},"modified":"2025-10-09T03:19:11","modified_gmt":"2025-10-09T03:19:11","slug":"michael-jones-moins-quun-fonctionnaire-il-devoile-le-montant-de-sa-retraite-et-ca-laisse-perplexe","status":"publish","type":"post","link":"https:\/\/www.europesays.com\/fr\/449047\/","title":{"rendered":"Michael Jones : \u00ab\u00a0Moins qu&rsquo;un fonctionnaire\u00a0\u00bb, il d\u00e9voile le montant de sa retraite et \u00e7a laisse perplexe"},"content":{"rendered":"<p>\u00c0 la fin du mois de septembre, <a href=\"https:\/\/www.closermag.fr\/people\/exclu.-michael-jones-il-prenait-un-malin-plaisir-a-ce-mauvais-tour-de-jean-jacques-goldman-a-son-egard-1722890\" target=\"_blank\" rel=\"noopener\"><br \/>\nMichael Jones<\/a> a \u00e9t\u00e9 interview\u00e9 dans l\u2019\u00e9mission <a href=\"https:\/\/www.youtube.com\/watch?v=DJTbexqvWto\" target=\"_blank\" rel=\"noopener\">Jet de Luxe<\/a>, de<br \/>\n<a href=\"https:\/\/www.closermag.fr\/tag\/jordan-de-luxe\" target=\"_blank\" rel=\"noopener\">Jordan De<br \/>\nLuxe<\/a>, diffus\u00e9e sur Youtube. Face \u00e0 l\u2019animateur, il s\u2019est confi\u00e9<br \/>\nsur beaucoup de chose, sa carri\u00e8re, et m\u00eame sa retraite.\u00a0<\/p>\n<p>L\u2019ancien complice de <a href=\"https:\/\/www.closermag.fr\/people\/exclu.-michael-jones-il-prenait-un-malin-plaisir-a-ce-mauvais-tour-de-jean-jacques-goldman-a-son-egard-1722890\" target=\"_blank\" rel=\"noopener\"><br \/>\nJean-Jacques Goldman<\/a> a surpris les t\u00e9l\u00e9spectateurs par sa<br \/>\nsinc\u00e9rit\u00e9. Interrog\u00e9 sur ses revenus, Michael Jones a d\u00e9clar\u00e9 :<br \/>\n\u201cJe suis retrait\u00e9 et je touche une retraite normale, m\u00eame moins<br \/>\nqu\u2019un fonctionnaire.\u201d L\u2019artiste a pr\u00e9cis\u00e9 percevoir \u201c1 800<br \/>\neuros par mois\u201d et a reconnu continuer \u00e0 travailler pour<br \/>\n\u201cgagner sa vie.\u201d Un aveu simple mais qui en dit long sur<br \/>\nla r\u00e9alit\u00e9 de certains musiciens, loin des clich\u00e9s de richesse.<\/p>\n<p>\u201c\u00c7a ne me g\u00eane pas, j\u2019adore \u00e7a\u201d<\/p>\n<p>Malgr\u00e9 cette petite retraite, le chanteur garde le moral.<br \/>\n\u201c\u00c7a ne me g\u00eane pas, j\u2019adore \u00e7a\u201d, a-t-il assur\u00e9. Michael<br \/>\nJones reste actif, pr\u00e9parant son grand concert \u00e0 l\u2019Olympia pr\u00e9vu le<br \/>\n28 septembre pour f\u00eater ses 60 ans de carri\u00e8re. Quant \u00e0 son ami<br \/>\nJean-Jacques Goldman, il a pr\u00e9f\u00e9r\u00e9 \u00e9luder toute comparaison :<br \/>\n\u201cJ\u2019en ai aucune id\u00e9e, on ne parle jamais d\u2019argent. \u00c7a n\u2019a aucun<br \/>\nint\u00e9r\u00eat.\u201d<\/p>\n<p>Une r\u00e9ponse claire, alors que Goldman, retir\u00e9 de la sc\u00e8ne depuis<br \/>\ndes ann\u00e9es, reste multimillionnaire gr\u00e2ce \u00e0 ses droits d\u2019auteur et<br \/>\n\u00e0 ses tubes cultes. Michael Jones, lui, continue de se produire sur<br \/>\nsc\u00e8ne, anim\u00e9 par la passion plut\u00f4t que par l\u2019envie de fortune. Ce<br \/>\nn&rsquo;est pas la premi\u00e8re fois que l&rsquo;artiste se confie sur sa relation<br \/>\navec son ami. En 2023, dans les colonnes de Closer, il avait<br \/>\nracont\u00e9 que Goldman avait pour habitude de lui faire une blague<br \/>\n:\u00a0 \u00ab\u00a0Lui qui ma\u00eetrise si bien la langue fran\u00e7aise, il<br \/>\nprenait un malin plaisir \u00e0 ne pas me corriger. \u00c7a le faisait marrer<br \/>\nde me laisser faire des fautes. J&rsquo;ai d\u00e9couvert r\u00e9cemment que l&rsquo;on<br \/>\nne disait pas &lsquo;mon&rsquo; guitare. La faute \u00e0 qui ?!\u00a0\u00bb<\/p>\n<p>\u201cJe vais lever le pied, \u00e7a devient<br \/>\ndifficile\u201d<\/p>\n<p>S\u2019il garde le rythme, l\u2019artiste reconna\u00eet que le temps commence<br \/>\n\u00e0 peser. P\u00e8re de trois enfants et grand-p\u00e8re combl\u00e9, il a confi\u00e9<br \/>\nvouloir ralentir : \u201cJe vais lever le pied\u2026 \u00e7a devient tr\u00e8s<br \/>\ndifficile logistiquement.\u201d Les tourn\u00e9es, les d\u00e9placements et<br \/>\nla fatigue ont fini par le rattraper.<\/p>\n<p>Il souhaite aussi laisser plus de libert\u00e9 \u00e0 ses musiciens :<br \/>\n\u201cJe veux leur laisser la possibilit\u00e9 de faire d\u2019autres<br \/>\naventures.\u201d Mais Michael Jones ne compte pas s\u2019arr\u00eater pour<br \/>\nautant. L\u2019ancien professeur de la <a href=\"https:\/\/www.closermag.fr\/people\/exclu.-michael-jones-il-prenait-un-malin-plaisir-a-ce-mauvais-tour-de-jean-jacques-goldman-a-son-egard-1722890\" target=\"_blank\" rel=\"noopener\"><br \/>\nStar Academy<\/a> se dit pr\u00eat \u00e0 \u00e9crire un nouveau chapitre, toujours<br \/>\nguid\u00e9 par la musique. Une mani\u00e8re pour lui de \u201cmettre un peu de<br \/>\nbeurre dans les \u00e9pinards\u201d, sans jamais perdre le sourire.<\/p>\n","protected":false},"excerpt":{"rendered":"\u00c0 la fin du mois de septembre, Michael Jones a \u00e9t\u00e9 interview\u00e9 dans l\u2019\u00e9mission Jet de Luxe, de&hellip;\n","protected":false},"author":2,"featured_media":449048,"comment_status":"","ping_status":"","sticky":false,"template":"","format":"standard","meta":{"footnotes":""},"categories":[8],"tags":[58,59,1011,27,7195,4829,137],"class_list":{"0":"post-449047","1":"post","2":"type-post","3":"status-publish","4":"format-standard","5":"has-post-thumbnail","7":"category-divertissement","8":"tag-divertissement","9":"tag-entertainment","10":"tag-fr","11":"tag-france","12":"tag-jean-jacques-goldman","13":"tag-jordan-de-luxe","14":"tag-retraite"},"share_on_mastodon":{"url":"https:\/\/pubeurope.com\/@fr\/115342053447412904","error":""},"_links":{"self":[{"href":"https:\/\/www.europesays.com\/fr\/wp-json\/wp\/v2\/posts\/449047","targetHints":{"allow":["GET"]}}],"collection":[{"href":"https:\/\/www.europesays.com\/fr\/wp-json\/wp\/v2\/posts"}],"about":[{"href":"https:\/\/www.europesays.com\/fr\/wp-json\/wp\/v2\/types\/post"}],"author":[{"embeddable":true,"href":"https:\/\/www.europesays.com\/fr\/wp-json\/wp\/v2\/users\/2"}],"replies":[{"embeddable":true,"href":"https:\/\/www.europesays.com\/fr\/wp-json\/wp\/v2\/comments?post=449047"}],"version-history":[{"count":0,"href":"https:\/\/www.europesays.com\/fr\/wp-json\/wp\/v2\/posts\/449047\/revisions"}],"wp:featuredmedia":[{"embeddable":true,"href":"https:\/\/www.europesays.com\/fr\/wp-json\/wp\/v2\/media\/449048"}],"wp:attachment":[{"href":"https:\/\/www.europesays.com\/fr\/wp-json\/wp\/v2\/media?parent=449047"}],"wp:term":[{"taxonomy":"category","embeddable":true,"href":"https:\/\/www.europesays.com\/fr\/wp-json\/wp\/v2\/categories?post=449047"},{"taxonomy":"post_tag","embeddable":true,"href":"https:\/\/www.europesays.com\/fr\/wp-json\/wp\/v2\/tags?post=449047"}],"curies":[{"name":"wp","href":"https:\/\/api.w.org\/{rel}","templated":true}]}}