{"id":449108,"date":"2025-10-09T03:59:11","date_gmt":"2025-10-09T03:59:11","guid":{"rendered":"https:\/\/www.europesays.com\/fr\/449108\/"},"modified":"2025-10-09T03:59:11","modified_gmt":"2025-10-09T03:59:11","slug":"sebastien-lecornu-ecarte-le-spectre-de-la-dissolution-emmanuel-macron-a-nouveau-face-au-choix-dun-premier-ministre","status":"publish","type":"post","link":"https:\/\/www.europesays.com\/fr\/449108\/","title":{"rendered":"S\u00e9bastien Lecornu \u00e9carte le spectre de la dissolution, Emmanuel Macron \u00e0 nouveau face au choix d\u2019un premier ministre"},"content":{"rendered":"<p>                         <img loading=\"lazy\" decoding=\"async\" src=\"https:\/\/www.europesays.com\/fr\/wp-content\/uploads\/2025\/10\/f335318_upload-1-zokzuqalmq0v-cbi1283020.jpg\" alt=\"Le premier ministre d\u00e9missionaire, S\u00e9bastien Lecornu, en direct sur le plateau de France 2, le 8\u00a0octobre 2025.\"   width=\"664\" height=\"443\"\/>    Le premier ministre d\u00e9missionaire, S\u00e9bastien Lecornu, en direct sur le plateau de France 2, le 8\u00a0octobre 2025.  CYRIL BITTON\/DIVERGENCE POUR \u00ab\u00a0LE MONDE\u00a0\u00bb                 <\/p>\n<p class=\"article__paragraph  \">Le spectre de la dissolution s\u2019est \u00e9loign\u00e9, au moins provisoirement, de l\u2019Assembl\u00e9e nationale, mercredi 8\u00a0octobre. Apr\u00e8s quarante-huit heures de concertations men\u00e9es tambour battant \u00e0 Matignon, \u00ab\u00a0il y a une majorit\u00e9 absolue \u00e0 l\u2019Assembl\u00e9e nationale qui refuse la dissolution\u00a0\u00bb, a martel\u00e9 S\u00e9bastien Lecornu au \u00ab\u00a020\u00a0heures\u00a0\u00bb de France 2. \u00ab\u00a0Le chemin\u00a0\u00bb du compromis \u00ab\u00a0est possible encore\u00a0\u00bb, veut croire le premier ministre, apr\u00e8s le s\u00e9isme politique engendr\u00e9 par sa d\u00e9mission, lundi.<\/p>\n<p>                                   Lire aussi |  <a href=\"https:\/\/www.lemonde.fr\/politique\/live\/2025\/10\/08\/en-direct-crise-politique-sebastien-lecornu-assure-qu-il-y-a-une-volonte-des-forces-politiques-d-avoir-un-budget-avant-le-31-decembre_6644534_823448.html\" class=\"js-article-read-also catcher--favoris__link\" data-premium=\"\" id=\"article-title-3440922\" rel=\"nofollow noopener\" target=\"_blank\">EN DIRECT, crise politique\u00a0: Emmanuel Macron \u00ab\u00a0nommera un premier ministre d\u2019ici 48 heures\u00a0\u00bb, confirme l\u2019Elys\u00e9e<\/a>    <\/p>\n<p>   Lire plus tard  <\/p>\n<p class=\"article__paragraph  \">Se d\u00e9peignant comme un \u00ab\u00a0moine soldat\u00a0\u00bb, S\u00e9bastien Lecornu a d\u00e9cid\u00e9 d\u2019acter sa fin de parcours devant les Fran\u00e7ais, profond\u00e9ment d\u00e9boussol\u00e9s par cette instabilit\u00e9 politique chronique. Avant son entretien t\u00e9l\u00e9vis\u00e9, ce soutien ind\u00e9fectible du chef de l\u2019Etat a \u00e9t\u00e9 re\u00e7u \u00e0 l\u2019Elys\u00e9e, par ce dernier, durant une heure quarante. <a href=\"https:\/\/www.lemonde.fr\/politique\/article\/2025\/10\/09\/sebastien-lecornu-au-20-heures-de-france-2-l-extreme-droite-denonce-un-bavardage-le-ps-reclame-a-nouveau-matignon_6645406_823448.html\" rel=\"nofollow noopener\" target=\"_blank\">A l\u2019issue de son passage au \u00ab\u00a020\u00a0heures\u00a0\u00bb sur France\u00a02, <\/a>l\u2019entourage d\u2019Emmanuel Macron a tenu \u00e0 faire savoir aupr\u00e8s de l\u2019Agence France-Presse\u00a0qu\u2019il remerciait son premier ministre pour son travail des \u00ab\u00a0quarante-huit derni\u00e8res heures\u00a0\u00bb.<\/p>\n<p class=\"article__paragraph  \">Mais l\u2019histoire aurait pu s\u2019\u00e9crire autrement. Face au r\u00e9veil \u00ab\u00a0des app\u00e9tits partisans\u00a0\u00bb, c\u2019est un Emmanuel Macron \u00ab\u00a0impulsif, orgueilleux, joueur\u00a0\u00bb, selon l\u2019un de ses anciens ministres, qui envisageait, d\u00e8s dimanche soir, une dissolution pour rendre la monnaie de leur pi\u00e8ce aux R\u00e9publicains de Bruno Retailleau. Ces derniers sont jug\u00e9s \u00e0 l\u2019Elys\u00e9e responsables de la mort du \u00ab\u00a0socle commun\u00a0\u00bb et de la ruine du gouvernement Lecornu, apr\u00e8s avoir protest\u00e9 contre la pr\u00e9sence de l\u2019ancien ministre de l\u2019\u00e9conomie Bruno Le Maire au portefeuille des arm\u00e9es, domaine r\u00e9serv\u00e9 du chef de l\u2019Etat.<\/p>\n<p class=\"reading-mode-only \"><strong>Il vous reste 81.57% de cet article \u00e0 lire. La suite est r\u00e9serv\u00e9e aux abonn\u00e9s.<\/strong><\/p>\n","protected":false},"excerpt":{"rendered":"Le premier ministre d\u00e9missionaire, S\u00e9bastien Lecornu, en direct sur le plateau de France 2, le 8\u00a0octobre 2025. CYRIL&hellip;\n","protected":false},"author":2,"featured_media":449109,"comment_status":"","ping_status":"","sticky":false,"template":"","format":"standard","meta":{"footnotes":""},"categories":[1888],"tags":[1111,1928,11,1927,1777,674,1011,27,12,1926,626,1925,25],"class_list":{"0":"post-449108","1":"post","2":"type-post","3":"status-publish","4":"format-standard","5":"has-post-thumbnail","7":"category-paris","8":"tag-actu","9":"tag-actu-paris","10":"tag-actualites","11":"tag-actualites-paris","12":"tag-eu","13":"tag-europe","14":"tag-fr","15":"tag-france","16":"tag-news","17":"tag-news-paris","18":"tag-paris","19":"tag-paris-news","20":"tag-republique-francaise"},"share_on_mastodon":{"url":"https:\/\/pubeurope.com\/@fr\/115342210836120413","error":""},"_links":{"self":[{"href":"https:\/\/www.europesays.com\/fr\/wp-json\/wp\/v2\/posts\/449108","targetHints":{"allow":["GET"]}}],"collection":[{"href":"https:\/\/www.europesays.com\/fr\/wp-json\/wp\/v2\/posts"}],"about":[{"href":"https:\/\/www.europesays.com\/fr\/wp-json\/wp\/v2\/types\/post"}],"author":[{"embeddable":true,"href":"https:\/\/www.europesays.com\/fr\/wp-json\/wp\/v2\/users\/2"}],"replies":[{"embeddable":true,"href":"https:\/\/www.europesays.com\/fr\/wp-json\/wp\/v2\/comments?post=449108"}],"version-history":[{"count":0,"href":"https:\/\/www.europesays.com\/fr\/wp-json\/wp\/v2\/posts\/449108\/revisions"}],"wp:featuredmedia":[{"embeddable":true,"href":"https:\/\/www.europesays.com\/fr\/wp-json\/wp\/v2\/media\/449109"}],"wp:attachment":[{"href":"https:\/\/www.europesays.com\/fr\/wp-json\/wp\/v2\/media?parent=449108"}],"wp:term":[{"taxonomy":"category","embeddable":true,"href":"https:\/\/www.europesays.com\/fr\/wp-json\/wp\/v2\/categories?post=449108"},{"taxonomy":"post_tag","embeddable":true,"href":"https:\/\/www.europesays.com\/fr\/wp-json\/wp\/v2\/tags?post=449108"}],"curies":[{"name":"wp","href":"https:\/\/api.w.org\/{rel}","templated":true}]}}