{"id":449146,"date":"2025-10-09T04:22:10","date_gmt":"2025-10-09T04:22:10","guid":{"rendered":"https:\/\/www.europesays.com\/fr\/449146\/"},"modified":"2025-10-09T04:22:10","modified_gmt":"2025-10-09T04:22:10","slug":"gilberto-mora-nouveau-phenomene-recordman-de","status":"publish","type":"post","link":"https:\/\/www.europesays.com\/fr\/449146\/","title":{"rendered":"Gilberto Mora, nouveau ph\u00e9nom\u00e8ne recordman de &#8230;"},"content":{"rendered":"<p>La <strong>Coupe du Monde U20<\/strong> au Chili est une<br \/>\nvitrine de choix pour les talents de demain, et si le<br \/>\n<strong>PSG<\/strong> y compte son jeune d\u00e9fenseur <strong>Noham<br \/>\nKamara<\/strong>, un autre nom fait actuellement sensation et capte<br \/>\nl\u2019attention des recruteurs parisiens : <strong>Gilberto<br \/>\nMora<\/strong>. \u00c0 seulement, le milieu offensif mexicain est l\u2019objet<br \/>\nde toutes les convoitises, notamment celle du <strong><a href=\"https:\/\/canal-supporters.com\/\" target=\"_blank\" rel=\"noopener\">Paris Saint-Germain<\/a><\/strong>,<br \/>\nqui multiplie les pistes pour s\u2019assurer les futures p\u00e9pites du<br \/>\nfootball mondial.<\/p>\n<p>Un Diamant Brut qui Brille au<br \/>\nChili<\/p>\n<p>Depuis le d\u00e9but de la comp\u00e9tition, qui a vu cette nuit le<br \/>\nMexique \u00e9liminer le pays h\u00f4te, le Chili, pour se qualifier en<br \/>\nquarts de finale, <strong>Gilberto Mora<\/strong> s\u2019impose comme la<br \/>\nfigure de proue de son \u00e9quipe. Le jeune droitier, qui f\u00eatera ses 17<br \/>\nans le 14 octobre prochain, affiche des statistiques<br \/>\nimpressionnantes pour son \u00e2ge : trois buts, dont un doubl\u00e9 face \u00e0<br \/>\nl\u2019Espagne en poule, et deux passes d\u00e9cisives. Son profil, de petit<br \/>\nformat (1m68) et tr\u00e8s technique, rappelle celui de l\u2019Argentin<br \/>\n<strong>Thiago Almada<\/strong>. Capable d\u2019\u00e9voluer en num\u00e9ro 10, sur<br \/>\nun c\u00f4t\u00e9 ou en soutien d\u2019un attaquant, <strong>Mora<\/strong> est<br \/>\nd\u00e9j\u00e0 un titulaire indiscutable \u00e0 Tijuana, son club formateur, o\u00f9 il<br \/>\na d\u00e9but\u00e9 professionnellement \u00e0 un \u00e2ge record : 15 ans et 308 jours.<br \/>\nCette saison en championnat, il confirme son potentiel avec d\u00e9j\u00e0 3<br \/>\nbuts et 1 passe d\u00e9cisive en 8 apparitions.<\/p>\n<p>Plus Pr\u00e9coce que Lamine Yamal : un<br \/>\nRecord Historique<\/p>\n<p>Mais ce qui rend <strong>Gilberto Mora<\/strong> si particulier,<br \/>\nce sont ses records de pr\u00e9cocit\u00e9 en s\u00e9lection A. Avec d\u00e9j\u00e0 3<br \/>\ns\u00e9lections au compteur, il a remport\u00e9 la <strong>Gold Cup<\/strong><br \/>\nl\u2019\u00e9t\u00e9 dernier. \u00c0 16 ans et 265 jours, il est devenu le plus<br \/>\n<strong\/>jeune vainqueur d\u2019un tournoi international chez<br \/>\nles A au XXIe si\u00e8cle, d\u00e9tr\u00f4nant ainsi <strong>Lamine<br \/>\nYamal<\/strong>, vainqueur de l\u2019<strong>Euro 2024<\/strong> avec<br \/>\nl\u2019<strong>Espagne<\/strong> (\u00e0 17 ans et 1 jour).<\/p>\n<blockquote class=\"twitter-tweet\" data-width=\"550\" data-dnt=\"true\">\n<p lang=\"en\" dir=\"ltr\">-Gilberto Mora: 16 years, 265 days old<br \/>-Lamine Yamal: 17 years, 2 days old<br \/>-Pel\u00e9: 17 years, 249 days old<\/p>\n<p>Mexico&rsquo;s Gilberto Mora is now the youngest player to EVER win an international final \ud83d\ude2e <a href=\"https:\/\/t.co\/lvFphc6JrT\">pic.twitter.com\/lvFphc6JrT<\/a><\/p>\n<p> \u2014 ESPN FC (@ESPNFC) <a href=\"https:\/\/twitter.com\/ESPNFC\/status\/1942316795055993142?ref_src=twsrc%5Etfw\" target=\"_blank\" rel=\"noopener\"> July 7, 2025<\/a><\/p><\/blockquote>\n<p>X :<br \/>\n@ESPNFC<\/p>\n<p>Cette performance, bien que r\u00e9alis\u00e9e dans une comp\u00e9tition au<br \/>\nniveau inf\u00e9rieur \u00e0 celui de l\u2019<strong>Euro<\/strong>, lui ouvre d\u00e9j\u00e0<br \/>\nles portes d\u2019une potentielle participation \u00e0 la <strong>Coupe du<br \/>\nMonde 2026<\/strong> qui se d\u00e9roulera en partie\u2026 au Mexique. Son<br \/>\npotentiel est tel qu\u2019il devrait m\u00eame \u00eatre appel\u00e9 en s\u00e9lection A<br \/>\npour des matchs amicaux en novembre, lui faisant manquer la<br \/>\n<strong>Coupe du Monde U17<\/strong>.<\/p>\n<p>Le PSG en P\u00f4le Position, la<br \/>\nConcurrence F\u00e9roce<\/p>\n<p>L\u2019\u00e9closion de <strong>Gilberto Mora<\/strong> n\u2019est \u00e9videmment<br \/>\npas pass\u00e9e inaper\u00e7ue aupr\u00e8s des grands clubs europ\u00e9ens. Si le<br \/>\n<strong>Real Madrid<\/strong>, <strong>Arsenal<\/strong>,<br \/>\n<strong>Manchester City<\/strong> et le <strong>Bar\u00e7a<\/strong> sont<br \/>\ncit\u00e9s, les derni\u00e8res informations en provenance du Mexique<br \/>\nconfirment l\u2019int\u00e9r\u00eat du <strong>PSG<\/strong> et de l\u2019<strong>Ajax<br \/>\nAmsterdam<\/strong>, qui supervisent activement le prodige durant<br \/>\ncet U20.<\/p>\n<p>Cette nouvelle piste s\u2019ajoute \u00e0 celle, plus ancienne, concernant<br \/>\nle milieu offensif portugais de Porto, <strong>Rodrigo<br \/>\nMora<\/strong> (18 ans). La strat\u00e9gie de <strong>Luis<br \/>\nCampos<\/strong> est claire : identifier et s\u00e9curiser les plus<br \/>\ngrands espoirs mondiaux. Il faudra toutefois s\u2019armer de patience.<br \/>\nEn effet, <strong>Gilberto Mora<\/strong> ne f\u00eatera ses 18 ans qu\u2019en<br \/>\n<strong>octobre 2026<\/strong>. Un transfert en Europe ne pourra<br \/>\ndonc l\u00e9galement \u00eatre finalis\u00e9 qu\u2019au mieux en <strong>janvier<br \/>\n2027<\/strong>. D\u2019ici l\u00e0, le jeune Mexicain, d\u00e9sormais repr\u00e9sent\u00e9<br \/>\npar <strong>Rafaela Pimienta<\/strong> (agent d\u2019<strong>Erling<br \/>\nHaaland<\/strong>), aura tout le loisir de confirmer son immense<br \/>\ntalent dans son championnat domestique et potentiellement lors du<br \/>\n<strong>Mondial 2026<\/strong> \u00e0 domicile. Pour le<br \/>\n<strong>PSG<\/strong> et ses concurrents, le compte \u00e0 rebours est<br \/>\nlanc\u00e9 pour positionner ses pions.<\/p>\n<\/p>\n<p>YouTube : <a href=\"https:\/\/www.youtube.com\/watch?v=ES7hIw-0CvI&amp;t=25s\" target=\"_blank\" rel=\"noopener\">Canal<br \/>\nSupporters Paris<\/a><\/p>\n<p><script async src=\"https:\/\/platform.twitter.com\/widgets.js\" charset=\"utf-8\"><\/script><\/p>\n","protected":false},"excerpt":{"rendered":"La Coupe du Monde U20 au Chili est une vitrine de choix pour les talents de demain, et&hellip;\n","protected":false},"author":2,"featured_media":449147,"comment_status":"","ping_status":"","sticky":false,"template":"","format":"standard","meta":{"footnotes":""},"categories":[1410],"tags":[81,63,1011,27,57531,57532,1434,1435,10556,10558,91,92,93,60,96],"class_list":{"0":"post-449146","1":"post","2":"type-post","3":"status-publish","4":"format-standard","5":"has-post-thumbnail","7":"category-football","8":"tag-canal-supporters","9":"tag-football","10":"tag-fr","11":"tag-france","12":"tag-gilberto-mora","13":"tag-gilberto-mora-psg","14":"tag-mercato","15":"tag-mercato-psg","16":"tag-mora","17":"tag-mora-psg","18":"tag-paris-saint-germain","19":"tag-paris-sg","20":"tag-psg","21":"tag-sports","22":"tag-une"},"share_on_mastodon":{"url":"https:\/\/pubeurope.com\/@fr\/115342301302813272","error":""},"_links":{"self":[{"href":"https:\/\/www.europesays.com\/fr\/wp-json\/wp\/v2\/posts\/449146","targetHints":{"allow":["GET"]}}],"collection":[{"href":"https:\/\/www.europesays.com\/fr\/wp-json\/wp\/v2\/posts"}],"about":[{"href":"https:\/\/www.europesays.com\/fr\/wp-json\/wp\/v2\/types\/post"}],"author":[{"embeddable":true,"href":"https:\/\/www.europesays.com\/fr\/wp-json\/wp\/v2\/users\/2"}],"replies":[{"embeddable":true,"href":"https:\/\/www.europesays.com\/fr\/wp-json\/wp\/v2\/comments?post=449146"}],"version-history":[{"count":0,"href":"https:\/\/www.europesays.com\/fr\/wp-json\/wp\/v2\/posts\/449146\/revisions"}],"wp:featuredmedia":[{"embeddable":true,"href":"https:\/\/www.europesays.com\/fr\/wp-json\/wp\/v2\/media\/449147"}],"wp:attachment":[{"href":"https:\/\/www.europesays.com\/fr\/wp-json\/wp\/v2\/media?parent=449146"}],"wp:term":[{"taxonomy":"category","embeddable":true,"href":"https:\/\/www.europesays.com\/fr\/wp-json\/wp\/v2\/categories?post=449146"},{"taxonomy":"post_tag","embeddable":true,"href":"https:\/\/www.europesays.com\/fr\/wp-json\/wp\/v2\/tags?post=449146"}],"curies":[{"name":"wp","href":"https:\/\/api.w.org\/{rel}","templated":true}]}}