{"id":449213,"date":"2025-10-09T05:02:09","date_gmt":"2025-10-09T05:02:09","guid":{"rendered":"https:\/\/www.europesays.com\/fr\/449213\/"},"modified":"2025-10-09T05:02:09","modified_gmt":"2025-10-09T05:02:09","slug":"une-grande-vente-de-vetements-de-marque-a-prix-casses-ce-samedi-a-deux-pas-de-lille","status":"publish","type":"post","link":"https:\/\/www.europesays.com\/fr\/449213\/","title":{"rendered":"Une grande vente de v\u00eatements de marque \u00e0 prix cass\u00e9s ce samedi \u00e0 deux pas de Lille"},"content":{"rendered":"<p>            Par<br \/>\n        <strong><br \/>\n            <a href=\"https:\/\/actu.fr\/auteur\/nicolas-demollien\" title=\"Consulter tous les articles de Nicolas Demollien\" target=\"_blank\" rel=\"noopener\">Nicolas Demollien<\/a><br \/>\n        <\/strong><\/p>\n<p>        Publi\u00e9 le<\/p>\n<p>            9 oct. 2025 \u00e0 6h04        <\/p>\n<p>C\u2019est le moment de <b>se faire plaisir \u00e0 petits prix<\/b>, et en plus c\u2019est pour une belle cause ! Ce samedi 11 octobre 2025, une <b>grande vente de v\u00eatements de marque neufs<\/b> est propos\u00e9e \u00e0 <a href=\"https:\/\/actu.fr\/hauts-de-france\/marcq-en-baroeul_59378\" target=\"_blank\" rel=\"noopener\">Marcq-en-Bar\u0153ul<\/a>, tout pr\u00e8s de <a href=\"https:\/\/actu.fr\/hauts-de-france\/lille_59350\" target=\"_blank\" rel=\"noopener\">Lille<\/a> (Nord).<\/p>\n<p>Des v\u00eatements neufs de marque \u00e0 prix cass\u00e9s ce samedi pr\u00e8s de Lille<\/p>\n<p class=\" wall-content\">Cette vente est mise en place par le <b>Lions Club<\/b> local qui promet \u00ab\u00a0<b>des prix plus que massacr\u00e9s<\/b>\u00a0\u00bb pour l\u2019occasion. Elle se d\u00e9roulera de 9h \u00e0 17h sans interruption, au 63 boulevard Clemenceau.<\/p>\n<p class=\" wall-content\">Des <b>pi\u00e8ces hommes, femmes et enfants de toutes tailles<\/b> seront propos\u00e9es, <b>\u00e0 partir de 2\u20ac<\/b>. Et ce n\u2019est pas tout puisque vous trouverez aussi sur place <b>quelques objets de d\u00e9coration<\/b>, eux aussi \u00e0 prix cass\u00e9s.<\/p>\n<p class=\" wall-content\">\u00ab\u00a0Dans le m\u00eame temps, vous participerez \u00e0 une bonne action puisque l\u2019int\u00e9gralit\u00e9 des sommes r\u00e9colt\u00e9es seront redistribu\u00e9es aux \u0153uvres du Lions Club\u00a0\u00bb, sourient les organisateurs.<\/p>\n<p class=\" wall-content\">Et de demander aux visiteurs de pr\u00e9voir leurs sacs cabas pour y emporter toutes leurs trouvailles. Bon shopping !<\/p>\n<p>    <a href=\"https:\/\/www.facebook.com\/plugins\/post.php?href=https%3A%2F%2Fwww.facebook.com%2Fpermalink.php%3Fstory_fbid%3D801944489447475%26id%3D100068307282373%26substory_index%3D801944489447475&amp;show_text=true&amp;width=350\" title=\"Ouvrie le lien\" target=\"_blank\" rel=\"noopener\">Cliquez ici pour visualiser le contenu<\/a><\/p>\n<p class=\" wall-content\">Plus d\u2019infos sur le site <a href=\"https:\/\/lions-marcqenbaroeul.myassoc.org\/action-vente-d-octobre-90806.html\" target=\"_blank\" rel=\"noopener\">lions-marcqenbaroeul.myassoc.org<\/a><\/p>\n<p class=\" wall-content\">Personnalisez votre actualit\u00e9 en ajoutant vos villes et m\u00e9dias en favori avec <a href=\"https:\/\/moncompte.actu.fr\" title=\"D\u00e9couvez Mon Actu\" rel=\"nofollow noopener\" data-trk=\"{&quot;cta&quot;:{&quot;action&quot;:&quot;https:\\\/\\\/moncompte.actu.fr&quot;,&quot;category&quot;:&quot;mon compte&quot;,&quot;from&quot;:&quot;article footer&quot;,&quot;name&quot;:&quot;Mon actu&quot;,&quot;type&quot;:&quot;cta&quot;}}\" target=\"_blank\">Mon Actu<\/a>.<\/p>\n","protected":false},"excerpt":{"rendered":"Par Nicolas Demollien Publi\u00e9 le 9 oct. 2025 \u00e0 6h04 C\u2019est le moment de se faire plaisir \u00e0&hellip;\n","protected":false},"author":2,"featured_media":449214,"comment_status":"","ping_status":"","sticky":false,"template":"","format":"standard","meta":{"footnotes":""},"categories":[2815],"tags":[1111,11,6557,1777,674,1011,27,811,1307,1652,12,25],"class_list":{"0":"post-449213","1":"post","2":"type-post","3":"status-publish","4":"format-standard","5":"has-post-thumbnail","7":"category-lille","8":"tag-actu","9":"tag-actualites","10":"tag-bon-plan-a-lille","11":"tag-eu","12":"tag-europe","13":"tag-fr","14":"tag-france","15":"tag-hauts-de-france","16":"tag-lille","17":"tag-loisirs-culture","18":"tag-news","19":"tag-republique-francaise"},"share_on_mastodon":{"url":"https:\/\/pubeurope.com\/@fr\/115342458530429210","error":""},"_links":{"self":[{"href":"https:\/\/www.europesays.com\/fr\/wp-json\/wp\/v2\/posts\/449213","targetHints":{"allow":["GET"]}}],"collection":[{"href":"https:\/\/www.europesays.com\/fr\/wp-json\/wp\/v2\/posts"}],"about":[{"href":"https:\/\/www.europesays.com\/fr\/wp-json\/wp\/v2\/types\/post"}],"author":[{"embeddable":true,"href":"https:\/\/www.europesays.com\/fr\/wp-json\/wp\/v2\/users\/2"}],"replies":[{"embeddable":true,"href":"https:\/\/www.europesays.com\/fr\/wp-json\/wp\/v2\/comments?post=449213"}],"version-history":[{"count":0,"href":"https:\/\/www.europesays.com\/fr\/wp-json\/wp\/v2\/posts\/449213\/revisions"}],"wp:featuredmedia":[{"embeddable":true,"href":"https:\/\/www.europesays.com\/fr\/wp-json\/wp\/v2\/media\/449214"}],"wp:attachment":[{"href":"https:\/\/www.europesays.com\/fr\/wp-json\/wp\/v2\/media?parent=449213"}],"wp:term":[{"taxonomy":"category","embeddable":true,"href":"https:\/\/www.europesays.com\/fr\/wp-json\/wp\/v2\/categories?post=449213"},{"taxonomy":"post_tag","embeddable":true,"href":"https:\/\/www.europesays.com\/fr\/wp-json\/wp\/v2\/tags?post=449213"}],"curies":[{"name":"wp","href":"https:\/\/api.w.org\/{rel}","templated":true}]}}