{"id":449225,"date":"2025-10-09T05:10:11","date_gmt":"2025-10-09T05:10:11","guid":{"rendered":"https:\/\/www.europesays.com\/fr\/449225\/"},"modified":"2025-10-09T05:10:11","modified_gmt":"2025-10-09T05:10:11","slug":"julien-clerc-texte-de-victor-hugo-ce-qui-est-prevu-a-paris-pour-lentree-de-robert-badinter-au-pantheon","status":"publish","type":"post","link":"https:\/\/www.europesays.com\/fr\/449225\/","title":{"rendered":"Julien Clerc, texte de Victor Hugo\u2026 Ce qui est pr\u00e9vu \u00e0 Paris pour l&rsquo;entr\u00e9e de Robert Badinter au Panth\u00e9on"},"content":{"rendered":"<p>            Par<br \/>\n        <strong><br \/>\n            <a href=\"https:\/\/actu.fr\/auteur\/redaction-paris\" title=\"Consulter tous les articles de R\u00e9daction Paris\" target=\"_blank\" rel=\"noopener\">R\u00e9daction Paris<\/a><br \/>\n        <\/strong><\/p>\n<p>        Publi\u00e9 le<\/p>\n<p>            9 oct. 2025 \u00e0 6h04        <\/p>\n<p>Robert Badinter, <a href=\"https:\/\/actu.fr\/politique\/robert-badinter-le-pere-de-l-abolition-de-la-peine-de-mort-est-mort_38346189.html\" target=\"_blank\" rel=\"noopener\">d\u00e9c\u00e9d\u00e9 le 9\u00a0f\u00e9vrier 2024 \u00e0 l\u2019\u00e2ge de 95\u00a0ans<\/a>, va faire son entr\u00e9e au <a href=\"https:\/\/actu.fr\/tag\/pantheon\" target=\"_blank\" rel=\"noopener\">Panth\u00e9on<\/a> \u00e0 <a href=\"https:\/\/actu.fr\/paris\/\" target=\"_blank\" rel=\"noopener\">Paris<\/a> (5e), jeudi 9\u00a0octobre 2025, date anniversaire de la promulgation de la loi pour l\u2019<strong>abolition de la peine de mort<\/strong>, dont il fut le grand architecte. Apr\u00e8s Simone Veil, Maurice Genevoix, Jos\u00e9phine Baker et le couple Manouchian, il s\u2019agira de la cinqui\u00e8me panth\u00e9onisation organis\u00e9e sous les mandats d\u2019<a href=\"https:\/\/actu.fr\/tag\/emmanuel-macron\" target=\"_blank\" rel=\"noopener\">Emmanuel Macron<\/a>.<\/p>\n<p>Transfert vers le Panth\u00e9on \u00e0 partir de 17\u00a0heures<\/p>\n<p class=\" wall-content\">Au lendemain de <a href=\"https:\/\/actu.fr\/ile-de-france\/paris_75056\/pantheonisation-de-robert-badinter-il-sera-possible-de-rendre-hommage-a-l-ex-garde-des-sceaux_63256309.html\" target=\"_blank\" rel=\"noopener\">la veill\u00e9e fun\u00e8bre<\/a> organis\u00e9e au Conseil constitutionnel, que l\u2019ancien garde des Sceaux a pr\u00e9sid\u00e9 de 1986 \u00e0 1995, la panth\u00e9onisation va avoir lieu jeudi 9\u00a0octobre.\u00a0\u00c0 midi, un tir du petit canon est annonc\u00e9 dans les jardins du Palais-Royal. Puis le public sera invit\u00e9 \u00e0 se recueillir sur le cercueil, avant qu\u2019il ne soit transf\u00e9r\u00e9 vers le Panth\u00e9on \u00e0 partir de 17\u00a0heures.<\/p>\n<p class=\" wall-content\">Le d\u00e9but de la c\u00e9r\u00e9monie officielle, que l\u2019\u00c9lys\u00e9e annonce \u00ab\u2009sobre\u2009\u00bb et \u00ab\u2009solennelle\u2009\u00bb, est fix\u00e9 \u00e0 19\u00a0heures et cette derni\u00e8re doit durer environ une heure. Elle suivra \u00ab\u2009le sc\u00e9nario traditionnel\u2009\u00bb, \u00e0 savoir la remont\u00e9e du cercueil de la rue Soufflot, son accueil sous la nef du Panth\u00e9on par le pr\u00e9sident de la R\u00e9publique, Emmanuel Macron, qui prononcera alors un discours \u00ab\u2009court\u2009\u00bb et \u00ab\u2009percutant\u2009\u00bb.<\/p>\n<p class=\" wall-content\">Le cercueil sera, ensuite, install\u00e9 dans le caveau \u00ab\u2009des r\u00e9volutionnaires de 1\u2009789\u2009\u00bb, o\u00f9 Condorcet, l\u2019abb\u00e9 Gr\u00e9goire et Gaspard Monge reposent depuis le bicentenaire de la R\u00e9volution.<\/p>\n<p>Julien Clerc, texte de Victor Hugo<\/p>\n<p class=\" wall-content\">La c\u00e9r\u00e9monie reviendra sur le parcours exceptionnel de Robert Badinter, en \u00e9tant ponctu\u00e9e de plusieurs forts. Le chanteur Julien Clerc interpr\u00e9tera notamment son titre \u00ab\u2009L\u2019assassin assassin\u00e9\u2009\u00bb, \u00e9crit apr\u00e8s le proc\u00e8s de Norbert Garceau, auquel il avait assist\u00e9 et durant lequel l\u2019ancien ministre, alors avocat, avait permis d\u2019\u00e9viter \u00e0 l\u2019accus\u00e9 la guillotine.<\/p>\n<p class=\" wall-content\">\n<p class=\" wall-content\">Plusieurs textes et plaidoiries, choisis par la veuve de Robert Badinter, Elisabeth, seront \u00e9galement lus, comme cela sera le cas, entre autres, avec <strong>un texte de Victor Hugo<\/strong> sur le th\u00e8me de la peine de mort, que le com\u00e9dien Guillaume Gallienne r\u00e9citera, ou une lecture assur\u00e9e par la com\u00e9dienne Marina Hands.<\/p>\n<p>Votre r\u00e9gion, votre actu !<\/p>\n<p>Recevez chaque jour les infos qui comptent pour vous.<\/p>\n<p>\t<a href=\"https:\/\/actu.fr\/newsletter\" class=\"ac-btn ac-btn--corner ac-btn--medium ac-btn--blue800\" target=\"_blank\" rel=\"noopener\">S&rsquo;incrire<\/a><\/p>\n<p class=\" wall-content\">Ouverte au public, la c\u00e9r\u00e9monie sera \u00e9galement diffus\u00e9e sur France 2 \u00e0 partir de 17\u2009h\u200915, sur TF1 \u00e0 partir de 18\u2009h et sur TV5Monde \u00e0 partir de 18\u2009h\u200930.<\/p>\n<p class=\" wall-content\">Personnalisez votre actualit\u00e9 en ajoutant vos villes et m\u00e9dias en favori avec <a href=\"https:\/\/moncompte.actu.fr\" title=\"D\u00e9couvez Mon Actu\" rel=\"nofollow noopener\" data-trk=\"{&quot;cta&quot;:{&quot;action&quot;:&quot;https:\\\/\\\/moncompte.actu.fr&quot;,&quot;category&quot;:&quot;mon compte&quot;,&quot;from&quot;:&quot;article footer&quot;,&quot;name&quot;:&quot;Mon actu&quot;,&quot;type&quot;:&quot;cta&quot;}}\" target=\"_blank\">Mon Actu<\/a>.<\/p>\n","protected":false},"excerpt":{"rendered":"Par R\u00e9daction Paris Publi\u00e9 le 9 oct. 2025 \u00e0 6h04 Robert Badinter, d\u00e9c\u00e9d\u00e9 le 9\u00a0f\u00e9vrier 2024 \u00e0 l\u2019\u00e2ge&hellip;\n","protected":false},"author":2,"featured_media":449226,"comment_status":"","ping_status":"","sticky":false,"template":"","format":"standard","meta":{"footnotes":""},"categories":[1888],"tags":[1111,1928,11,1927,1777,674,1011,27,12,1926,9711,626,1925,25,104],"class_list":{"0":"post-449225","1":"post","2":"type-post","3":"status-publish","4":"format-standard","5":"has-post-thumbnail","7":"category-paris","8":"tag-actu","9":"tag-actu-paris","10":"tag-actualites","11":"tag-actualites-paris","12":"tag-eu","13":"tag-europe","14":"tag-fr","15":"tag-france","16":"tag-news","17":"tag-news-paris","18":"tag-pantheon","19":"tag-paris","20":"tag-paris-news","21":"tag-republique-francaise","22":"tag-societe"},"share_on_mastodon":{"url":"https:\/\/pubeurope.com\/@fr\/115342489924016256","error":""},"_links":{"self":[{"href":"https:\/\/www.europesays.com\/fr\/wp-json\/wp\/v2\/posts\/449225","targetHints":{"allow":["GET"]}}],"collection":[{"href":"https:\/\/www.europesays.com\/fr\/wp-json\/wp\/v2\/posts"}],"about":[{"href":"https:\/\/www.europesays.com\/fr\/wp-json\/wp\/v2\/types\/post"}],"author":[{"embeddable":true,"href":"https:\/\/www.europesays.com\/fr\/wp-json\/wp\/v2\/users\/2"}],"replies":[{"embeddable":true,"href":"https:\/\/www.europesays.com\/fr\/wp-json\/wp\/v2\/comments?post=449225"}],"version-history":[{"count":0,"href":"https:\/\/www.europesays.com\/fr\/wp-json\/wp\/v2\/posts\/449225\/revisions"}],"wp:featuredmedia":[{"embeddable":true,"href":"https:\/\/www.europesays.com\/fr\/wp-json\/wp\/v2\/media\/449226"}],"wp:attachment":[{"href":"https:\/\/www.europesays.com\/fr\/wp-json\/wp\/v2\/media?parent=449225"}],"wp:term":[{"taxonomy":"category","embeddable":true,"href":"https:\/\/www.europesays.com\/fr\/wp-json\/wp\/v2\/categories?post=449225"},{"taxonomy":"post_tag","embeddable":true,"href":"https:\/\/www.europesays.com\/fr\/wp-json\/wp\/v2\/tags?post=449225"}],"curies":[{"name":"wp","href":"https:\/\/api.w.org\/{rel}","templated":true}]}}