{"id":449313,"date":"2025-10-09T05:57:13","date_gmt":"2025-10-09T05:57:13","guid":{"rendered":"https:\/\/www.europesays.com\/fr\/449313\/"},"modified":"2025-10-09T05:57:13","modified_gmt":"2025-10-09T05:57:13","slug":"ivre-et-vexe-un-grenoblois-fonce-dans-la-foule-avec-sa-voiture-a-chambery","status":"publish","type":"post","link":"https:\/\/www.europesays.com\/fr\/449313\/","title":{"rendered":"Ivre et vex\u00e9, un Grenoblois fonce dans la foule avec sa voiture \u00e0 Chamb\u00e9ry"},"content":{"rendered":"<p itemprop=\"description\"><strong>Sc\u00e8ne de panique dimanche au petit matin \u00e0 Chamb\u00e9ry.<\/strong><\/p>\n<p>Un Grenoblois \u00e2g\u00e9 de 29 ans est sorti peu avant 7h du Carr\u00e9 Curial, une bo\u00eete de nuit de la ville savoyarde. Et devant l&rsquo;\u00e9tablissement, il a engag\u00e9 la conversation avec un groupe de personnes, leur proposant de poursuivre les festivit\u00e9s ailleurs. Ivre et un peu trop insistant, le Grenoblois a \u00e9t\u00e9 gifl\u00e9 par l&rsquo;un des membres du groupe.<\/p>\n<p>Vex\u00e9, l&rsquo;individu est all\u00e9 chercher sa voiture sur le parking et l&rsquo;a utilis\u00e9e pour foncer \u00e0 plusieurs reprises sur les personnes qui l&rsquo;avaient rejet\u00e9. L&rsquo;une d&rsquo;entre elles a \u00e9t\u00e9 bless\u00e9e \u00e0 la main en tentant de l&rsquo;\u00e9viter.<\/p>\n<p>Le Grenoblois a ensuite pris la fuite avant d&rsquo;\u00eatre interpell\u00e9 et plac\u00e9 en garde \u00e0 vue.<\/p>\n","protected":false},"excerpt":{"rendered":"Sc\u00e8ne de panique dimanche au petit matin \u00e0 Chamb\u00e9ry. Un Grenoblois \u00e2g\u00e9 de 29 ans est sorti peu&hellip;\n","protected":false},"author":2,"featured_media":449314,"comment_status":"","ping_status":"","sticky":false,"template":"","format":"standard","meta":{"footnotes":""},"categories":[9566],"tags":[1111,11,7733,8279,2430,7736,650,7734,2889,2263,1777,674,1011,27,2731,8280,6417,1114,108,4662,12,3725,1825,25,7737],"class_list":{"0":"post-449313","1":"post","2":"type-post","3":"status-publish","4":"format-standard","5":"has-post-thumbnail","7":"category-grenoble","8":"tag-actu","9":"tag-actualites","10":"tag-alpes","11":"tag-alpes1","12":"tag-auvergne-rhone-alpes","13":"tag-cds","14":"tag-cinema","15":"tag-ecoute","16":"tag-emission","17":"tag-equipe","18":"tag-eu","19":"tag-europe","20":"tag-fr","21":"tag-france","22":"tag-grenoble","23":"tag-haute","24":"tag-information","25":"tag-infos","26":"tag-isere","27":"tag-journal","28":"tag-news","29":"tag-podcast","30":"tag-radio","31":"tag-republique-francaise","32":"tag-winamp"},"share_on_mastodon":{"url":"https:\/\/pubeurope.com\/@fr\/115342674709866083","error":""},"_links":{"self":[{"href":"https:\/\/www.europesays.com\/fr\/wp-json\/wp\/v2\/posts\/449313","targetHints":{"allow":["GET"]}}],"collection":[{"href":"https:\/\/www.europesays.com\/fr\/wp-json\/wp\/v2\/posts"}],"about":[{"href":"https:\/\/www.europesays.com\/fr\/wp-json\/wp\/v2\/types\/post"}],"author":[{"embeddable":true,"href":"https:\/\/www.europesays.com\/fr\/wp-json\/wp\/v2\/users\/2"}],"replies":[{"embeddable":true,"href":"https:\/\/www.europesays.com\/fr\/wp-json\/wp\/v2\/comments?post=449313"}],"version-history":[{"count":0,"href":"https:\/\/www.europesays.com\/fr\/wp-json\/wp\/v2\/posts\/449313\/revisions"}],"wp:featuredmedia":[{"embeddable":true,"href":"https:\/\/www.europesays.com\/fr\/wp-json\/wp\/v2\/media\/449314"}],"wp:attachment":[{"href":"https:\/\/www.europesays.com\/fr\/wp-json\/wp\/v2\/media?parent=449313"}],"wp:term":[{"taxonomy":"category","embeddable":true,"href":"https:\/\/www.europesays.com\/fr\/wp-json\/wp\/v2\/categories?post=449313"},{"taxonomy":"post_tag","embeddable":true,"href":"https:\/\/www.europesays.com\/fr\/wp-json\/wp\/v2\/tags?post=449313"}],"curies":[{"name":"wp","href":"https:\/\/api.w.org\/{rel}","templated":true}]}}