{"id":449315,"date":"2025-10-09T05:58:11","date_gmt":"2025-10-09T05:58:11","guid":{"rendered":"https:\/\/www.europesays.com\/fr\/449315\/"},"modified":"2025-10-09T05:58:11","modified_gmt":"2025-10-09T05:58:11","slug":"un-immeuble-evacue-a-cause-dun-incendie-dans-le-garage","status":"publish","type":"post","link":"https:\/\/www.europesays.com\/fr\/449315\/","title":{"rendered":"un immeuble \u00e9vacu\u00e9 \u00e0 cause d&rsquo;un incendie dans le garage"},"content":{"rendered":"<p>\n\t\t\t\t\t\t\t\t\t\t\t\t\t09 Octobre 2025\n\t\t\t\t\t\t\t\t\t\t\t\t<\/p>\n<p>\t\t\t\t\t\t\t\t\t\t\t<img loading=\"lazy\" decoding=\"async\" width=\"1280\" title=\"Grenoble : un immeuble \u00e9vacu\u00e9 \u00e0 cause d'un incendie dans le garage\" class=\"img-fluid  mb-3\" src=\"https:\/\/grandgrenoble.alpes1.com\/media\/news\/grenoble-un-immeuble-evacue-a-cause-d-un-incendie-dans-le-garage_68e749556d5ed.webp\" alt=\"Grenoble : un immeuble \u00e9vacu\u00e9 \u00e0 cause d'un incendie dans le garage\" itemprop=\"image\" height=\"720\"\/>\t\t\t\t\t\t\t\t\t\t\t<\/p>\n<p itemprop=\"description\"><strong>Ce mercredi soir, peu avant minuit, les pompiers sont intervenus au 40 rue Genissieu \u00e0 Grenoble.<\/strong><\/p>\n<p>Un v\u00e9hicule \u00e9tait la proie des flammes dans son garage. L&rsquo;immeuble d&rsquo;habitations a donc \u00e9t\u00e9 \u00e9vacu\u00e9 en urgence. Aucune victime n&rsquo;est \u00e0 d\u00e9plorer.<\/p>\n<p>Le feu, dont l&rsquo;origine reste inconnue, a \u00e9t\u00e9 rapidement ma\u00eetris\u00e9 et les appartements ont \u00e9t\u00e9 ventil\u00e9s avant que les riverains ne puissent les regagner.<\/p>\n","protected":false},"excerpt":{"rendered":"09 Octobre 2025 Ce mercredi soir, peu avant minuit, les pompiers sont intervenus au 40 rue Genissieu \u00e0&hellip;\n","protected":false},"author":2,"featured_media":449316,"comment_status":"","ping_status":"","sticky":false,"template":"","format":"standard","meta":{"footnotes":""},"categories":[9566],"tags":[1111,11,7733,8279,2430,7736,650,7734,2889,2263,1777,674,1011,27,2731,8280,6417,1114,108,4662,12,3725,1825,25,7737],"class_list":{"0":"post-449315","1":"post","2":"type-post","3":"status-publish","4":"format-standard","5":"has-post-thumbnail","7":"category-grenoble","8":"tag-actu","9":"tag-actualites","10":"tag-alpes","11":"tag-alpes1","12":"tag-auvergne-rhone-alpes","13":"tag-cds","14":"tag-cinema","15":"tag-ecoute","16":"tag-emission","17":"tag-equipe","18":"tag-eu","19":"tag-europe","20":"tag-fr","21":"tag-france","22":"tag-grenoble","23":"tag-haute","24":"tag-information","25":"tag-infos","26":"tag-isere","27":"tag-journal","28":"tag-news","29":"tag-podcast","30":"tag-radio","31":"tag-republique-francaise","32":"tag-winamp"},"share_on_mastodon":{"url":"https:\/\/pubeurope.com\/@fr\/115342679492824837","error":""},"_links":{"self":[{"href":"https:\/\/www.europesays.com\/fr\/wp-json\/wp\/v2\/posts\/449315","targetHints":{"allow":["GET"]}}],"collection":[{"href":"https:\/\/www.europesays.com\/fr\/wp-json\/wp\/v2\/posts"}],"about":[{"href":"https:\/\/www.europesays.com\/fr\/wp-json\/wp\/v2\/types\/post"}],"author":[{"embeddable":true,"href":"https:\/\/www.europesays.com\/fr\/wp-json\/wp\/v2\/users\/2"}],"replies":[{"embeddable":true,"href":"https:\/\/www.europesays.com\/fr\/wp-json\/wp\/v2\/comments?post=449315"}],"version-history":[{"count":0,"href":"https:\/\/www.europesays.com\/fr\/wp-json\/wp\/v2\/posts\/449315\/revisions"}],"wp:featuredmedia":[{"embeddable":true,"href":"https:\/\/www.europesays.com\/fr\/wp-json\/wp\/v2\/media\/449316"}],"wp:attachment":[{"href":"https:\/\/www.europesays.com\/fr\/wp-json\/wp\/v2\/media?parent=449315"}],"wp:term":[{"taxonomy":"category","embeddable":true,"href":"https:\/\/www.europesays.com\/fr\/wp-json\/wp\/v2\/categories?post=449315"},{"taxonomy":"post_tag","embeddable":true,"href":"https:\/\/www.europesays.com\/fr\/wp-json\/wp\/v2\/tags?post=449315"}],"curies":[{"name":"wp","href":"https:\/\/api.w.org\/{rel}","templated":true}]}}