{"id":449317,"date":"2025-10-09T05:59:10","date_gmt":"2025-10-09T05:59:10","guid":{"rendered":"https:\/\/www.europesays.com\/fr\/449317\/"},"modified":"2025-10-09T05:59:10","modified_gmt":"2025-10-09T05:59:10","slug":"lentree-sera-a-prix-libre-apres-des-difficultes-financieres-ce-festival-signe-son-grand-retour-a-rennes","status":"publish","type":"post","link":"https:\/\/www.europesays.com\/fr\/449317\/","title":{"rendered":"\u00ab\u00a0L\u2019entr\u00e9e sera \u00e0 prix libre\u00a0\u00bb\u00a0: apr\u00e8s des difficult\u00e9s financi\u00e8res, ce festival signe son grand retour \u00e0 Rennes"},"content":{"rendered":"<p>Le Mensuel : \u00c0 quoi s\u2019attendre pour cette nouvelle \u00e9dition du Stunfest ?<\/p>\n<p>Marine Le Cozannet : On retrouvera les \u00e9l\u00e9ments des anciennes dans une version plus petite, au 360 (fusion du 4Bis et de la Maison des associations, NDLR). On peut esp\u00e9rer jusqu\u2018\u00a0\u00e0 6 000 personnes sur les trois jours. L\u2019entr\u00e9e sera \u00e0 prix libre.<\/p>\n<p>En 2018, le Stunfest annon\u00e7ait d\u00e9j\u00e0 un nouveau d\u00e9part, mais s\u2019est achev\u00e9 sur une baisse de fr\u00e9quentation et un d\u00e9ficit de 70 000 euros. Comment faire pour ne pas reproduire les m\u00eames erreurs ?<\/p>\n<p>Christophe Torin : 3 Hit combo s\u2018est reconfigur\u00e9e en association coll\u00e9giale autour de huit th\u00e9matiques : agora, conf\u00e9rences, freeplay, jeux de combat, m\u00e9diation culturelle, musique, speedrun et cr\u00e9ation ind\u00e9pendante et amateur. Les projets sont d\u00e9sormais plut\u00f4t pouss\u00e9s par les adh\u00e9rents. \u00c7a \u00e9vite des probl\u00e8mes humains et des surcharges. Les associations, comme celle que je repr\u00e9sente, Wuki Wuki, seront au c\u0153ur m\u00eame de l\u2019organisation.<\/p>\n<p>3 Hit combo devient un collectif des acteurs du jeu vid\u00e9o en Bretagne. De quoi \u00eatre reconnu comme une association culturelle ?<\/p>\n<p>MLC : \u00catre reconnu comme d\u2018int\u00e9r\u00eat g\u00e9n\u00e9ral serait d\u00e9j\u00e0 un objectif important car cela nous permettrait d\u2019obtenir du m\u00e9c\u00e9nat. On a perdu 100 000 \u20ac de subventions par rapport \u00e0 ce qu\u2019on pouvait avoir lors de la derni\u00e8re \u00e9dition, notamment parce que, l\u2019ann\u00e9e derni\u00e8re, on n\u2019a pas fait de festival.<\/p>\n<p>Le Stunfest reviendra-t-il un jour au Libert\u00e9 ?<\/p>\n<p>MLC : C\u2018est une ann\u00e9e d\u2019exp\u00e9rimentation, tant sur le mod\u00e8le de la gouvernance que sur la proposition qui est faite. Qu\u2019est-on capable de mettre en place au sein d\u2019un lieu qui est finalement d\u00e9j\u00e0 assez grand, avec un auditorium de 250 places ? Le Libert\u00e9 posait des questions co\u00fbteuses comme le recours \u00e0 l\u2019intermittence. On \u00e9tait d\u00e9j\u00e0 en d\u00e9ficit par rapport \u00e0 ce qu\u2019on pouvait se permettre, et pourtant on avait de tr\u00e8s bonnes billetteries.<\/p>\n<p>Le Stunfest est membre du collectif des festivals engag\u00e9s pour le d\u00e9veloppement durable. Comment conjuguer cette volont\u00e9 avec un \u00e9v\u00e9nement bas\u00e9 sur des technologies consommatrices d\u2019\u00e9lectricit\u00e9 et de m\u00e9taux rares ?<\/p>\n<p>CT : Cette ann\u00e9e, le but est de se baser sur les ressources qu\u2018a d\u00e9j\u00e0 l\u2019association plut\u00f4t que de r\u00e9investir dans quelque chose, puis de rester au maximum sur cette action. M\u00eame s\u2019il y a des achats, des Switch 2 par exemple, le but est de r\u00e9utiliser au maximum. Le public vient pour s\u2019amuser, pas pour consommer.<\/p>\n<p>MLC : Au-del\u00e0 du d\u00e9veloppement durable, n\u2019oublions pas le c\u00f4t\u00e9 social. Avoir une billetterie accessible qui permette l\u2018acc\u00e8s \u00e0 la culture, c\u2019est d\u00e9j\u00e0 quelque chose.<\/p>\n<p class=\"note\"><strong>Pratique.<\/strong> Stunfest, festival des cultures du jeu vid\u00e9o. Du 24 au 26 octobre, 360\/Maison des associations. Rennes. Renseignements sur stunfest.com<\/p>\n","protected":false},"excerpt":{"rendered":"Le Mensuel : \u00c0 quoi s\u2019attendre pour cette nouvelle \u00e9dition du Stunfest ? Marine Le Cozannet : On&hellip;\n","protected":false},"author":2,"featured_media":449318,"comment_status":"","ping_status":"","sticky":false,"template":"","format":"standard","meta":{"footnotes":""},"categories":[2821],"tags":[1111,11,829,3173,1777,674,1011,27,848,12,584,25],"class_list":{"0":"post-449317","1":"post","2":"type-post","3":"status-publish","4":"format-standard","5":"has-post-thumbnail","7":"category-rennes","8":"tag-actu","9":"tag-actualites","10":"tag-bretagne","11":"tag-culture-a-rennes","12":"tag-eu","13":"tag-europe","14":"tag-fr","15":"tag-france","16":"tag-ille-et-vilaine","17":"tag-news","18":"tag-rennes","19":"tag-republique-francaise"},"share_on_mastodon":{"url":"https:\/\/pubeurope.com\/@fr\/115342682814168472","error":""},"_links":{"self":[{"href":"https:\/\/www.europesays.com\/fr\/wp-json\/wp\/v2\/posts\/449317","targetHints":{"allow":["GET"]}}],"collection":[{"href":"https:\/\/www.europesays.com\/fr\/wp-json\/wp\/v2\/posts"}],"about":[{"href":"https:\/\/www.europesays.com\/fr\/wp-json\/wp\/v2\/types\/post"}],"author":[{"embeddable":true,"href":"https:\/\/www.europesays.com\/fr\/wp-json\/wp\/v2\/users\/2"}],"replies":[{"embeddable":true,"href":"https:\/\/www.europesays.com\/fr\/wp-json\/wp\/v2\/comments?post=449317"}],"version-history":[{"count":0,"href":"https:\/\/www.europesays.com\/fr\/wp-json\/wp\/v2\/posts\/449317\/revisions"}],"wp:featuredmedia":[{"embeddable":true,"href":"https:\/\/www.europesays.com\/fr\/wp-json\/wp\/v2\/media\/449318"}],"wp:attachment":[{"href":"https:\/\/www.europesays.com\/fr\/wp-json\/wp\/v2\/media?parent=449317"}],"wp:term":[{"taxonomy":"category","embeddable":true,"href":"https:\/\/www.europesays.com\/fr\/wp-json\/wp\/v2\/categories?post=449317"},{"taxonomy":"post_tag","embeddable":true,"href":"https:\/\/www.europesays.com\/fr\/wp-json\/wp\/v2\/tags?post=449317"}],"curies":[{"name":"wp","href":"https:\/\/api.w.org\/{rel}","templated":true}]}}