{"id":449321,"date":"2025-10-09T06:01:12","date_gmt":"2025-10-09T06:01:12","guid":{"rendered":"https:\/\/www.europesays.com\/fr\/449321\/"},"modified":"2025-10-09T06:01:12","modified_gmt":"2025-10-09T06:01:12","slug":"actuellement-en-plein-chantier-le-reseau-de-chaleur-du-centre-ville-profitera-a-40-000-logements","status":"publish","type":"post","link":"https:\/\/www.europesays.com\/fr\/449321\/","title":{"rendered":"actuellement en plein chantier, le r\u00e9seau de chaleur du centre-ville profitera \u00e0 40 000 logements"},"content":{"rendered":"<p>            Par<br \/>\n        <strong><br \/>\n            <a href=\"https:\/\/actu.fr\/auteur\/thomas-blanc\" title=\"Consulter tous les articles de Thomas Blanc\" target=\"_blank\" rel=\"noopener\">Thomas Blanc<\/a><br \/>\n        <\/strong><\/p>\n<p>        Publi\u00e9 le<\/p>\n<p>            9 oct. 2025 \u00e0 7h02        <\/p>\n<p>Apr\u00e8s <strong>le tout nouveau r\u00e9seau de chaleur<\/strong> \u00e0 construire <a href=\"https:\/\/actu.fr\/grand-est\/strasbourg_67482\/reseaux-de-chaleur-a-strasbourg-un-enorme-chantier-de-plusieurs-annees-va-bientot-demarrer_63230419.html\" target=\"_blank\" rel=\"noopener\">pour le nord de l\u2019Eurom\u00e9tropole de Strasbourg<\/a> et les enjeux autour du r\u00e9seau qui <a href=\"https:\/\/actu.fr\/grand-est\/strasbourg_67482\/strasbourg-cette-vieille-centrale-va-fournir-de-l-energie-verte-a-25-000-logements-en-2026-voici-comment_63245246.html\" target=\"_blank\" rel=\"noopener\">alimentera les quartiers ouest de la ville<\/a>, c\u2019est d\u00e9sormais celui du centre-ville qui a fait l\u2019objet d\u2019une conf\u00e9rence de presse ce mercredi.<\/p>\n<p>Des travaux pour le r\u00e9seau de chaleur du centre de Strasbourg<\/p>\n<p class=\" wall-content\">Exploit\u00e9 par la soci\u00e9t\u00e9 Strasbourg Centre Energies, filiale de RCU-A, ce r\u00e9seau de chaleur urbain, aujourd\u2019hui en phase d\u2019expansion, approvisionnera en chauffage <strong>40\u2009000 logements, soit 15\u2009000 de plus<\/strong> qu\u2019avant les travaux.<\/p>\n<p class=\" wall-content\">\u00ab<strong>\u200918 kilom\u00e8tres de r\u00e9seau ont d\u00e9j\u00e0 \u00e9t\u00e9 pos\u00e9s<\/strong>\u2009\u00bb, explique Mathieu Albertus, directeur g\u00e9n\u00e9ral de Strasbourg Centre \u00c9nergies, sur les <strong>36 kilom\u00e8tres de tuyaux<\/strong> qu\u2019il faudra poser sous les rues de la ville pour arriver au bout du projet.<\/p>\n<p>Des sources d\u2019\u00e9nergies renouvelables vari\u00e9es<\/p>\n<p class=\" wall-content\">Marc Hoffsess, adjoint \u00e0 la maire de Strasbourg en charge des \u00e9nergies, a d\u00e9velopp\u00e9 quant \u00e0 lui <strong>l\u2019utilit\u00e9 des r\u00e9seaux de chaleur<\/strong>.<\/p>\n<p class=\" wall-content\">Tout d\u2019abord, il pr\u00e9cise que le but premier est \u00ab\u2009de passer \u00e0 une \u00e9nergie d\u00e9carbon\u00e9e\u2009\u00bb. En effet, aujourd\u2019hui aliment\u00e9 par 61\u2009% d\u2019\u00e9nergies renouvelables, <strong>l\u2019objectif est d\u2019atteindre 85\u2009% en 2030<\/strong> pour ce r\u00e9seau centre.<\/p>\n<p>Garantir un prix stable sur plusieurs d\u00e9cennies<\/p>\n<p class=\" wall-content\">Cela gr\u00e2ce \u00e0 la <strong>chaufferie biomasse route du petit Rhin<\/strong>, l\u2019usine d\u2019incin\u00e9ration Senerval dans le sud de la ville et les industriels du groupe Ports de Strasbourg dont la chaleur sera r\u00e9cup\u00e9r\u00e9e pour chauffer le r\u00e9seau.<\/p>\n<p class=\" wall-content\">Le nouveau r\u00e9seau devrait aussi permettre d\u2019obtenir \u00ab\u00a0<strong>une \u00e9nergie moins ch\u00e8re et avec un prix stable<\/strong> sur vingt ans [la dur\u00e9e de d\u00e9l\u00e9gation de service public \u00e0 Strasbourg Centre Energies, NDLR].\u2009\u00bb<\/p>\n<p class=\" wall-content\">Personnalisez votre actualit\u00e9 en ajoutant vos villes et m\u00e9dias en favori avec <a href=\"https:\/\/moncompte.actu.fr\" title=\"D\u00e9couvez Mon Actu\" rel=\"nofollow noopener\" data-trk=\"{&quot;cta&quot;:{&quot;action&quot;:&quot;https:\\\/\\\/moncompte.actu.fr&quot;,&quot;category&quot;:&quot;mon compte&quot;,&quot;from&quot;:&quot;article footer&quot;,&quot;name&quot;:&quot;Mon actu&quot;,&quot;type&quot;:&quot;cta&quot;}}\" target=\"_blank\">Mon Actu<\/a>.<\/p>\n","protected":false},"excerpt":{"rendered":"Par Thomas Blanc Publi\u00e9 le 9 oct. 2025 \u00e0 7h02 Apr\u00e8s le tout nouveau r\u00e9seau de chaleur \u00e0&hellip;\n","protected":false},"author":2,"featured_media":449322,"comment_status":"","ping_status":"","sticky":false,"template":"","format":"standard","meta":{"footnotes":""},"categories":[2820],"tags":[1111,11,51,1777,674,1011,27,775,12,25,104,640,4426,2086],"class_list":{"0":"post-449321","1":"post","2":"type-post","3":"status-publish","4":"format-standard","5":"has-post-thumbnail","7":"category-strasbourg","8":"tag-actu","9":"tag-actualites","10":"tag-ecologie","11":"tag-eu","12":"tag-europe","13":"tag-fr","14":"tag-france","15":"tag-grand-est","16":"tag-news","17":"tag-republique-francaise","18":"tag-societe","19":"tag-strasbourg","20":"tag-transition-energetique","21":"tag-travaux"},"share_on_mastodon":{"url":"https:\/\/pubeurope.com\/@fr\/115342690539629902","error":""},"_links":{"self":[{"href":"https:\/\/www.europesays.com\/fr\/wp-json\/wp\/v2\/posts\/449321","targetHints":{"allow":["GET"]}}],"collection":[{"href":"https:\/\/www.europesays.com\/fr\/wp-json\/wp\/v2\/posts"}],"about":[{"href":"https:\/\/www.europesays.com\/fr\/wp-json\/wp\/v2\/types\/post"}],"author":[{"embeddable":true,"href":"https:\/\/www.europesays.com\/fr\/wp-json\/wp\/v2\/users\/2"}],"replies":[{"embeddable":true,"href":"https:\/\/www.europesays.com\/fr\/wp-json\/wp\/v2\/comments?post=449321"}],"version-history":[{"count":0,"href":"https:\/\/www.europesays.com\/fr\/wp-json\/wp\/v2\/posts\/449321\/revisions"}],"wp:featuredmedia":[{"embeddable":true,"href":"https:\/\/www.europesays.com\/fr\/wp-json\/wp\/v2\/media\/449322"}],"wp:attachment":[{"href":"https:\/\/www.europesays.com\/fr\/wp-json\/wp\/v2\/media?parent=449321"}],"wp:term":[{"taxonomy":"category","embeddable":true,"href":"https:\/\/www.europesays.com\/fr\/wp-json\/wp\/v2\/categories?post=449321"},{"taxonomy":"post_tag","embeddable":true,"href":"https:\/\/www.europesays.com\/fr\/wp-json\/wp\/v2\/tags?post=449321"}],"curies":[{"name":"wp","href":"https:\/\/api.w.org\/{rel}","templated":true}]}}