{"id":449325,"date":"2025-10-09T06:03:09","date_gmt":"2025-10-09T06:03:09","guid":{"rendered":"https:\/\/www.europesays.com\/fr\/449325\/"},"modified":"2025-10-09T06:03:09","modified_gmt":"2025-10-09T06:03:09","slug":"laeroport-de-nice-sous-la-menace-de-survol-de-drones-les-autorites-repondent","status":"publish","type":"post","link":"https:\/\/www.europesays.com\/fr\/449325\/","title":{"rendered":"L&rsquo;a\u00e9roport de Nice sous la menace de survol de drones ? Les autorit\u00e9s r\u00e9pondent"},"content":{"rendered":"<p>            Par<br \/>\n        <strong><br \/>\n            <a href=\"https:\/\/actu.fr\/auteur\/ugo-maillard\" title=\"Consulter tous les articles de Ugo Maillard\" rel=\"nofollow noopener\" target=\"_blank\">Ugo Maillard<\/a><br \/>\n        <\/strong><\/p>\n<p>        Publi\u00e9 le<\/p>\n<p>            9 oct. 2025 \u00e0 7h16        <\/p>\n<p>Troisi\u00e8me a\u00e9roport de France en termes de passagers, l\u2019a\u00e9roport de Nice C\u00f4te d\u2019Azur (<a href=\"https:\/\/actu.fr\/provence-alpes-cote-d-azur\/alpes-maritimes_06\" rel=\"nofollow noopener\" target=\"_blank\">Alpes-Maritimes<\/a>) est connu dans le monde entier pour son \u00ab\u2009atterrissage sur l\u2019eau\u2009\u00bb. Une r\u00e9putation qui pourrait en faire une cible\u2009? Depuis le mois de septembre\u00a02025, des <a href=\"https:\/\/actu.fr\/monde\/c-est-le-jeu-de-poutine-quel-est-vraiment-l-interet-de-la-russie-a-envoyer-des-drones-en-europe_63250264.html\" rel=\"nofollow noopener\" target=\"_blank\">survols d\u2019a\u00e9roports<\/a>, ainsi que de sites sensibles, par des <strong>drones<\/strong> ont \u00e9t\u00e9 constat\u00e9s \u00e0 Vilnius (Lituanie), Munich (Allemagne), Oslo (Norv\u00e8ge) ou encore Copenhague (Danemark). Une menace planante qui viendrait, selon toute vraisemblance et selon les services de renseignements des pays concern\u00e9s, de <strong>Russie<\/strong>. Et qui n\u2019a, pour l\u2019heure, pas encore franchi les fronti\u00e8res fran\u00e7aises.<\/p>\n<p class=\" wall-content\">Pour autant, Emmanuel Macron, a d\u00e9clar\u00e9 le 2\u00a0octobre 2025 que tous les drones qui violeraient l\u2019espace a\u00e9rien europ\u00e9en \u00ab\u2009peuvent \u00eatre d\u00e9truits\u2009\u00bb.<\/p>\n<p class=\" wall-content\">Le <strong>risque est donc pris au s\u00e9rieux<\/strong> dans l\u2019Hexagone. La r\u00e9daction d\u2019<a href=\"https:\/\/actu.fr\/nice\/\" rel=\"nofollow noopener\" target=\"_blank\">actu Nice<\/a> a interrog\u00e9 la pr\u00e9fecture des Alpes-Maritimes sur les \u00e9ventuelles menaces qui p\u00e8sent sur l\u2019a\u00e9roport de Nice et sur les moyens engag\u00e9s pour y faire face.<\/p>\n<p>Pas d\u2019intrusions d\u00e9tect\u00e9es<\/p>\n<p class=\" wall-content\">Selon les services pr\u00e9fectoraux dans les Alpes-Maritimes, \u00ab\u2009il n\u2019y a pas eu de drones d\u00e9tect\u00e9s en 2025, ni en 2024, sur le p\u00e9rim\u00e8tre m\u00eame de l\u2019a\u00e9roport de Nice\u2009\u00bb.<\/p>\n<p class=\" wall-content\">\u00ab\u2009En proximit\u00e9 de l\u2019a\u00e9roport, du fait d\u2019un environnement urbain et touristique, des d\u00e9tections sur le Cap d\u2019Antibes ou aux alentours sont r\u00e9alis\u00e9es, la plupart du temps ces survols dans le secteur de l\u2019a\u00e9roport sont le fait de personnes qui souhaitent r\u00e9aliser des\u2009\u00bb belles \u00ab\u2009images et m\u00e9connaissent la r\u00e9glementation mais sons sans aucune intention malveillante\u2009\u00bb, ajoute la pr\u00e9fecture.<\/p>\n<p>Les moyens de lutte anti-drone<\/p>\n<p class=\" wall-content\">Les repr\u00e9sentants de l\u2019\u00c9tat dans les Alpes-Maritimes ont tenu \u00e0 rappeler que d\u2019importants moyens existent dans la lutte anti-drone. Une lutte men\u00e9e en coop\u00e9ration entre l\u2019Aviation civile et des forces de s\u00e9curit\u00e9 en charge de la s\u00e9curit\u00e9 sur l\u2019a\u00e9roport.<\/p>\n<p class=\" wall-content\">Voici les <strong>dispositifs<\/strong> qui permettent de couvrir les phases de d\u00e9tection et de neutralisation en cas d\u2019identification d\u2019un drone non-coop\u00e9rant ou malveillant.<\/p>\n<p>Votre r\u00e9gion, votre actu !<\/p>\n<p>Recevez chaque jour les infos qui comptent pour vous.<\/p>\n<p>\t<a href=\"https:\/\/actu.fr\/newsletter\" class=\"ac-btn ac-btn--corner ac-btn--medium ac-btn--blue800\" rel=\"nofollow noopener\" target=\"_blank\">S&rsquo;incrire<\/a><\/p>\n<ul class=\" wall-content\">\n<li>Le SNA (Service de la navigation a\u00e9rienne) dispose d\u2019un syst\u00e8me de d\u00e9tection des drones, avec la d\u00e9finition de zones qui permettent de prot\u00e9ger les trajectoires Arriv\u00e9e et d\u00e9part de Nice.<\/li>\n<li>La GTA (Gendarmerie des transports a\u00e9riens) dispose de capacit\u00e9 de neutralisation (fusil brouilleur) de drones qui seraient identifi\u00e9s sur la zone de l\u2019a\u00e9roport et, en cas de localisation du t\u00e9l\u00e9pilote, est en capacit\u00e9 de proc\u00e9der \u00e0 leur interpellation sur la zone \u00ab\u2009Pistes\u2009\u00bb ou par les forces de s\u00e9curit\u00e9 comp\u00e9tentes (PAF, DIPN, ou Gendarmerie maritime si le t\u00e9l\u00e9pilote est en zone \u00ab\u2009Ville\u2009\u00bb ou hors zone a\u00e9roportuaire sur terre ou en mer)<\/li>\n<\/ul>\n<p>Quel dispositif en cas d\u2019intrusion\u2009?<\/p>\n<p class=\" wall-content\">Lorsque des intrusions ont \u00e9t\u00e9 constat\u00e9es sur des a\u00e9roports europ\u00e9ens ces derniers jours, les autorit\u00e9s ont \u00e9t\u00e9 contraintes de prendre des d\u00e9cisions rapides. \u00c0 Munich, le<a href=\"https:\/\/actu.fr\/monde\/des-drones-d-origine-inconnue-survolent-l-aeroport-de-munich-le-trafic-aerien-suspendu-toute-la-nuit_63248988.html\" rel=\"nofollow noopener\" target=\"_blank\"> trafic a\u00e9rien a \u00e9t\u00e9 suspendu<\/a> toute une nuit.<\/p>\n<p class=\" wall-content\">\u00ab\u2009En fonction des configurations (zone survol\u00e9e, identification du t\u00e9l\u00e9pilote, capacit\u00e9 de neutralisation rapide ou non\u2026), les adaptations de gestion du trafic a\u00e9rien peuvent inclure des adaptations des trajectoires des avions et, dans les cas qui seraient les plus criques, une interruption temporaire du trafic a\u00e9rien\u2009\u00bb, d\u00e9taille la pr\u00e9fecture des Alpes-Maritimes aupr\u00e8s d\u2019actu Nice.<\/p>\n<p class=\" wall-content\">Personnalisez votre actualit\u00e9 en ajoutant vos villes et m\u00e9dias en favori avec <a href=\"https:\/\/moncompte.actu.fr\" title=\"D\u00e9couvez Mon Actu\" rel=\"nofollow noopener\" data-trk=\"{&quot;cta&quot;:{&quot;action&quot;:&quot;https:\\\/\\\/moncompte.actu.fr&quot;,&quot;category&quot;:&quot;mon compte&quot;,&quot;from&quot;:&quot;article footer&quot;,&quot;name&quot;:&quot;Mon actu&quot;,&quot;type&quot;:&quot;cta&quot;}}\" target=\"_blank\">Mon Actu<\/a>.<\/p>\n","protected":false},"excerpt":{"rendered":"Par Ugo Maillard Publi\u00e9 le 9 oct. 2025 \u00e0 7h16 Troisi\u00e8me a\u00e9roport de France en termes de passagers,&hellip;\n","protected":false},"author":2,"featured_media":449326,"comment_status":"","ping_status":"","sticky":false,"template":"","format":"standard","meta":{"footnotes":""},"categories":[2819],"tags":[1111,11,1777,674,118,1011,27,12,2401,2897,882,25],"class_list":{"0":"post-449325","1":"post","2":"type-post","3":"status-publish","4":"format-standard","5":"has-post-thumbnail","7":"category-nice","8":"tag-actu","9":"tag-actualites","10":"tag-eu","11":"tag-europe","12":"tag-faits-divers","13":"tag-fr","14":"tag-france","15":"tag-news","16":"tag-nice","17":"tag-nice-cote-dazur","18":"tag-provence-alpes-cote-dazur","19":"tag-republique-francaise"},"share_on_mastodon":{"url":"https:\/\/pubeurope.com\/@fr\/115342698332133565","error":""},"_links":{"self":[{"href":"https:\/\/www.europesays.com\/fr\/wp-json\/wp\/v2\/posts\/449325","targetHints":{"allow":["GET"]}}],"collection":[{"href":"https:\/\/www.europesays.com\/fr\/wp-json\/wp\/v2\/posts"}],"about":[{"href":"https:\/\/www.europesays.com\/fr\/wp-json\/wp\/v2\/types\/post"}],"author":[{"embeddable":true,"href":"https:\/\/www.europesays.com\/fr\/wp-json\/wp\/v2\/users\/2"}],"replies":[{"embeddable":true,"href":"https:\/\/www.europesays.com\/fr\/wp-json\/wp\/v2\/comments?post=449325"}],"version-history":[{"count":0,"href":"https:\/\/www.europesays.com\/fr\/wp-json\/wp\/v2\/posts\/449325\/revisions"}],"wp:featuredmedia":[{"embeddable":true,"href":"https:\/\/www.europesays.com\/fr\/wp-json\/wp\/v2\/media\/449326"}],"wp:attachment":[{"href":"https:\/\/www.europesays.com\/fr\/wp-json\/wp\/v2\/media?parent=449325"}],"wp:term":[{"taxonomy":"category","embeddable":true,"href":"https:\/\/www.europesays.com\/fr\/wp-json\/wp\/v2\/categories?post=449325"},{"taxonomy":"post_tag","embeddable":true,"href":"https:\/\/www.europesays.com\/fr\/wp-json\/wp\/v2\/tags?post=449325"}],"curies":[{"name":"wp","href":"https:\/\/api.w.org\/{rel}","templated":true}]}}