{"id":449329,"date":"2025-10-09T06:05:20","date_gmt":"2025-10-09T06:05:20","guid":{"rendered":"https:\/\/www.europesays.com\/fr\/449329\/"},"modified":"2025-10-09T06:05:20","modified_gmt":"2025-10-09T06:05:20","slug":"attache-a-un-arbre-et-abandonne-un-chiot-squelettique-retrouve-pres-de-nantes","status":"publish","type":"post","link":"https:\/\/www.europesays.com\/fr\/449329\/","title":{"rendered":"Attach\u00e9 \u00e0 un arbre et abandonn\u00e9, un chiot squelettique retrouv\u00e9 pr\u00e8s de Nantes"},"content":{"rendered":"<p>            Par<br \/>\n        <strong><br \/>\n            <a href=\"https:\/\/actu.fr\/auteur\/laure-gentil\" title=\"Consulter tous les articles de Laure Gentil\" target=\"_blank\" rel=\"noopener\">Laure Gentil<\/a><br \/>\n        <\/strong><\/p>\n<p>        Publi\u00e9 le<\/p>\n<p>            9 oct. 2025 \u00e0 7h02        <\/p>\n<p>Les d\u00e9buts de Moka dans la vie sont bien cruels. Ce jeune chiot a \u00e9t\u00e9 retrouv\u00e9, le 18 septembre, par l\u2019association<strong> Urgence Maltraitance Animale 44<\/strong> sur la commune des <strong>Sorini\u00e8res<\/strong>, pr\u00e8s de Nantes.<\/p>\n<p class=\" wall-content\">Il a \u00e9t\u00e9 abandonn\u00e9 dans la nature par sa famille. L\u2019association a \u00e9t\u00e9 contact\u00e9e par des t\u00e9moins de l\u2019abandon.<\/p>\n<p>    <a href=\"https:\/\/www.facebook.com\/plugins\/post.php?href=https%3A%2F%2Fwww.facebook.com%2FUrgenceMaltraitanceAnimale%2Fposts%2Fpfbid02KqkB9Neh2cP8gXw5m9tYEwdnTBeZbNjqbCss34bExtNjYxLDftLFCBciGyeBvkktl&amp;show_text=true&amp;width=350\" title=\"Ouvrie le lien\" target=\"_blank\" rel=\"noopener\">Cliquez ici pour visualiser le contenu<\/a><\/p>\n<p>Tr\u00e8s amaigri<\/p>\n<p class=\" wall-content\">Moka a \u00e9t\u00e9 attach\u00e9 \u00e0 un arbre <strong>en bordure d\u2019un champ<\/strong> selon l\u2019association. \u00ab\u2009Lorsqu\u2019il a vu ses \u00ab\u2009ma\u00eetres\u2009\u00bb partir, il a \u00e9t\u00e9 pris de panique et a r\u00e9ussi \u00e0 se d\u00e9tacher et s\u2019est mis \u00e0 courir apr\u00e8s<strong> le v\u00e9hicule manquant de se faire \u00e9craser\u2009\u00bb<\/strong>, raconte Urgence Maltraitance Animale 44.<\/p>\n<p>    <img   decoding=\"async\" loading=\"lazy\" src=\"https:\/\/www.europesays.com\/fr\/wp-content\/uploads\/2025\/10\/nantes-chiot-moka-960x640.jpg\" alt=\"Les c\u00f4tes de Moka sont visibles.\" width=\"960\" height=\"640\"\/><br \/>\n    Les c\u00f4tes de Moka sont visibles. (\u00a9Urgence Maltraitance animale 44)<\/p>\n<p class=\" wall-content\">Les sauveteurs du petit chiot ont constat\u00e9 <strong>l\u2019\u00e9tat physique d\u00e9grad\u00e9<\/strong> de l\u2019animal \u00ab\u2009tr\u00e8s maigre et parasit\u00e9\u2009\u00bb. Les c\u00f4tes de Moka sont bien visibles.<\/p>\n<blockquote class=\"ac-article-quote wall-content\">\n<p>\u00c0 son arriv\u00e9e chez sa famille d\u2019accueil, il se jette sur l\u2019eau et tente de manger tout ce qu\u2019il trouve (terre, cailloux) tellement il est affam\u00e9. <\/p>\n<p>    <strong>Urgence Maltraitance Animale 44<\/strong>\n            <\/p><\/blockquote>\n<p class=\" wall-content\">Une plainte a \u00e9t\u00e9 d\u00e9pos\u00e9e par l\u2019association.<\/p>\n<p>Votre r\u00e9gion, votre actu !<\/p>\n<p>Recevez chaque jour les infos qui comptent pour vous.<\/p>\n<p>\t<a href=\"https:\/\/actu.fr\/newsletter\" class=\"ac-btn ac-btn--corner ac-btn--medium ac-btn--blue800\" target=\"_blank\" rel=\"noopener\">S&rsquo;incrire<\/a><br \/>\nInfos pratiques\u2009: pour contacter l\u2019association envoyer un mail \u00e0 <a href=\"https:\/\/actu.fr\/cdn-cgi\/l\/email-protection\" class=\"__cf_email__\" data-cfemail=\"c4b1b6a3a1aaa7a1a9a5a8b0b6a5adb0a5aaa7a1a5aaada9a5a8a184a3a9a5ada8eaa7aba9\" target=\"_blank\" rel=\"noopener\">[email\u00a0protected]<\/a> ou t\u00e9l\u00e9phoner au 07\u200981\u200918\u200913\u200993.<\/p>\n<p class=\" wall-content\">Personnalisez votre actualit\u00e9 en ajoutant vos villes et m\u00e9dias en favori avec <a href=\"https:\/\/moncompte.actu.fr\" title=\"D\u00e9couvez Mon Actu\" rel=\"nofollow noopener\" data-trk=\"{&quot;cta&quot;:{&quot;action&quot;:&quot;https:\\\/\\\/moncompte.actu.fr&quot;,&quot;category&quot;:&quot;mon compte&quot;,&quot;from&quot;:&quot;article footer&quot;,&quot;name&quot;:&quot;Mon actu&quot;,&quot;type&quot;:&quot;cta&quot;}}\" target=\"_blank\">Mon Actu<\/a>.<\/p>\n","protected":false},"excerpt":{"rendered":"Par Laure Gentil Publi\u00e9 le 9 oct. 2025 \u00e0 7h02 Les d\u00e9buts de Moka dans la vie sont&hellip;\n","protected":false},"author":2,"featured_media":449330,"comment_status":"","ping_status":"","sticky":false,"template":"","format":"standard","meta":{"footnotes":""},"categories":[2818],"tags":[1111,11,1867,4850,1777,674,1011,27,6795,766,12,2636,25,104],"class_list":{"0":"post-449329","1":"post","2":"type-post","3":"status-publish","4":"format-standard","5":"has-post-thumbnail","7":"category-nantes","8":"tag-actu","9":"tag-actualites","10":"tag-animaux","11":"tag-chien","12":"tag-eu","13":"tag-europe","14":"tag-fr","15":"tag-france","16":"tag-maltraitance-animale","17":"tag-nantes","18":"tag-news","19":"tag-pays-de-la-loire","20":"tag-republique-francaise","21":"tag-societe"},"share_on_mastodon":{"url":"https:\/\/pubeurope.com\/@fr\/115342706751635416","error":""},"_links":{"self":[{"href":"https:\/\/www.europesays.com\/fr\/wp-json\/wp\/v2\/posts\/449329","targetHints":{"allow":["GET"]}}],"collection":[{"href":"https:\/\/www.europesays.com\/fr\/wp-json\/wp\/v2\/posts"}],"about":[{"href":"https:\/\/www.europesays.com\/fr\/wp-json\/wp\/v2\/types\/post"}],"author":[{"embeddable":true,"href":"https:\/\/www.europesays.com\/fr\/wp-json\/wp\/v2\/users\/2"}],"replies":[{"embeddable":true,"href":"https:\/\/www.europesays.com\/fr\/wp-json\/wp\/v2\/comments?post=449329"}],"version-history":[{"count":0,"href":"https:\/\/www.europesays.com\/fr\/wp-json\/wp\/v2\/posts\/449329\/revisions"}],"wp:featuredmedia":[{"embeddable":true,"href":"https:\/\/www.europesays.com\/fr\/wp-json\/wp\/v2\/media\/449330"}],"wp:attachment":[{"href":"https:\/\/www.europesays.com\/fr\/wp-json\/wp\/v2\/media?parent=449329"}],"wp:term":[{"taxonomy":"category","embeddable":true,"href":"https:\/\/www.europesays.com\/fr\/wp-json\/wp\/v2\/categories?post=449329"},{"taxonomy":"post_tag","embeddable":true,"href":"https:\/\/www.europesays.com\/fr\/wp-json\/wp\/v2\/tags?post=449329"}],"curies":[{"name":"wp","href":"https:\/\/api.w.org\/{rel}","templated":true}]}}