{"id":449350,"date":"2025-10-09T06:18:03","date_gmt":"2025-10-09T06:18:03","guid":{"rendered":"https:\/\/www.europesays.com\/fr\/449350\/"},"modified":"2025-10-09T06:18:03","modified_gmt":"2025-10-09T06:18:03","slug":"pres-de-lyon-inauguration-de-limpressionnante-concession-mercedes-benz","status":"publish","type":"post","link":"https:\/\/www.europesays.com\/fr\/449350\/","title":{"rendered":"Pr\u00e8s de Lyon. Inauguration de l\u2019impressionnante concession Mercedes-Benz &#8211;"},"content":{"rendered":"<p>\t\t\t\t<img fetchpriority=\"high\" decoding=\"async\" width=\"900\" height=\"600\" src=\"https:\/\/www.europesays.com\/fr\/wp-content\/uploads\/2025\/10\/01-Groupe-Chopard-MS.jpg\" alt=\"\" title=\"01 Groupe Chopard MS\"   class=\"wp-image-165382\"\/><\/p>\n<p><strong>Texte\u00a0: Morgan Couturier \u2013<\/strong> V\u00e9ritable bijou architectural, la nouvelle concession Mercedes-Benz de Dardilly s\u2019affirme d\u00e9j\u00e0 comme l\u2019une des plus grandes de France. Un cadre de prestige pour mettre en \u00e9vidence les derniers mod\u00e8les de la marque. \u00c0 commencer par le nouveau CLA 100% \u00e9lectrique.<\/p>\n<p>Il ne manquait que cette plaque inaugurale, remise par le pr\u00e9sident de Mercedes-Benz France, <strong>Pierre-Emmanuel Chartier<\/strong>, pour que la nouvelle concession de Dardilly ne prenne vie, forte de son design futuriste et de son plafond \u00e9toil\u00e9.<\/p>\n<p><a href=\"https:\/\/www.lyonpeople.com\/?attachment_id=165381\" rel=\"attachment wp-att-165381 noopener\" target=\"_blank\"><img loading=\"lazy\" decoding=\"async\" class=\"alignnone size-full wp-image-165381\" src=\"data:image\/svg+xml,%3Csvg%20xmlns=\" http:=\"\" alt=\"\" width=\"900\" height=\"600\" data-lazy- data-lazy- data-lazy-src=\"https:\/\/www.europesays.com\/fr\/wp-content\/uploads\/2025\/10\/05-Groupe-Chopard-MS.jpg\"\/><\/a><\/p>\n<p>Avec ce nouvel \u00e9crin de 13 500m2, le Groupe Chopard s\u2019est donc dot\u00e9 d\u2019un showroom d\u2019exception, o\u00f9 la technologie des v\u00e9hicules se conjugue id\u00e9alement \u00e0 la digitalisation de la concession.<\/p>\n<p>L\u2019inauguration du site en fut d\u2019ailleurs la preuve, les clients de la marque pourraient rapidement s\u2019attacher \u00e0 cet \u00e9crin o\u00f9 le public est accueilli \u00ab\u00a0de mani\u00e8re qualitative et dans les meilleures conditions\u00a0\u00bb.<\/p>\n<p>Il pourrait d\u2019ailleurs ne pas trop tarder \u00e0 reprendre la route du chemin de la Bruy\u00e8re, alors que la soir\u00e9e fut l\u2019occasion de lever le voile sur le dernier Mercedes CLA 100% \u00e9lectrique et ses 870 kilom\u00e8tres d\u2019autonomie.<\/p>\n<p><a href=\"https:\/\/www.lyonpeople.com\/?attachment_id=165380\" rel=\"attachment wp-att-165380 noopener\" target=\"_blank\"><img loading=\"lazy\" decoding=\"async\" class=\"alignnone size-full wp-image-165380\" src=\"data:image\/svg+xml,%3Csvg%20xmlns=\" http:=\"\" alt=\"\" width=\"900\" height=\"600\" data-lazy- data-lazy- data-lazy-src=\"https:\/\/www.europesays.com\/fr\/wp-content\/uploads\/2025\/10\/03-Groupe-Chopard-MS.jpg\"\/><\/a><\/p>\n<p>Un symbole de la philosophie avant-gardiste de la firme stuttgartoise, mais aussi de la part de r\u00eave que peuvent insuffler <strong>Quentin<\/strong> et <strong>\u00c9rik Chopard<\/strong>. La pr\u00e9sence de la Mercedes AMG GT Coup\u00e9 en fut une ravissante d\u00e9monstration.<\/p>\n<p>Pas \u00e9tonnant d\u00e8s lors, que la marque s\u00e9duise <strong>Tony Parker<\/strong>, dont l\u2019\u00e9quipe, la LDLC ASVEL portera d\u00e9sormais le blason allemand sur son maillot. Un joli tir group\u00e9, en somme\u00a0!<\/p>\n<p style=\"text-align: center;\"><strong>Mercedes-Benz Lyon Dardilly<br \/><\/strong><strong>Mercredi 18 septembre<\/strong><\/p>\n<p>                                <a href=\"https:\/\/www.europesays.com\/fr\/wp-content\/uploads\/2025\/10\/1-Groupe-Chopard-MS.jpg\" title=\"1. Quentin Chopard, vice-pr\u00e9sident, Erik Chopard, pr\u00e9sident du Groupe Chopard, Vanessa Goillerey, directrice du p\u00f4le Mercedes-Benz et Smart Sud du Groupe Chopard) et Tony Parker, pr\u00e9sident de LDLC ASVEL\" data-rl_title=\"1. Quentin Chopard, vice-pr\u00e9sident, Erik Chopard, pr\u00e9sident du Groupe Chopard, Vanessa Goillerey, directrice du p\u00f4le Mercedes-Benz et Smart Sud du Groupe Chopard) et Tony Parker, pr\u00e9sident de LDLC ASVEL\" class=\"rl-gallery-link\" data-rl_caption=\"\" data-rel=\"lightbox-gallery-bGlnaHRib3gtZ2FsbGVyeS0w\" data-rl_><img loading=\"lazy\" decoding=\"async\" width=\"900\" height=\"600\" src=\"data:image\/svg+xml,%3Csvg%20xmlns=\" http:=\"\" class=\"attachment-large size-large\" alt=\"\" aria-describedby=\"gallery--165383\" data-lazy- data-lazy- data-lazy-src=\"https:\/\/www.europesays.com\/fr\/wp-content\/uploads\/2025\/10\/1-Groupe-Chopard-MS.jpg\"\/><\/a><\/p>\n<p>\n                                1. Quentin Chopard, vice-pr\u00e9sident, Erik Chopard, pr\u00e9sident du Groupe Chopard, Vanessa Goillerey, directrice du p\u00f4le Mercedes-Benz et Smart Sud du Groupe Chopard) et Tony Parker, pr\u00e9sident de LDLC ASVEL<\/p>\n<p>                                <a href=\"https:\/\/www.europesays.com\/fr\/wp-content\/uploads\/2025\/10\/2-Groupe-Chopard-MS.jpg\" title=\"2. \u00c9ric Malfondet (Groupe Chopard), Tanguy Ferreira (Mercedes-Benz France) et Clotaire Royer (Groupe Chopard)\" data-rl_title=\"2. \u00c9ric Malfondet (Groupe Chopard), Tanguy Ferreira (Mercedes-Benz France) et Clotaire Royer (Groupe Chopard)\" class=\"rl-gallery-link\" data-rl_caption=\"\" data-rel=\"lightbox-gallery-bGlnaHRib3gtZ2FsbGVyeS0w\" data-rl_><img loading=\"lazy\" decoding=\"async\" width=\"900\" height=\"600\" src=\"data:image\/svg+xml,%3Csvg%20xmlns=\" http:=\"\" class=\"attachment-large size-large\" alt=\"\" aria-describedby=\"gallery--165384\" data-lazy- data-lazy- data-lazy-src=\"https:\/\/www.europesays.com\/fr\/wp-content\/uploads\/2025\/10\/2-Groupe-Chopard-MS.jpg\"\/><\/a><\/p>\n<p>\n                                2. \u00c9ric Malfondet (Groupe Chopard), Tanguy Ferreira (Mercedes-Benz France) et Clotaire Royer (Groupe Chopard)<\/p>\n<p><br style=\"clear: both\"\/><\/p>\n<p>                                <a href=\"https:\/\/www.europesays.com\/fr\/wp-content\/uploads\/2025\/10\/3-Groupe-Chopard-MS.jpg\" title=\"3. Laurent Di Pietra, Thierry Paufert (Groupe Chopard) et Geoffroy Bore (Mercedes-Benz France)\" data-rl_title=\"3. Laurent Di Pietra, Thierry Paufert (Groupe Chopard) et Geoffroy Bore (Mercedes-Benz France)\" class=\"rl-gallery-link\" data-rl_caption=\"\" data-rel=\"lightbox-gallery-bGlnaHRib3gtZ2FsbGVyeS0w\" data-rl_><img loading=\"lazy\" decoding=\"async\" width=\"900\" height=\"600\" src=\"data:image\/svg+xml,%3Csvg%20xmlns=\" http:=\"\" class=\"attachment-large size-large\" alt=\"\" aria-describedby=\"gallery--165385\" data-lazy- data-lazy- data-lazy-src=\"https:\/\/www.europesays.com\/fr\/wp-content\/uploads\/2025\/10\/3-Groupe-Chopard-MS.jpg\"\/><\/a><\/p>\n<p>\n                                3. Laurent Di Pietra, Thierry Paufert (Groupe Chopard) et Geoffroy Bore (Mercedes-Benz France)<\/p>\n<p>                                <a href=\"https:\/\/www.europesays.com\/fr\/wp-content\/uploads\/2025\/10\/4-Groupe-Chopard-MS.jpg\" title=\"4. Guillaume Colin et Mo\u00efse Dos Santos (Groupe Chopard)\" data-rl_title=\"4. Guillaume Colin et Mo\u00efse Dos Santos (Groupe Chopard)\" class=\"rl-gallery-link\" data-rl_caption=\"\" data-rel=\"lightbox-gallery-bGlnaHRib3gtZ2FsbGVyeS0w\" data-rl_><img loading=\"lazy\" decoding=\"async\" width=\"900\" height=\"600\" src=\"data:image\/svg+xml,%3Csvg%20xmlns=\" http:=\"\" class=\"attachment-large size-large\" alt=\"\" aria-describedby=\"gallery--165386\" data-lazy- data-lazy- data-lazy-src=\"https:\/\/www.europesays.com\/fr\/wp-content\/uploads\/2025\/10\/4-Groupe-Chopard-MS.jpg\"\/><\/a><\/p>\n<p>\n                                4. Guillaume Colin et Mo\u00efse Dos Santos (Groupe Chopard)<\/p>\n<p><br style=\"clear: both\"\/><\/p>\n<p>                                <a href=\"https:\/\/www.europesays.com\/fr\/wp-content\/uploads\/2025\/10\/5-Groupe-Chopard-MS.jpg\" title=\"5. Marie Moyse et Jean-Michel Druere (Groupe Chopard)\" data-rl_title=\"5. Marie Moyse et Jean-Michel Druere (Groupe Chopard)\" class=\"rl-gallery-link\" data-rl_caption=\"\" data-rel=\"lightbox-gallery-bGlnaHRib3gtZ2FsbGVyeS0w\" data-rl_><img loading=\"lazy\" decoding=\"async\" width=\"900\" height=\"600\" src=\"data:image\/svg+xml,%3Csvg%20xmlns=\" http:=\"\" class=\"attachment-large size-large\" alt=\"\" aria-describedby=\"gallery--165387\" data-lazy- data-lazy- data-lazy-src=\"https:\/\/www.europesays.com\/fr\/wp-content\/uploads\/2025\/10\/5-Groupe-Chopard-MS.jpg\"\/><\/a><\/p>\n<p>\n                                5. Marie Moyse et Jean-Michel Druere (Groupe Chopard)<\/p>\n<p>                                <a href=\"https:\/\/www.europesays.com\/fr\/wp-content\/uploads\/2025\/10\/6-Groupe-Chopard-MS.jpg\" title=\"6. Emmanuel Bolse et Coralie Schweyer (Golden Tulip Lyon Ouest)\" data-rl_title=\"6. Emmanuel Bolse et Coralie Schweyer (Golden Tulip Lyon Ouest)\" class=\"rl-gallery-link\" data-rl_caption=\"\" data-rel=\"lightbox-gallery-bGlnaHRib3gtZ2FsbGVyeS0w\" data-rl_><img loading=\"lazy\" decoding=\"async\" width=\"900\" height=\"600\" src=\"data:image\/svg+xml,%3Csvg%20xmlns=\" http:=\"\" class=\"attachment-large size-large\" alt=\"\" aria-describedby=\"gallery--165388\" data-lazy- data-lazy- data-lazy-src=\"https:\/\/www.europesays.com\/fr\/wp-content\/uploads\/2025\/10\/6-Groupe-Chopard-MS.jpg\"\/><\/a><\/p>\n<p>\n                                6. Emmanuel Bolse et Coralie Schweyer (Golden Tulip Lyon Ouest)<\/p>\n<p><br style=\"clear: both\"\/><\/p>\n<p>                                <a href=\"https:\/\/www.europesays.com\/fr\/wp-content\/uploads\/2025\/10\/7-Groupe-Chopard-MS.jpg\" title=\"7. Nicolas et Virginie Moret (Art in Move) entour\u00e9s de S\u00e9bastien et Julie Le Guillou (S\u00e9bastien Le Guillou Habilleur)\" data-rl_title=\"7. Nicolas et Virginie Moret (Art in Move) entour\u00e9s de S\u00e9bastien et Julie Le Guillou (S\u00e9bastien Le Guillou Habilleur)\" class=\"rl-gallery-link\" data-rl_caption=\"\" data-rel=\"lightbox-gallery-bGlnaHRib3gtZ2FsbGVyeS0w\" data-rl_><img loading=\"lazy\" decoding=\"async\" width=\"900\" height=\"600\" src=\"data:image\/svg+xml,%3Csvg%20xmlns=\" http:=\"\" class=\"attachment-large size-large\" alt=\"\" aria-describedby=\"gallery--165389\" data-lazy- data-lazy- data-lazy-src=\"https:\/\/www.europesays.com\/fr\/wp-content\/uploads\/2025\/10\/7-Groupe-Chopard-MS.jpg\"\/><\/a><\/p>\n<p>\n                                7. Nicolas et Virginie Moret (Art in Move) entour\u00e9s de S\u00e9bastien et Julie Le Guillou (S\u00e9bastien Le Guillou Habilleur) <\/p>\n<p>                                <a href=\"https:\/\/www.europesays.com\/fr\/wp-content\/uploads\/2025\/10\/8-Groupe-Chopard-MS.jpg\" title=\"8. Alexandre Jeannerod (Euro Sono) et Pierre Nallet, pr\u00e9sident du CAFAL\" data-rl_title=\"8. Alexandre Jeannerod (Euro Sono) et Pierre Nallet, pr\u00e9sident du CAFAL\" class=\"rl-gallery-link\" data-rl_caption=\"\" data-rel=\"lightbox-gallery-bGlnaHRib3gtZ2FsbGVyeS0w\" data-rl_><img loading=\"lazy\" decoding=\"async\" width=\"900\" height=\"600\" src=\"data:image\/svg+xml,%3Csvg%20xmlns=\" http:=\"\" class=\"attachment-large size-large\" alt=\"\" aria-describedby=\"gallery--165390\" data-lazy- data-lazy- data-lazy-src=\"https:\/\/www.europesays.com\/fr\/wp-content\/uploads\/2025\/10\/8-Groupe-Chopard-MS.jpg\"\/><\/a><\/p>\n<p>\n                                8. Alexandre Jeannerod (Euro Sono) et Pierre Nallet, pr\u00e9sident du CAFAL <\/p>\n<p><br style=\"clear: both\"\/><\/p>\n<p>                                <a href=\"https:\/\/www.europesays.com\/fr\/wp-content\/uploads\/2025\/10\/9-Groupe-Chopard-MS.jpg\" title=\"9. Olivier Baruchello (Ayvens) et Thomas Gervais (BPCE Car Lease)\" data-rl_title=\"9. Olivier Baruchello (Ayvens) et Thomas Gervais (BPCE Car Lease)\" class=\"rl-gallery-link\" data-rl_caption=\"\" data-rel=\"lightbox-gallery-bGlnaHRib3gtZ2FsbGVyeS0w\" data-rl_><img loading=\"lazy\" decoding=\"async\" width=\"900\" height=\"600\" src=\"data:image\/svg+xml,%3Csvg%20xmlns=\" http:=\"\" class=\"attachment-large size-large\" alt=\"\" aria-describedby=\"gallery--165391\" data-lazy- data-lazy- data-lazy-src=\"https:\/\/www.europesays.com\/fr\/wp-content\/uploads\/2025\/10\/9-Groupe-Chopard-MS.jpg\"\/><\/a><\/p>\n<p>\n                                 9. Olivier Baruchello (Ayvens) et Thomas Gervais (BPCE Car Lease)<\/p>\n<p>                                <a href=\"https:\/\/www.europesays.com\/fr\/wp-content\/uploads\/2025\/10\/10-Groupe-Chopard-MS.jpg\" title=\"10. Fran\u00e7ois et Nadia Baratin\" data-rl_title=\"10. Fran\u00e7ois et Nadia Baratin\" class=\"rl-gallery-link\" data-rl_caption=\"\" data-rel=\"lightbox-gallery-bGlnaHRib3gtZ2FsbGVyeS0w\" data-rl_><img loading=\"lazy\" decoding=\"async\" width=\"900\" height=\"600\" src=\"data:image\/svg+xml,%3Csvg%20xmlns=\" http:=\"\" class=\"attachment-large size-large\" alt=\"\" aria-describedby=\"gallery--165392\" data-lazy- data-lazy- data-lazy-src=\"https:\/\/www.europesays.com\/fr\/wp-content\/uploads\/2025\/10\/10-Groupe-Chopard-MS.jpg\"\/><\/a><\/p>\n<p>\n                                10. Fran\u00e7ois et Nadia Baratin <\/p>\n<p><br style=\"clear: both\"\/><\/p>\n<p>                                <a href=\"https:\/\/www.europesays.com\/fr\/wp-content\/uploads\/2025\/10\/11-Groupe-Chopard-MS.jpg\" title=\"11. Renaud et Martine Berne\" data-rl_title=\"11. Renaud et Martine Berne\" class=\"rl-gallery-link\" data-rl_caption=\"\" data-rel=\"lightbox-gallery-bGlnaHRib3gtZ2FsbGVyeS0w\" data-rl_><img loading=\"lazy\" decoding=\"async\" width=\"900\" height=\"600\" src=\"data:image\/svg+xml,%3Csvg%20xmlns=\" http:=\"\" class=\"attachment-large size-large\" alt=\"\" aria-describedby=\"gallery--165393\" data-lazy- data-lazy- data-lazy-src=\"https:\/\/www.europesays.com\/fr\/wp-content\/uploads\/2025\/10\/11-Groupe-Chopard-MS.jpg\"\/><\/a><\/p>\n<p>\n                                11. Renaud et Martine Berne<\/p>\n<p>                                <a href=\"https:\/\/www.europesays.com\/fr\/wp-content\/uploads\/2025\/10\/12-Groupe-Chopard-MS.jpg\" title=\"12. Marina Pindas et Laurent Keller (Club Mercedes-Benz France)\" data-rl_title=\"12. Marina Pindas et Laurent Keller (Club Mercedes-Benz France)\" class=\"rl-gallery-link\" data-rl_caption=\"\" data-rel=\"lightbox-gallery-bGlnaHRib3gtZ2FsbGVyeS0w\" data-rl_><img loading=\"lazy\" decoding=\"async\" width=\"900\" height=\"600\" src=\"data:image\/svg+xml,%3Csvg%20xmlns=\" http:=\"\" class=\"attachment-large size-large\" alt=\"\" aria-describedby=\"gallery--165394\" data-lazy- data-lazy- data-lazy-src=\"https:\/\/www.europesays.com\/fr\/wp-content\/uploads\/2025\/10\/12-Groupe-Chopard-MS.jpg\"\/><\/a><\/p>\n<p>\n                                12. Marina Pindas et Laurent Keller (Club Mercedes-Benz France)<\/p>\n<p><br style=\"clear: both\"\/><\/p>\n<p>                                <a href=\"https:\/\/www.europesays.com\/fr\/wp-content\/uploads\/2025\/10\/13-Groupe-Chopard-MS.jpg\" title=\"13. St\u00e9phane Siranossian (Delta Nautic), S\u00e9bastien Le Guillou (S\u00e9bastien Le Guillou Habilleur) et l\u2019\u00e9diteur Herv\u00e9 Bal (HB Diffusion)\" data-rl_title=\"13. St\u00e9phane Siranossian (Delta Nautic), S\u00e9bastien Le Guillou (S\u00e9bastien Le Guillou Habilleur) et l\u2019\u00e9diteur Herv\u00e9 Bal (HB Diffusion)\" class=\"rl-gallery-link\" data-rl_caption=\"\" data-rel=\"lightbox-gallery-bGlnaHRib3gtZ2FsbGVyeS0w\" data-rl_><img loading=\"lazy\" decoding=\"async\" width=\"900\" height=\"600\" src=\"data:image\/svg+xml,%3Csvg%20xmlns=\" http:=\"\" class=\"attachment-large size-large\" alt=\"\" aria-describedby=\"gallery--165395\" data-lazy- data-lazy- data-lazy-src=\"https:\/\/www.europesays.com\/fr\/wp-content\/uploads\/2025\/10\/13-Groupe-Chopard-MS.jpg\"\/><\/a><\/p>\n<p>\n                                13. St\u00e9phane Siranossian (Delta Nautic), S\u00e9bastien Le Guillou (S\u00e9bastien Le Guillou Habilleur) et l\u2019\u00e9diteur Herv\u00e9 Bal (HB Diffusion)<\/p>\n<p>                                <a href=\"https:\/\/www.europesays.com\/fr\/wp-content\/uploads\/2025\/10\/14-Groupe-Chopard-MS.jpg\" title=\"14. David Boquet, Cyril Leroux et Olivier Dumon (Groupe Chopard)\" data-rl_title=\"14. David Boquet, Cyril Leroux et Olivier Dumon (Groupe Chopard)\" class=\"rl-gallery-link\" data-rl_caption=\"\" data-rel=\"lightbox-gallery-bGlnaHRib3gtZ2FsbGVyeS0w\" data-rl_><img loading=\"lazy\" decoding=\"async\" width=\"900\" height=\"600\" src=\"data:image\/svg+xml,%3Csvg%20xmlns=\" http:=\"\" class=\"attachment-large size-large\" alt=\"\" aria-describedby=\"gallery--165396\" data-lazy- data-lazy- data-lazy-src=\"https:\/\/www.europesays.com\/fr\/wp-content\/uploads\/2025\/10\/14-Groupe-Chopard-MS.jpg\"\/><\/a><\/p>\n<p>\n                                14. David Boquet, Cyril Leroux et Olivier Dumon (Groupe Chopard)<\/p>\n<p><br style=\"clear: both\"\/><\/p>\n<p>                                <a href=\"https:\/\/www.europesays.com\/fr\/wp-content\/uploads\/2025\/10\/15-Groupe-Chopard-MS.jpg\" title=\"15. Max Vincent, maire de Limonest, Philippe Eyraud (Mixel et Cap2Mobi) et Jean-Luc Duperrier (Mairie de Dardilly)\" data-rl_title=\"15. Max Vincent, maire de Limonest, Philippe Eyraud (Mixel et Cap2Mobi) et Jean-Luc Duperrier (Mairie de Dardilly)\" class=\"rl-gallery-link\" data-rl_caption=\"\" data-rel=\"lightbox-gallery-bGlnaHRib3gtZ2FsbGVyeS0w\" data-rl_><img loading=\"lazy\" decoding=\"async\" width=\"900\" height=\"600\" src=\"data:image\/svg+xml,%3Csvg%20xmlns=\" http:=\"\" class=\"attachment-large size-large\" alt=\"\" aria-describedby=\"gallery--165397\" data-lazy- data-lazy- data-lazy-src=\"https:\/\/www.europesays.com\/fr\/wp-content\/uploads\/2025\/10\/15-Groupe-Chopard-MS.jpg\"\/><\/a><\/p>\n<p>\n                                15. Max Vincent, maire de Limonest, Philippe Eyraud (Mixel et Cap2Mobi) et Jean-Luc Duperrier (Mairie de Dardilly)<\/p>\n<p>                                <a href=\"https:\/\/www.europesays.com\/fr\/wp-content\/uploads\/2025\/10\/16-Groupe-Chopard-MS.jpg\" title=\"16. Le concessionnaire Richard Drevet (Suzuki et Mazda) et sa fille Nina\" data-rl_title=\"16. Le concessionnaire Richard Drevet (Suzuki et Mazda) et sa fille Nina\" class=\"rl-gallery-link\" data-rl_caption=\"\" data-rel=\"lightbox-gallery-bGlnaHRib3gtZ2FsbGVyeS0w\" data-rl_><img loading=\"lazy\" decoding=\"async\" width=\"900\" height=\"600\" src=\"data:image\/svg+xml,%3Csvg%20xmlns=\" http:=\"\" class=\"attachment-large size-large\" alt=\"\" aria-describedby=\"gallery--165398\" data-lazy- data-lazy- data-lazy-src=\"https:\/\/www.europesays.com\/fr\/wp-content\/uploads\/2025\/10\/16-Groupe-Chopard-MS.jpg\"\/><\/a><\/p>\n<p>\n                                16. Le concessionnaire Richard Drevet (Suzuki et Mazda) et sa fille Nina <\/p>\n<p><br style=\"clear: both\"\/><\/p>\n<p>                                <a href=\"https:\/\/www.europesays.com\/fr\/wp-content\/uploads\/2025\/10\/17-Groupe-Chopard-MS.jpg\" title=\"17. Ma\u00eetre Jean-Marie Perinetti et Ma\u00eetre Catherine Fourment (Jurisques)\" data-rl_title=\"17. Ma\u00eetre Jean-Marie Perinetti et Ma\u00eetre Catherine Fourment (Jurisques)\" class=\"rl-gallery-link\" data-rl_caption=\"\" data-rel=\"lightbox-gallery-bGlnaHRib3gtZ2FsbGVyeS0w\" data-rl_><img loading=\"lazy\" decoding=\"async\" width=\"900\" height=\"600\" src=\"data:image\/svg+xml,%3Csvg%20xmlns=\" http:=\"\" class=\"attachment-large size-large\" alt=\"\" aria-describedby=\"gallery--165399\" data-lazy- data-lazy- data-lazy-src=\"https:\/\/www.europesays.com\/fr\/wp-content\/uploads\/2025\/10\/17-Groupe-Chopard-MS.jpg\"\/><\/a><\/p>\n<p>\n                                17. Ma\u00eetre Jean-Marie Perinetti et Ma\u00eetre Catherine Fourment (Jurisques)<\/p>\n<p>                                <a href=\"https:\/\/www.europesays.com\/fr\/wp-content\/uploads\/2025\/10\/18-Groupe-Chopard-MS.jpg\" title=\"18. Philippe Perez (Radio Scoop) et Jean-Claude Pietrocola (Troph\u00e9e Ovalgreen)\" data-rl_title=\"18. Philippe Perez (Radio Scoop) et Jean-Claude Pietrocola (Troph\u00e9e Ovalgreen)\" class=\"rl-gallery-link\" data-rl_caption=\"\" data-rel=\"lightbox-gallery-bGlnaHRib3gtZ2FsbGVyeS0w\" data-rl_><img loading=\"lazy\" decoding=\"async\" width=\"900\" height=\"600\" src=\"data:image\/svg+xml,%3Csvg%20xmlns=\" http:=\"\" class=\"attachment-large size-large\" alt=\"\" aria-describedby=\"gallery--165400\" data-lazy- data-lazy- data-lazy-src=\"https:\/\/www.europesays.com\/fr\/wp-content\/uploads\/2025\/10\/18-Groupe-Chopard-MS.jpg\"\/><\/a><\/p>\n<p>\n                                18. Philippe Perez (Radio Scoop) et Jean-Claude Pietrocola (Troph\u00e9e Ovalgreen)<\/p>\n<p><br style=\"clear: both\"\/><\/p>\n<p>                                <a href=\"https:\/\/www.europesays.com\/fr\/wp-content\/uploads\/2025\/10\/19-Groupe-Chopard-MS.jpg\" title=\"19. Virginie Thielland (Lucie Saint Clair) et C\u00e9dric Di Caro (Holding de LDC)\" data-rl_title=\"19. Virginie Thielland (Lucie Saint Clair) et C\u00e9dric Di Caro (Holding de LDC)\" class=\"rl-gallery-link\" data-rl_caption=\"\" data-rel=\"lightbox-gallery-bGlnaHRib3gtZ2FsbGVyeS0w\" data-rl_><img loading=\"lazy\" decoding=\"async\" width=\"900\" height=\"600\" src=\"data:image\/svg+xml,%3Csvg%20xmlns=\" http:=\"\" class=\"attachment-large size-large\" alt=\"\" aria-describedby=\"gallery--165401\" data-lazy- data-lazy- data-lazy-src=\"https:\/\/www.europesays.com\/fr\/wp-content\/uploads\/2025\/10\/19-Groupe-Chopard-MS.jpg\"\/><\/a><\/p>\n<p>\n                                19. Virginie Thielland (Lucie Saint Clair) et C\u00e9dric Di Caro (Holding de LDC)<\/p>\n<p>                                <a href=\"https:\/\/www.europesays.com\/fr\/wp-content\/uploads\/2025\/10\/20-Groupe-Chopard-MS.jpg\" title=\"20. Jean-Luc Breliere (Andrice) et Patricia Buet (Technip)\" data-rl_title=\"20. Jean-Luc Breliere (Andrice) et Patricia Buet (Technip)\" class=\"rl-gallery-link\" data-rl_caption=\"\" data-rel=\"lightbox-gallery-bGlnaHRib3gtZ2FsbGVyeS0w\" data-rl_><img loading=\"lazy\" decoding=\"async\" width=\"900\" height=\"600\" src=\"data:image\/svg+xml,%3Csvg%20xmlns=\" http:=\"\" class=\"attachment-large size-large\" alt=\"\" aria-describedby=\"gallery--165402\" data-lazy- data-lazy- data-lazy-src=\"https:\/\/www.europesays.com\/fr\/wp-content\/uploads\/2025\/10\/20-Groupe-Chopard-MS.jpg\"\/><\/a><\/p>\n<p>\n                                20. Jean-Luc Breliere (Andrice) et Patricia Buet (Technip)<\/p>\n<p><br style=\"clear: both\"\/><\/p>\n<p>                                <a href=\"https:\/\/www.europesays.com\/fr\/wp-content\/uploads\/2025\/10\/21-Groupe-Chopard-MS.jpg\" title=\"21. Audrey Monnot (Groupe Chopard) et Nicolas Winckler (Lyon People)\" data-rl_title=\"21. Audrey Monnot (Groupe Chopard) et Nicolas Winckler (Lyon People)\" class=\"rl-gallery-link\" data-rl_caption=\"\" data-rel=\"lightbox-gallery-bGlnaHRib3gtZ2FsbGVyeS0w\" data-rl_><img loading=\"lazy\" decoding=\"async\" width=\"900\" height=\"600\" src=\"data:image\/svg+xml,%3Csvg%20xmlns=\" http:=\"\" class=\"attachment-large size-large\" alt=\"\" aria-describedby=\"gallery--165403\" data-lazy- data-lazy- data-lazy-src=\"https:\/\/www.europesays.com\/fr\/wp-content\/uploads\/2025\/10\/21-Groupe-Chopard-MS.jpg\"\/><\/a><\/p>\n<p>\n                                21. Audrey Monnot (Groupe Chopard) et Nicolas Winckler (Lyon People)<\/p>\n<p>                                <a href=\"https:\/\/www.europesays.com\/fr\/wp-content\/uploads\/2025\/10\/22-Groupe-Chopard-MS.jpg\" title=\"22. Naouel Hennous et Odette Silva\" data-rl_title=\"22. Naouel Hennous et Odette Silva\" class=\"rl-gallery-link\" data-rl_caption=\"\" data-rel=\"lightbox-gallery-bGlnaHRib3gtZ2FsbGVyeS0w\" data-rl_><img loading=\"lazy\" decoding=\"async\" width=\"900\" height=\"600\" src=\"data:image\/svg+xml,%3Csvg%20xmlns=\" http:=\"\" class=\"attachment-large size-large\" alt=\"\" aria-describedby=\"gallery--165404\" data-lazy- data-lazy- data-lazy-src=\"https:\/\/www.europesays.com\/fr\/wp-content\/uploads\/2025\/10\/22-Groupe-Chopard-MS.jpg\"\/><\/a><\/p>\n<p>\n                                22. Naouel Hennous et Odette Silva<\/p>\n<p><br style=\"clear: both\"\/><\/p>\n<p>                                <a href=\"https:\/\/www.europesays.com\/fr\/wp-content\/uploads\/2025\/10\/23-Groupe-Chopard-MS.jpg\" title=\"23. Marco Polisson (Lyon People), Nina Drevet et Richard Drevet (Suzuki et Mazda)\" data-rl_title=\"23. Marco Polisson (Lyon People), Nina Drevet et Richard Drevet (Suzuki et Mazda)\" class=\"rl-gallery-link\" data-rl_caption=\"\" data-rel=\"lightbox-gallery-bGlnaHRib3gtZ2FsbGVyeS0w\" data-rl_><img loading=\"lazy\" decoding=\"async\" width=\"900\" height=\"600\" src=\"data:image\/svg+xml,%3Csvg%20xmlns=\" http:=\"\" class=\"attachment-large size-large\" alt=\"\" aria-describedby=\"gallery--165405\" data-lazy- data-lazy- data-lazy-src=\"https:\/\/www.europesays.com\/fr\/wp-content\/uploads\/2025\/10\/23-Groupe-Chopard-MS.jpg\"\/><\/a><\/p>\n<p>\n                                23. Marco Polisson (Lyon People), Nina Drevet et Richard Drevet (Suzuki et Mazda)<\/p>\n<p>                                <a href=\"https:\/\/www.europesays.com\/fr\/wp-content\/uploads\/2025\/10\/24-Groupe-Chopard-MS.jpg\" title=\"24. Laurent Carrion (Groupe Carrion), Charles Couty (Tonic Radio), St\u00e9phane Morot-Sir (LDLC ASVEL) et Alexandre Jeannerod (Euro Sono)\" data-rl_title=\"24. Laurent Carrion (Groupe Carrion), Charles Couty (Tonic Radio), St\u00e9phane Morot-Sir (LDLC ASVEL) et Alexandre Jeannerod (Euro Sono)\" class=\"rl-gallery-link\" data-rl_caption=\"\" data-rel=\"lightbox-gallery-bGlnaHRib3gtZ2FsbGVyeS0w\" data-rl_><img loading=\"lazy\" decoding=\"async\" width=\"900\" height=\"600\" src=\"data:image\/svg+xml,%3Csvg%20xmlns=\" http:=\"\" class=\"attachment-large size-large\" alt=\"\" aria-describedby=\"gallery--165406\" data-lazy- data-lazy- data-lazy-src=\"https:\/\/www.europesays.com\/fr\/wp-content\/uploads\/2025\/10\/24-Groupe-Chopard-MS.jpg\"\/><\/a><\/p>\n<p>\n                                24. Laurent Carrion (Groupe Carrion), Charles Couty (Tonic Radio), St\u00e9phane Morot-Sir (LDLC ASVEL) et Alexandre Jeannerod (Euro Sono)<\/p>\n<p><br style=\"clear: both\"\/><\/p>\n<p>                                <a href=\"https:\/\/www.europesays.com\/fr\/wp-content\/uploads\/2025\/10\/25-Groupe-Chopard-MS.jpg\" title=\"25. Audrey Monnot (Groupe Chopard) entour\u00e9e de Lou et sa maman C\u00e9cile Poinsot (Lactalis)\" data-rl_title=\"25. Audrey Monnot (Groupe Chopard) entour\u00e9e de Lou et sa maman C\u00e9cile Poinsot (Lactalis)\" class=\"rl-gallery-link\" data-rl_caption=\"\" data-rel=\"lightbox-gallery-bGlnaHRib3gtZ2FsbGVyeS0w\" data-rl_><img loading=\"lazy\" decoding=\"async\" width=\"900\" height=\"600\" src=\"data:image\/svg+xml,%3Csvg%20xmlns=\" http:=\"\" class=\"attachment-large size-large\" alt=\"\" aria-describedby=\"gallery--165407\" data-lazy- data-lazy- data-lazy-src=\"https:\/\/www.europesays.com\/fr\/wp-content\/uploads\/2025\/10\/25-Groupe-Chopard-MS.jpg\"\/><\/a><\/p>\n<p>\n                                25. Audrey Monnot (Groupe Chopard) entour\u00e9e de Lou et sa maman C\u00e9cile Poinsot (Lactalis)<\/p>\n<p>                                <a href=\"https:\/\/www.europesays.com\/fr\/wp-content\/uploads\/2025\/10\/26-Groupe-Chopard-MS.jpg\" title=\"26. Behiya et Bekir Bozlak (Beekolor)\" data-rl_title=\"26. Behiya et Bekir Bozlak (Beekolor)\" class=\"rl-gallery-link\" data-rl_caption=\"\" data-rel=\"lightbox-gallery-bGlnaHRib3gtZ2FsbGVyeS0w\" data-rl_><img loading=\"lazy\" decoding=\"async\" width=\"900\" height=\"600\" src=\"data:image\/svg+xml,%3Csvg%20xmlns=\" http:=\"\" class=\"attachment-large size-large\" alt=\"\" aria-describedby=\"gallery--165408\" data-lazy- data-lazy- data-lazy-src=\"https:\/\/www.europesays.com\/fr\/wp-content\/uploads\/2025\/10\/26-Groupe-Chopard-MS.jpg\"\/><\/a><\/p>\n<p>\n                                26. Behiya et Bekir Bozlak (Beekolor)<\/p>\n<p><br style=\"clear: both\"\/><\/p>\n<p>                                <a href=\"https:\/\/www.europesays.com\/fr\/wp-content\/uploads\/2025\/10\/27-Groupe-Chopard-MS.jpg\" title=\"27. Daniel Rutter et Michel Etienne\" data-rl_title=\"27. Daniel Rutter et Michel Etienne\" class=\"rl-gallery-link\" data-rl_caption=\"\" data-rel=\"lightbox-gallery-bGlnaHRib3gtZ2FsbGVyeS0w\" data-rl_><img loading=\"lazy\" decoding=\"async\" width=\"900\" height=\"600\" src=\"data:image\/svg+xml,%3Csvg%20xmlns=\" http:=\"\" class=\"attachment-large size-large\" alt=\"\" aria-describedby=\"gallery--165409\" data-lazy- data-lazy- data-lazy-src=\"https:\/\/www.europesays.com\/fr\/wp-content\/uploads\/2025\/10\/27-Groupe-Chopard-MS.jpg\"\/><\/a><\/p>\n<p>\n                                27. Daniel Rutter et Michel Etienne<\/p>\n<p>                                <a href=\"https:\/\/www.europesays.com\/fr\/wp-content\/uploads\/2025\/10\/28-Groupe-Chopard-MS.jpg\" title=\"28. Charles Couty (Tonic Radio), Jean-Michel Paviot (Mercedes-Benz) et Fr\u00e9d\u00e9ric Blanc (Aston Martin-Groupe Chopard)\" data-rl_title=\"28. Charles Couty (Tonic Radio), Jean-Michel Paviot (Mercedes-Benz) et Fr\u00e9d\u00e9ric Blanc (Aston Martin-Groupe Chopard)\" class=\"rl-gallery-link\" data-rl_caption=\"\" data-rel=\"lightbox-gallery-bGlnaHRib3gtZ2FsbGVyeS0w\" data-rl_><img loading=\"lazy\" decoding=\"async\" width=\"900\" height=\"602\" src=\"data:image\/svg+xml,%3Csvg%20xmlns=\" http:=\"\" class=\"attachment-large size-large\" alt=\"\" aria-describedby=\"gallery--165410\" data-lazy- data-lazy- data-lazy-src=\"https:\/\/www.europesays.com\/fr\/wp-content\/uploads\/2025\/10\/28-Groupe-Chopard-MS.jpg\"\/><\/a><\/p>\n<p>\n                                28. Charles Couty (Tonic Radio), Jean-Michel Paviot (Mercedes-Benz) et Fr\u00e9d\u00e9ric Blanc (Aston Martin-Groupe Chopard)<\/p>\n<p><br style=\"clear: both\"\/><\/p>\n<p>                                <a href=\"https:\/\/www.europesays.com\/fr\/wp-content\/uploads\/2025\/10\/29-Groupe-Chopard-MS.jpg\" title=\"29. Marc-Antoine Ginon, pr\u00e9sident du LOU Rugby et Olivier Camps (Groupe Chopard Mercedes Saint Fons)\" data-rl_title=\"29. Marc-Antoine Ginon, pr\u00e9sident du LOU Rugby et Olivier Camps (Groupe Chopard Mercedes Saint Fons)\" class=\"rl-gallery-link\" data-rl_caption=\"\" data-rel=\"lightbox-gallery-bGlnaHRib3gtZ2FsbGVyeS0w\" data-rl_><img loading=\"lazy\" decoding=\"async\" width=\"900\" height=\"600\" src=\"data:image\/svg+xml,%3Csvg%20xmlns=\" http:=\"\" class=\"attachment-large size-large\" alt=\"\" aria-describedby=\"gallery--165411\" data-lazy- data-lazy- data-lazy-src=\"https:\/\/www.europesays.com\/fr\/wp-content\/uploads\/2025\/10\/29-Groupe-Chopard-MS.jpg\"\/><\/a><\/p>\n<p>\n                                29. Marc-Antoine Ginon, pr\u00e9sident du LOU Rugby et Olivier Camps (Groupe Chopard Mercedes Saint Fons)<\/p>\n<p>                                <a href=\"https:\/\/www.europesays.com\/fr\/wp-content\/uploads\/2025\/10\/30-Groupe-Chopard-MS.jpg\" title=\"30. Herv\u00e9 Mitard (Acandis), son \u00e9pouse Catherine (MDA Distribution) et Alain Pillon (Cr\u00e9dit Agricole Centre Est)\" data-rl_title=\"30. Herv\u00e9 Mitard (Acandis), son \u00e9pouse Catherine (MDA Distribution) et Alain Pillon (Cr\u00e9dit Agricole Centre Est)\" class=\"rl-gallery-link\" data-rl_caption=\"\" data-rel=\"lightbox-gallery-bGlnaHRib3gtZ2FsbGVyeS0w\" data-rl_><img loading=\"lazy\" decoding=\"async\" width=\"900\" height=\"600\" src=\"data:image\/svg+xml,%3Csvg%20xmlns=\" http:=\"\" class=\"attachment-large size-large\" alt=\"\" aria-describedby=\"gallery--165412\" data-lazy- data-lazy- data-lazy-src=\"https:\/\/www.europesays.com\/fr\/wp-content\/uploads\/2025\/10\/30-Groupe-Chopard-MS.jpg\"\/><\/a><\/p>\n<p>\n                                30. Herv\u00e9 Mitard (Acandis), son \u00e9pouse Catherine (MDA Distribution) et Alain Pillon (Cr\u00e9dit Agricole Centre Est)<\/p>\n<p><br style=\"clear: both\"\/><\/p>\n<p>                                <a href=\"https:\/\/www.europesays.com\/fr\/wp-content\/uploads\/2025\/10\/31-Groupe-Chopard-MS.jpg\" title=\"31. Fr\u00e9d\u00e9ric Blanc (Aston Martin-Groupe Chopard) entour\u00e9 de Jean-Pierre Cot (Meuble Cot), Pierre Serpollet (Atol), Leila et Herv\u00e9 Myard\" data-rl_title=\"31. Fr\u00e9d\u00e9ric Blanc (Aston Martin-Groupe Chopard) entour\u00e9 de Jean-Pierre Cot (Meuble Cot), Pierre Serpollet (Atol), Leila et Herv\u00e9 Myard\" class=\"rl-gallery-link\" data-rl_caption=\"\" data-rel=\"lightbox-gallery-bGlnaHRib3gtZ2FsbGVyeS0w\" data-rl_><img loading=\"lazy\" decoding=\"async\" width=\"900\" height=\"600\" src=\"data:image\/svg+xml,%3Csvg%20xmlns=\" http:=\"\" class=\"attachment-large size-large\" alt=\"\" aria-describedby=\"gallery--165413\" data-lazy- data-lazy- data-lazy-src=\"https:\/\/www.europesays.com\/fr\/wp-content\/uploads\/2025\/10\/31-Groupe-Chopard-MS.jpg\"\/><\/a><\/p>\n<p>\n                                31. Fr\u00e9d\u00e9ric Blanc (Aston Martin-Groupe Chopard) entour\u00e9 de Jean-Pierre Cot (Meuble Cot), Pierre Serpollet (Atol), Leila et Herv\u00e9 Myard <\/p>\n<p>                                <a href=\"https:\/\/www.europesays.com\/fr\/wp-content\/uploads\/2025\/10\/32-Groupe-Chopard-MS.jpg\" title=\"32. Marine Sanchez (Hevatecture) et Charl\u00e8ne Versace (Mama Focaccia)\" data-rl_title=\"32. Marine Sanchez (Hevatecture) et Charl\u00e8ne Versace (Mama Focaccia)\" class=\"rl-gallery-link\" data-rl_caption=\"\" data-rel=\"lightbox-gallery-bGlnaHRib3gtZ2FsbGVyeS0w\" data-rl_><img loading=\"lazy\" decoding=\"async\" width=\"900\" height=\"600\" src=\"data:image\/svg+xml,%3Csvg%20xmlns=\" http:=\"\" class=\"attachment-large size-large\" alt=\"\" aria-describedby=\"gallery--165414\" data-lazy- data-lazy- data-lazy-src=\"https:\/\/www.europesays.com\/fr\/wp-content\/uploads\/2025\/10\/32-Groupe-Chopard-MS.jpg\"\/><\/a><\/p>\n<p>\n                                32. Marine Sanchez (Hevatecture) et Charl\u00e8ne Versace (Mama Focaccia)<\/p>\n<p><br style=\"clear: both\"\/><\/p>\n<p>                                <a href=\"https:\/\/www.europesays.com\/fr\/wp-content\/uploads\/2025\/10\/33-Groupe-Chopard-MS.jpg\" title=\"33. Bruno Grange, 1er adjoint \u00e0 la mairie de Dardilly et Rose-France Fournillon, maire de Dardilly\" data-rl_title=\"33. Bruno Grange, 1er adjoint \u00e0 la mairie de Dardilly et Rose-France Fournillon, maire de Dardilly\" class=\"rl-gallery-link\" data-rl_caption=\"\" data-rel=\"lightbox-gallery-bGlnaHRib3gtZ2FsbGVyeS0w\" data-rl_><img loading=\"lazy\" decoding=\"async\" width=\"900\" height=\"601\" src=\"data:image\/svg+xml,%3Csvg%20xmlns=\" http:=\"\" class=\"attachment-large size-large\" alt=\"\" aria-describedby=\"gallery--165415\" data-lazy- data-lazy- data-lazy-src=\"https:\/\/www.europesays.com\/fr\/wp-content\/uploads\/2025\/10\/33-Groupe-Chopard-MS.jpg\"\/><\/a><\/p>\n<p>\n                                33. Bruno Grange, 1er adjoint \u00e0 la mairie de Dardilly et Rose-France Fournillon, maire de Dardilly<\/p>\n<p>                                <a href=\"https:\/\/www.europesays.com\/fr\/wp-content\/uploads\/2025\/10\/34-Groupe-Chopard-MS.jpg\" title=\"34. J\u00e9r\u00f4me Mary (Financi\u00e8re Vegaly), Domitille Pascal (Groupe Chopard Mercedes) et Marie-St\u00e9phane Jacquey (Les Gones de l\u2019Immo)\" data-rl_title=\"34. J\u00e9r\u00f4me Mary (Financi\u00e8re Vegaly), Domitille Pascal (Groupe Chopard Mercedes) et Marie-St\u00e9phane Jacquey (Les Gones de l\u2019Immo)\" class=\"rl-gallery-link\" data-rl_caption=\"\" data-rel=\"lightbox-gallery-bGlnaHRib3gtZ2FsbGVyeS0w\" data-rl_><img loading=\"lazy\" decoding=\"async\" width=\"900\" height=\"600\" src=\"data:image\/svg+xml,%3Csvg%20xmlns=\" http:=\"\" class=\"attachment-large size-large\" alt=\"\" aria-describedby=\"gallery--165416\" data-lazy- data-lazy- data-lazy-src=\"https:\/\/www.europesays.com\/fr\/wp-content\/uploads\/2025\/10\/34-Groupe-Chopard-MS.jpg\"\/><\/a><\/p>\n<p>\n                                34. J\u00e9r\u00f4me Mary (Financi\u00e8re Vegaly), Domitille Pascal (Groupe Chopard Mercedes) et Marie-St\u00e9phane Jacquey (Les Gones de l\u2019Immo)<\/p>\n<p><br style=\"clear: both\"\/><\/p>\n<p>                                <a href=\"https:\/\/www.europesays.com\/fr\/wp-content\/uploads\/2025\/10\/35-Groupe-Chopard-MS.jpg\" title=\"35. Charles Couty (Mus\u00e9e Jean Couty), Laurent Chabbat (Tonic Radio) et son fils Melvin (Media Communication)\" data-rl_title=\"35. Charles Couty (Mus\u00e9e Jean Couty), Laurent Chabbat (Tonic Radio) et son fils Melvin (Media Communication)\" class=\"rl-gallery-link\" data-rl_caption=\"\" data-rel=\"lightbox-gallery-bGlnaHRib3gtZ2FsbGVyeS0w\" data-rl_><img loading=\"lazy\" decoding=\"async\" width=\"900\" height=\"600\" src=\"data:image\/svg+xml,%3Csvg%20xmlns=\" http:=\"\" class=\"attachment-large size-large\" alt=\"\" aria-describedby=\"gallery--165417\" data-lazy- data-lazy- data-lazy-src=\"https:\/\/www.europesays.com\/fr\/wp-content\/uploads\/2025\/10\/35-Groupe-Chopard-MS.jpg\"\/><\/a><\/p>\n<p>\n                                35. Charles Couty (Mus\u00e9e Jean Couty), Laurent Chabbat (Tonic Radio) et son fils Melvin (Media Communication)<\/p>\n<p>                                <a href=\"https:\/\/www.europesays.com\/fr\/wp-content\/uploads\/2025\/10\/36-Groupe-Chopard-MS.jpg\" title=\"36. Nathalie Rodier et Dylan Marini\" data-rl_title=\"36. Nathalie Rodier et Dylan Marini\" class=\"rl-gallery-link\" data-rl_caption=\"\" data-rel=\"lightbox-gallery-bGlnaHRib3gtZ2FsbGVyeS0w\" data-rl_><img loading=\"lazy\" decoding=\"async\" width=\"900\" height=\"600\" src=\"data:image\/svg+xml,%3Csvg%20xmlns=\" http:=\"\" class=\"attachment-large size-large\" alt=\"\" aria-describedby=\"gallery--165418\" data-lazy- data-lazy- data-lazy-src=\"https:\/\/www.europesays.com\/fr\/wp-content\/uploads\/2025\/10\/36-Groupe-Chopard-MS.jpg\"\/><\/a><\/p>\n<p>\n                                36. Nathalie Rodier et Dylan Marini <\/p>\n<p><br style=\"clear: both\"\/><\/p>\n<p>                                <a href=\"https:\/\/www.europesays.com\/fr\/wp-content\/uploads\/2025\/10\/37-Groupe-Chopard-MS.jpg\" title=\"37. Gauthier Rodier et sa maman Nathalie\" data-rl_title=\"37. Gauthier Rodier et sa maman Nathalie\" class=\"rl-gallery-link\" data-rl_caption=\"\" data-rel=\"lightbox-gallery-bGlnaHRib3gtZ2FsbGVyeS0w\" data-rl_><img loading=\"lazy\" decoding=\"async\" width=\"900\" height=\"600\" src=\"data:image\/svg+xml,%3Csvg%20xmlns=\" http:=\"\" class=\"attachment-large size-large\" alt=\"\" aria-describedby=\"gallery--165419\" data-lazy- data-lazy- data-lazy-src=\"https:\/\/www.europesays.com\/fr\/wp-content\/uploads\/2025\/10\/37-Groupe-Chopard-MS.jpg\"\/><\/a><\/p>\n<p>\n                                37. Gauthier Rodier et sa maman Nathalie <\/p>\n<p>                                <a href=\"https:\/\/www.europesays.com\/fr\/wp-content\/uploads\/2025\/10\/38-Groupe-Chopard-MS.jpg\" title=\"38. Anthony Roques (Kraken) et Christina Brusegan (Remade)\" data-rl_title=\"38. Anthony Roques (Kraken) et Christina Brusegan (Remade)\" class=\"rl-gallery-link\" data-rl_caption=\"\" data-rel=\"lightbox-gallery-bGlnaHRib3gtZ2FsbGVyeS0w\" data-rl_><img loading=\"lazy\" decoding=\"async\" width=\"900\" height=\"600\" src=\"data:image\/svg+xml,%3Csvg%20xmlns=\" http:=\"\" class=\"attachment-large size-large\" alt=\"\" aria-describedby=\"gallery--165420\" data-lazy- data-lazy- data-lazy-src=\"https:\/\/www.europesays.com\/fr\/wp-content\/uploads\/2025\/10\/38-Groupe-Chopard-MS.jpg\"\/><\/a><\/p>\n<p>\n                                38. Anthony Roques (Kraken) et Christina Brusegan (Remade)<\/p>\n<p><br style=\"clear: both\"\/><\/p>\n<p>                                <a href=\"https:\/\/www.europesays.com\/fr\/wp-content\/uploads\/2025\/10\/39-Groupe-Chopard-MS.jpg.jpg\" title=\"39. Laurence et J\u00e9r\u00f4me Mamet (Gedimat), accompagn\u00e9s de leur fille L\u00e9a (lyc\u00e9e CMA)\" data-rl_title=\"39. Laurence et J\u00e9r\u00f4me Mamet (Gedimat), accompagn\u00e9s de leur fille L\u00e9a (lyc\u00e9e CMA)\" class=\"rl-gallery-link\" data-rl_caption=\"\" data-rel=\"lightbox-gallery-bGlnaHRib3gtZ2FsbGVyeS0w\" data-rl_><img loading=\"lazy\" decoding=\"async\" width=\"900\" height=\"601\" src=\"data:image\/svg+xml,%3Csvg%20xmlns=\" http:=\"\" class=\"attachment-large size-large\" alt=\"\" aria-describedby=\"gallery--165421\" data-lazy- data-lazy- data-lazy-src=\"https:\/\/www.europesays.com\/fr\/wp-content\/uploads\/2025\/10\/39-Groupe-Chopard-MS.jpg.jpg\"\/><\/a><\/p>\n<p>\n                                39. Laurence et J\u00e9r\u00f4me Mamet (Gedimat), accompagn\u00e9s de leur fille L\u00e9a (lyc\u00e9e CMA)<\/p>\n<p>                                <a href=\"https:\/\/www.europesays.com\/fr\/wp-content\/uploads\/2025\/10\/40-Groupe-Chopard-MS.jpg\" title=\"40. Renaud Brunet, Guillaume Priester (Mercedes-Benz Groupe Chopard) et Ronan Brunet (Dynamo)\" data-rl_title=\"40. Renaud Brunet, Guillaume Priester (Mercedes-Benz Groupe Chopard) et Ronan Brunet (Dynamo)\" class=\"rl-gallery-link\" data-rl_caption=\"\" data-rel=\"lightbox-gallery-bGlnaHRib3gtZ2FsbGVyeS0w\" data-rl_><img loading=\"lazy\" decoding=\"async\" width=\"900\" height=\"601\" src=\"data:image\/svg+xml,%3Csvg%20xmlns=\" http:=\"\" class=\"attachment-large size-large\" alt=\"\" aria-describedby=\"gallery--165422\" data-lazy- data-lazy- data-lazy-src=\"https:\/\/www.europesays.com\/fr\/wp-content\/uploads\/2025\/10\/40-Groupe-Chopard-MS.jpg\"\/><\/a><\/p>\n<p>\n                                40. Renaud Brunet, Guillaume Priester (Mercedes-Benz Groupe Chopard) et Ronan Brunet (Dynamo)<\/p>\n<p><br style=\"clear: both\"\/><\/p>\n<p>                                <a href=\"https:\/\/www.europesays.com\/fr\/wp-content\/uploads\/2025\/10\/41-Groupe-Chopard-MS.jpg\" title=\"41. Alain Widemann, Florent Tosello (Lyon Hockey Club) et Dimitri (Infovision)\" data-rl_title=\"41. Alain Widemann, Florent Tosello (Lyon Hockey Club) et Dimitri (Infovision)\" class=\"rl-gallery-link\" data-rl_caption=\"\" data-rel=\"lightbox-gallery-bGlnaHRib3gtZ2FsbGVyeS0w\" data-rl_><img loading=\"lazy\" decoding=\"async\" width=\"900\" height=\"600\" src=\"data:image\/svg+xml,%3Csvg%20xmlns=\" http:=\"\" class=\"attachment-large size-large\" alt=\"\" aria-describedby=\"gallery--165423\" data-lazy- data-lazy- data-lazy-src=\"https:\/\/www.europesays.com\/fr\/wp-content\/uploads\/2025\/10\/41-Groupe-Chopard-MS.jpg\"\/><\/a><\/p>\n<p>\n                                41. Alain Widemann, Florent Tosello (Lyon Hockey Club) et Dimitri (Infovision)<\/p>\n<p>                                <a href=\"https:\/\/www.europesays.com\/fr\/wp-content\/uploads\/2025\/10\/42-Groupe-Chopard-MS.jpg\" title=\"42. David Louis, Alain Pillon (Cr\u00e9dit Agricole Centre Est) et Luc Billaud (Groupe Chopard)\" data-rl_title=\"42. David Louis, Alain Pillon (Cr\u00e9dit Agricole Centre Est) et Luc Billaud (Groupe Chopard)\" class=\"rl-gallery-link\" data-rl_caption=\"\" data-rel=\"lightbox-gallery-bGlnaHRib3gtZ2FsbGVyeS0w\" data-rl_><img loading=\"lazy\" decoding=\"async\" width=\"900\" height=\"600\" src=\"data:image\/svg+xml,%3Csvg%20xmlns=\" http:=\"\" class=\"attachment-large size-large\" alt=\"\" aria-describedby=\"gallery--165424\" data-lazy- data-lazy- data-lazy-src=\"https:\/\/www.europesays.com\/fr\/wp-content\/uploads\/2025\/10\/42-Groupe-Chopard-MS.jpg\"\/><\/a><\/p>\n<p>\n                                42. David Louis, Alain Pillon (Cr\u00e9dit Agricole Centre Est) et Luc Billaud (Groupe Chopard)<\/p>\n<p><br style=\"clear: both\"\/><\/p>\n<p>                                <a href=\"https:\/\/www.europesays.com\/fr\/wp-content\/uploads\/2025\/10\/43-Groupe-Chopard-MS.jpg\" title=\"43. Aymeric Brunier et Laetitia Ippolitoff (les Bouquets de Parsrsonge)\" data-rl_title=\"43. Aymeric Brunier et Laetitia Ippolitoff (les Bouquets de Parsrsonge)\" class=\"rl-gallery-link\" data-rl_caption=\"\" data-rel=\"lightbox-gallery-bGlnaHRib3gtZ2FsbGVyeS0w\" data-rl_><img loading=\"lazy\" decoding=\"async\" width=\"900\" height=\"600\" src=\"data:image\/svg+xml,%3Csvg%20xmlns=\" http:=\"\" class=\"attachment-large size-large\" alt=\"\" aria-describedby=\"gallery--165425\" data-lazy- data-lazy- data-lazy-src=\"https:\/\/www.europesays.com\/fr\/wp-content\/uploads\/2025\/10\/43-Groupe-Chopard-MS.jpg\"\/><\/a><\/p>\n<p>\n                                43. Aymeric Brunier et Laetitia Ippolitoff (les Bouquets de Parsrsonge)<\/p>\n<p>                                <a href=\"https:\/\/www.europesays.com\/fr\/wp-content\/uploads\/2025\/10\/44-Groupe-Chopard-MS.jpg\" title=\"44. Ma\u00eetre David Guyonnet, notaire (Alcaix), le docteur Fran\u00e7oise Normand, ophtalmologiste et Fr\u00e9d\u00e9ric Blanc (Aston Martin-Groupe Chopard)\" data-rl_title=\"44. Ma\u00eetre David Guyonnet, notaire (Alcaix), le docteur Fran\u00e7oise Normand, ophtalmologiste et Fr\u00e9d\u00e9ric Blanc (Aston Martin-Groupe Chopard)\" class=\"rl-gallery-link\" data-rl_caption=\"\" data-rel=\"lightbox-gallery-bGlnaHRib3gtZ2FsbGVyeS0w\" data-rl_><img loading=\"lazy\" decoding=\"async\" width=\"900\" height=\"600\" src=\"data:image\/svg+xml,%3Csvg%20xmlns=\" http:=\"\" class=\"attachment-large size-large\" alt=\"\" aria-describedby=\"gallery--165426\" data-lazy- data-lazy- data-lazy-src=\"https:\/\/www.europesays.com\/fr\/wp-content\/uploads\/2025\/10\/44-Groupe-Chopard-MS.jpg\"\/><\/a><\/p>\n<p>\n                                44. Ma\u00eetre David Guyonnet, notaire (Alcaix), le docteur Fran\u00e7oise Normand, ophtalmologiste et Fr\u00e9d\u00e9ric Blanc (Aston Martin-Groupe Chopard)<\/p>\n<p><br style=\"clear: both\"\/><\/p>\n<p>                                <a href=\"https:\/\/www.europesays.com\/fr\/wp-content\/uploads\/2025\/10\/45-Groupe-Chopard-MS.jpg\" title=\"45. Philippe Eyraud (Mixel et Cap2Mobi) et Romain Boucaud-Maitre (Chocolats Voisin)\" data-rl_title=\"45. Philippe Eyraud (Mixel et Cap2Mobi) et Romain Boucaud-Maitre (Chocolats Voisin)\" class=\"rl-gallery-link\" data-rl_caption=\"\" data-rel=\"lightbox-gallery-bGlnaHRib3gtZ2FsbGVyeS0w\" data-rl_><img loading=\"lazy\" decoding=\"async\" width=\"900\" height=\"600\" src=\"data:image\/svg+xml,%3Csvg%20xmlns=\" http:=\"\" class=\"attachment-large size-large\" alt=\"\" aria-describedby=\"gallery--165427\" data-lazy- data-lazy- data-lazy-src=\"https:\/\/www.europesays.com\/fr\/wp-content\/uploads\/2025\/10\/45-Groupe-Chopard-MS.jpg\"\/><\/a><\/p>\n<p>\n                                 45. Philippe Eyraud (Mixel et Cap2Mobi) et Romain Boucaud-Maitre (Chocolats Voisin)<\/p>\n<p>                                <a href=\"https:\/\/www.europesays.com\/fr\/wp-content\/uploads\/2025\/10\/46-Groupe-Chopard-MS.jpg\" title=\"46. Christophe Thomas, son fils, l\u2019architecte Ga\u00ebtan (Aster), Fabrice Futin et Alain Arcamone (Targetti)\" data-rl_title=\"46. Christophe Thomas, son fils, l\u2019architecte Ga\u00ebtan (Aster), Fabrice Futin et Alain Arcamone (Targetti)\" class=\"rl-gallery-link\" data-rl_caption=\"\" data-rel=\"lightbox-gallery-bGlnaHRib3gtZ2FsbGVyeS0w\" data-rl_><img loading=\"lazy\" decoding=\"async\" width=\"900\" height=\"600\" src=\"data:image\/svg+xml,%3Csvg%20xmlns=\" http:=\"\" class=\"attachment-large size-large\" alt=\"\" aria-describedby=\"gallery--165428\" data-lazy- data-lazy- data-lazy-src=\"https:\/\/www.europesays.com\/fr\/wp-content\/uploads\/2025\/10\/46-Groupe-Chopard-MS.jpg\"\/><\/a><\/p>\n<p>\n                                46. Christophe Thomas, son fils, l\u2019architecte Ga\u00ebtan (Aster), Fabrice Futin et Alain Arcamone (Targetti)<\/p>\n<p><br style=\"clear: both\"\/><\/p>\n<p>                                <a href=\"https:\/\/www.europesays.com\/fr\/wp-content\/uploads\/2025\/10\/47-Groupe-Chopard-MS.jpg\" title=\"47. Anthony Conte et Sylvain Margand (Axe Process)\" data-rl_title=\"47. Anthony Conte et Sylvain Margand (Axe Process)\" class=\"rl-gallery-link\" data-rl_caption=\"\" data-rel=\"lightbox-gallery-bGlnaHRib3gtZ2FsbGVyeS0w\" data-rl_><img loading=\"lazy\" decoding=\"async\" width=\"900\" height=\"600\" src=\"data:image\/svg+xml,%3Csvg%20xmlns=\" http:=\"\" class=\"attachment-large size-large\" alt=\"\" aria-describedby=\"gallery--165429\" data-lazy- data-lazy- data-lazy-src=\"https:\/\/www.europesays.com\/fr\/wp-content\/uploads\/2025\/10\/47-Groupe-Chopard-MS.jpg\"\/><\/a><\/p>\n<p>\n                                 47. Anthony Conte et Sylvain Margand (Axe Process)<\/p>\n<p>                                <a href=\"https:\/\/www.europesays.com\/fr\/wp-content\/uploads\/2025\/10\/48-Groupe-Chopard-MS.jpg\" title=\"48. Karen Trevisan et Ga\u00eblle Viegas, organisatrice de la soir\u00e9e (Metronomi)\" data-rl_title=\"48. Karen Trevisan et Ga\u00eblle Viegas, organisatrice de la soir\u00e9e (Metronomi)\" class=\"rl-gallery-link\" data-rl_caption=\"\" data-rel=\"lightbox-gallery-bGlnaHRib3gtZ2FsbGVyeS0w\" data-rl_><img loading=\"lazy\" decoding=\"async\" width=\"900\" height=\"600\" src=\"data:image\/svg+xml,%3Csvg%20xmlns=\" http:=\"\" class=\"attachment-large size-large\" alt=\"\" aria-describedby=\"gallery--165430\" data-lazy- data-lazy- data-lazy-src=\"https:\/\/www.europesays.com\/fr\/wp-content\/uploads\/2025\/10\/48-Groupe-Chopard-MS.jpg\"\/><\/a><\/p>\n<p>\n                                48. Karen Trevisan et Ga\u00eblle Viegas, organisatrice de la soir\u00e9e (Metronomi)<\/p>\n<p><br style=\"clear: both\"\/><\/p>\n<p>                                <a href=\"https:\/\/www.europesays.com\/fr\/wp-content\/uploads\/2025\/10\/49-Groupe-Chopard-MS.jpg\" title=\"49. Benjamin Gouteyron (Mercedes-Benz France), Jean-Claude Pietrocola (Troph\u00e9e Ovalgreen), Andr\u00e9 Juanaberria (Mercedes-Benz France) et Daniel Villarreal (CPME Auvergne-Rh\u00f4ne-Alpes)\" data-rl_title=\"49. Benjamin Gouteyron (Mercedes-Benz France), Jean-Claude Pietrocola (Troph\u00e9e Ovalgreen), Andr\u00e9 Juanaberria (Mercedes-Benz France) et Daniel Villarreal (CPME Auvergne-Rh\u00f4ne-Alpes)\" class=\"rl-gallery-link\" data-rl_caption=\"\" data-rel=\"lightbox-gallery-bGlnaHRib3gtZ2FsbGVyeS0w\" data-rl_><img loading=\"lazy\" decoding=\"async\" width=\"900\" height=\"600\" src=\"data:image\/svg+xml,%3Csvg%20xmlns=\" http:=\"\" class=\"attachment-large size-large\" alt=\"\" aria-describedby=\"gallery--165431\" data-lazy- data-lazy- data-lazy-src=\"https:\/\/www.europesays.com\/fr\/wp-content\/uploads\/2025\/10\/49-Groupe-Chopard-MS.jpg\"\/><\/a><\/p>\n<p>\n                                49. Benjamin Gouteyron (Mercedes-Benz France), Jean-Claude Pietrocola (Troph\u00e9e Ovalgreen), Andr\u00e9 Juanaberria (Mercedes-Benz France) et Daniel Villarreal (CPME Auvergne-Rh\u00f4ne-Alpes)<\/p>\n<p>                                <a href=\"https:\/\/www.europesays.com\/fr\/wp-content\/uploads\/2025\/10\/50-Groupe-Chopard-MS.jpg\" title=\"50. Christ Giustini (Thenltclub) et Laurent Devign\" data-rl_title=\"50. Christ Giustini (Thenltclub) et Laurent Devign\" class=\"rl-gallery-link\" data-rl_caption=\"\" data-rel=\"lightbox-gallery-bGlnaHRib3gtZ2FsbGVyeS0w\" data-rl_><img loading=\"lazy\" decoding=\"async\" width=\"900\" height=\"600\" src=\"data:image\/svg+xml,%3Csvg%20xmlns=\" http:=\"\" class=\"attachment-large size-large\" alt=\"\" aria-describedby=\"gallery--165432\" data-lazy- data-lazy- data-lazy-src=\"https:\/\/www.europesays.com\/fr\/wp-content\/uploads\/2025\/10\/50-Groupe-Chopard-MS.jpg\"\/><\/a><\/p>\n<p>\n                                50. Christ Giustini (Thenltclub) et Laurent Devign<\/p>\n<p><br style=\"clear: both\"\/><\/p>\n<p>                                <a href=\"https:\/\/www.europesays.com\/fr\/wp-content\/uploads\/2025\/10\/51-Groupe-Chopard-MS.jpg\" title=\"51. Marc-Antoine Ginon, pr\u00e9sident du LOU Rugby, Pierre-Emmanuel Chartier, pr\u00e9sident directeur g\u00e9n\u00e9ral de Mercedes-Benz France et Olivier Camps (Groupe Chopard Mercedes)\" data-rl_title=\"51. Marc-Antoine Ginon, pr\u00e9sident du LOU Rugby, Pierre-Emmanuel Chartier, pr\u00e9sident directeur g\u00e9n\u00e9ral de Mercedes-Benz France et Olivier Camps (Groupe Chopard Mercedes)\" class=\"rl-gallery-link\" data-rl_caption=\"\" data-rel=\"lightbox-gallery-bGlnaHRib3gtZ2FsbGVyeS0w\" data-rl_><img loading=\"lazy\" decoding=\"async\" width=\"900\" height=\"600\" src=\"data:image\/svg+xml,%3Csvg%20xmlns=\" http:=\"\" class=\"attachment-large size-large\" alt=\"\" aria-describedby=\"gallery--165433\" data-lazy- data-lazy- data-lazy-src=\"https:\/\/www.europesays.com\/fr\/wp-content\/uploads\/2025\/10\/51-Groupe-Chopard-MS.jpg\"\/><\/a><\/p>\n<p>\n                                51. Marc-Antoine Ginon, pr\u00e9sident du LOU Rugby, Pierre-Emmanuel Chartier, pr\u00e9sident directeur g\u00e9n\u00e9ral de Mercedes-Benz France et Olivier Camps (Groupe Chopard Mercedes)<\/p>\n<p>                                <a href=\"https:\/\/www.europesays.com\/fr\/wp-content\/uploads\/2025\/10\/52-Groupe-Chopard-MS.jpg\" title=\"52. Le street artiste les Gants Noirs\" data-rl_title=\"52. Le street artiste les Gants Noirs\" class=\"rl-gallery-link\" data-rl_caption=\"\" data-rel=\"lightbox-gallery-bGlnaHRib3gtZ2FsbGVyeS0w\" data-rl_><img loading=\"lazy\" decoding=\"async\" width=\"900\" height=\"600\" src=\"data:image\/svg+xml,%3Csvg%20xmlns=\" http:=\"\" class=\"attachment-large size-large\" alt=\"\" aria-describedby=\"gallery--165434\" data-lazy- data-lazy- data-lazy-src=\"https:\/\/www.europesays.com\/fr\/wp-content\/uploads\/2025\/10\/52-Groupe-Chopard-MS.jpg\"\/><\/a><\/p>\n<p>\n                                52. Le street artiste les Gants Noirs<\/p>\n<p><br style=\"clear: both\"\/><\/p>\n<p>                                <a href=\"https:\/\/www.europesays.com\/fr\/wp-content\/uploads\/2025\/10\/53-Groupe-Chopard-MS.jpg\" title=\"53. Fr\u00e9d\u00e9ric Blanc (Aston Martin-Groupe Chopard) et Marc-Antoine Ginon, pr\u00e9sident du LOU Rugby\" data-rl_title=\"53. Fr\u00e9d\u00e9ric Blanc (Aston Martin-Groupe Chopard) et Marc-Antoine Ginon, pr\u00e9sident du LOU Rugby\" class=\"rl-gallery-link\" data-rl_caption=\"\" data-rel=\"lightbox-gallery-bGlnaHRib3gtZ2FsbGVyeS0w\" data-rl_><img loading=\"lazy\" decoding=\"async\" width=\"900\" height=\"600\" src=\"data:image\/svg+xml,%3Csvg%20xmlns=\" http:=\"\" class=\"attachment-large size-large\" alt=\"\" aria-describedby=\"gallery--165435\" data-lazy- data-lazy- data-lazy-src=\"https:\/\/www.europesays.com\/fr\/wp-content\/uploads\/2025\/10\/53-Groupe-Chopard-MS.jpg\"\/><\/a><\/p>\n<p>\n                                53. Fr\u00e9d\u00e9ric Blanc (Aston Martin-Groupe Chopard) et Marc-Antoine Ginon, pr\u00e9sident du LOU Rugby<\/p>\n<p>                                <a href=\"https:\/\/www.europesays.com\/fr\/wp-content\/uploads\/2025\/10\/54-Groupe-Chopard-MS.jpg\" title=\"54. La nouvelle \u00e9toile de Dardilly en mode XXL\" data-rl_title=\"54. La nouvelle \u00e9toile de Dardilly en mode XXL\" class=\"rl-gallery-link\" data-rl_caption=\"\" data-rel=\"lightbox-gallery-bGlnaHRib3gtZ2FsbGVyeS0w\" data-rl_><img loading=\"lazy\" decoding=\"async\" width=\"900\" height=\"600\" src=\"data:image\/svg+xml,%3Csvg%20xmlns=\" http:=\"\" class=\"attachment-large size-large\" alt=\"\" aria-describedby=\"gallery--165436\" data-lazy- data-lazy- data-lazy-src=\"https:\/\/www.europesays.com\/fr\/wp-content\/uploads\/2025\/10\/54-Groupe-Chopard-MS.jpg\"\/><\/a><\/p>\n<p>\n                                54. La nouvelle \u00e9toile de Dardilly en mode XXL<\/p>\n<p><br style=\"clear: both\"\/><\/p>\n<p>                                <a href=\"https:\/\/www.europesays.com\/fr\/wp-content\/uploads\/2025\/10\/56-Groupe-Chopard-MS.jpg\" title=\"55. La Mercedes-AMG GT APXGP Edition du film F1\" data-rl_title=\"55. La Mercedes-AMG GT APXGP Edition du film F1\" class=\"rl-gallery-link\" data-rl_caption=\"\" data-rel=\"lightbox-gallery-bGlnaHRib3gtZ2FsbGVyeS0w\" data-rl_><img loading=\"lazy\" decoding=\"async\" width=\"900\" height=\"600\" src=\"data:image\/svg+xml,%3Csvg%20xmlns=\" http:=\"\" class=\"attachment-large size-large\" alt=\"\" aria-describedby=\"gallery--165437\" data-lazy- data-lazy- data-lazy-src=\"https:\/\/www.europesays.com\/fr\/wp-content\/uploads\/2025\/10\/56-Groupe-Chopard-MS.jpg\"\/><\/a><\/p>\n<p>\n                                55. La Mercedes-AMG GT APXGP Edition du film F1<\/p>\n<p>                        <br style=\"clear: both\"\/><\/p>\n","protected":false},"excerpt":{"rendered":"Texte\u00a0: Morgan Couturier \u2013 V\u00e9ritable bijou architectural, la nouvelle concession Mercedes-Benz de Dardilly s\u2019affirme d\u00e9j\u00e0 comme l\u2019une des&hellip;\n","protected":false},"author":2,"featured_media":449351,"comment_status":"","ping_status":"","sticky":false,"template":"","format":"standard","meta":{"footnotes":""},"categories":[1889],"tags":[4257,1111,47,4258,11,2430,1777,674,1011,27,2428,26940,12,25],"class_list":{"0":"post-449350","1":"post","2":"type-post","3":"status-publish","4":"format-standard","5":"has-post-thumbnail","7":"category-lyon","8":"tag-0top","9":"tag-actu","10":"tag-actualite","11":"tag-actualite-lyon","12":"tag-actualites","13":"tag-auvergne-rhone-alpes","14":"tag-eu","15":"tag-europe","16":"tag-fr","17":"tag-france","18":"tag-lyon","19":"tag-mercedes-benz","20":"tag-news","21":"tag-republique-francaise"},"share_on_mastodon":{"url":"https:\/\/pubeurope.com\/@fr\/115342757683708714","error":""},"_links":{"self":[{"href":"https:\/\/www.europesays.com\/fr\/wp-json\/wp\/v2\/posts\/449350","targetHints":{"allow":["GET"]}}],"collection":[{"href":"https:\/\/www.europesays.com\/fr\/wp-json\/wp\/v2\/posts"}],"about":[{"href":"https:\/\/www.europesays.com\/fr\/wp-json\/wp\/v2\/types\/post"}],"author":[{"embeddable":true,"href":"https:\/\/www.europesays.com\/fr\/wp-json\/wp\/v2\/users\/2"}],"replies":[{"embeddable":true,"href":"https:\/\/www.europesays.com\/fr\/wp-json\/wp\/v2\/comments?post=449350"}],"version-history":[{"count":0,"href":"https:\/\/www.europesays.com\/fr\/wp-json\/wp\/v2\/posts\/449350\/revisions"}],"wp:featuredmedia":[{"embeddable":true,"href":"https:\/\/www.europesays.com\/fr\/wp-json\/wp\/v2\/media\/449351"}],"wp:attachment":[{"href":"https:\/\/www.europesays.com\/fr\/wp-json\/wp\/v2\/media?parent=449350"}],"wp:term":[{"taxonomy":"category","embeddable":true,"href":"https:\/\/www.europesays.com\/fr\/wp-json\/wp\/v2\/categories?post=449350"},{"taxonomy":"post_tag","embeddable":true,"href":"https:\/\/www.europesays.com\/fr\/wp-json\/wp\/v2\/tags?post=449350"}],"curies":[{"name":"wp","href":"https:\/\/api.w.org\/{rel}","templated":true}]}}