{"id":449360,"date":"2025-10-09T06:24:12","date_gmt":"2025-10-09T06:24:12","guid":{"rendered":"https:\/\/www.europesays.com\/fr\/449360\/"},"modified":"2025-10-09T06:24:12","modified_gmt":"2025-10-09T06:24:12","slug":"history-battle-ville-de-paris","status":"publish","type":"post","link":"https:\/\/www.europesays.com\/fr\/449360\/","title":{"rendered":"History Battle &#8211; Ville de Paris"},"content":{"rendered":"<p>\n  Bienvenue dans History Battle\u00a0!&#13;<br \/>\nUn nouveau concept de spectacle o\u00f9 les grandes figures du pass\u00e9 (et quelques intrus du pr\u00e9sent) s&rsquo;affrontent arm\u00e9s de vannes, de rimes et de style.\n<\/p>\n<p>\n  On dit que l&rsquo;Histoire est \u00e9crite par les vainqueurs\u00a0: ce soir, cher public c&rsquo;est \u00e0 vous de choisir qui restera dans l&rsquo;Histoire.\n<\/p>\n<p>\n  Nous sommes en 2150. Pour lib\u00e9rer un peu de place dans son serveur central, une Intelligence Artificielle toute-puissante a d\u00e9cid\u00e9 de faire le m\u00e9nage\u00a0: effacer la moiti\u00e9 des personnages historiques.\n<\/p>\n<p>\n  Pourquoi eux\u00a0? Parce qu&rsquo;avec leur \u00e9go surdimensionn\u00e9, \u00e7a lib\u00e8re direct quelques t\u00e9raoctets\u00a0!\n<\/p>\n<p>\n  R\u00e9sultat\u00a0: Cl\u00e9op\u00e2tre, Jeanne d&rsquo;Arc, Che Guevara, Simone Veil, Dala\u00ef Lama, Marie Curie et plein d&rsquo;autres\u2026 se retrouvent sur sc\u00e8ne pour une derni\u00e8re joute verbale.\n<\/p>\n<p>\n  Leur objectif\u00a0? Rayer leur adversaire de notre m\u00e9moire collective \u00e0 coups de punchlines bien senties.<\/p>\n","protected":false},"excerpt":{"rendered":"Bienvenue dans History Battle\u00a0!&#13; Un nouveau concept de spectacle o\u00f9 les grandes figures du pass\u00e9 (et quelques intrus&hellip;\n","protected":false},"author":2,"featured_media":449361,"comment_status":"","ping_status":"","sticky":false,"template":"","format":"standard","meta":{"footnotes":""},"categories":[1888],"tags":[11,1777,674,1011,27,12,626,25],"class_list":{"0":"post-449360","1":"post","2":"type-post","3":"status-publish","4":"format-standard","5":"has-post-thumbnail","7":"category-paris","8":"tag-actualites","9":"tag-eu","10":"tag-europe","11":"tag-fr","12":"tag-france","13":"tag-news","14":"tag-paris","15":"tag-republique-francaise"},"share_on_mastodon":{"url":"https:\/\/pubeurope.com\/@fr\/115342780937192584","error":""},"_links":{"self":[{"href":"https:\/\/www.europesays.com\/fr\/wp-json\/wp\/v2\/posts\/449360","targetHints":{"allow":["GET"]}}],"collection":[{"href":"https:\/\/www.europesays.com\/fr\/wp-json\/wp\/v2\/posts"}],"about":[{"href":"https:\/\/www.europesays.com\/fr\/wp-json\/wp\/v2\/types\/post"}],"author":[{"embeddable":true,"href":"https:\/\/www.europesays.com\/fr\/wp-json\/wp\/v2\/users\/2"}],"replies":[{"embeddable":true,"href":"https:\/\/www.europesays.com\/fr\/wp-json\/wp\/v2\/comments?post=449360"}],"version-history":[{"count":0,"href":"https:\/\/www.europesays.com\/fr\/wp-json\/wp\/v2\/posts\/449360\/revisions"}],"wp:featuredmedia":[{"embeddable":true,"href":"https:\/\/www.europesays.com\/fr\/wp-json\/wp\/v2\/media\/449361"}],"wp:attachment":[{"href":"https:\/\/www.europesays.com\/fr\/wp-json\/wp\/v2\/media?parent=449360"}],"wp:term":[{"taxonomy":"category","embeddable":true,"href":"https:\/\/www.europesays.com\/fr\/wp-json\/wp\/v2\/categories?post=449360"},{"taxonomy":"post_tag","embeddable":true,"href":"https:\/\/www.europesays.com\/fr\/wp-json\/wp\/v2\/tags?post=449360"}],"curies":[{"name":"wp","href":"https:\/\/api.w.org\/{rel}","templated":true}]}}