{"id":449370,"date":"2025-10-09T06:30:25","date_gmt":"2025-10-09T06:30:25","guid":{"rendered":"https:\/\/www.europesays.com\/fr\/449370\/"},"modified":"2025-10-09T06:30:25","modified_gmt":"2025-10-09T06:30:25","slug":"les-valeurs-a-suivre-a-paris-et-en-europe-actualise-09-10-2025-a-0811","status":"publish","type":"post","link":"https:\/\/www.europesays.com\/fr\/449370\/","title":{"rendered":"Les valeurs \u00e0 suivre \u00e0 Paris et en Europe (actualis\u00e9) &#8211; 09\/10\/2025 \u00e0 08:11"},"content":{"rendered":"<p>\n (Actualis\u00e9 avec Alten, Worldline, Suedzucker)\n<\/p>\n<p>\n *\n<\/p>\n<p>\n Variation des futures sur indice CAC 40  0#FCE:\n<\/p>\n<p>\n *\n<\/p>\n<p>\n Variation des futures sur indice Stoxx 600  0#FXXP:\n<\/p>\n<p>\n *\n<\/p>\n<p>\n Valeurs qui se traitent ex-dividende  .EX.PA\n<\/p>\n<p>\n *\n<\/p>\n<p>\n Le point sur les march\u00e9s europ\u00e9ens  .EUFR\n<\/p>\n<p>\n Les valeurs \u00e0 suivre jeudi<br \/>\n\u00e0 la Bourse de Paris et en Europe :\n<\/p>\n<p>\n * SECTEUR DE LA TECHNOLOGIE &#8211; La Chine a renforc\u00e9 jeudi ses<br \/>\ncontr\u00f4les sur les exportations de terres rares en \u00e9largissant<br \/>\nles restrictions sur les technologies de traitement et les<br \/>\ncoop\u00e9rations \u00e9trang\u00e8res non autoris\u00e9es, P\u00e9kin affirmant<br \/>\nclairement son intention de limiter les exportations vers les<br \/>\nutilisateurs \u00e9trangers dans les domaines de la d\u00e9fense et des<br \/>\nsemi-conducteurs.\n<\/p>\n<p>\n * VALEURS PETROLIERES &#8211; L&rsquo;approbation de la premi\u00e8re phase<br \/>\ndu plan de Donald Trump pour mettre fin \u00e0 la guerre dans la<br \/>\nbande de Gaza par Isra\u00ebl et le Hamas p\u00e8se sur les prix du<br \/>\np\u00e9trole, le Brent abandonnant 0,51% \u00e0 65,91 dollars vers 03h30<br \/>\nGMT, ce qui pourrait faire r\u00e9agir l&rsquo;indice Stoxx 600 du segment\n<\/p>\n<p>\n <a href=\"https:\/\/www.boursorama.com\/cours\/2cSXEP\/\" rel=\"nofollow noopener\" target=\"_blank\"><br \/>\n  .SXEP<br \/>\n <\/a><br \/>\n .\n<\/p>\n<p>\n * ALSTOM<br \/>\n <a href=\"https:\/\/www.boursorama.com\/cours\/1rPALO\/\" rel=\"nofollow noopener\" target=\"_blank\"><br \/>\n  ALSO.PA<br \/>\n <\/a><br \/>\n a annonc\u00e9 mercredi la nomination de<br \/>\nMartin Sion au poste de directeur g\u00e9n\u00e9ral \u00e0 compter du 1er avril<br \/>\n2026.\n<\/p>\n<p>\n * ALTEN<br \/>\n <a href=\"https:\/\/www.boursorama.com\/cours\/1rPATE\/\" rel=\"nofollow noopener\" target=\"_blank\"><br \/>\n  LTEN.PA<br \/>\n <\/a>\n<\/p>\n<p>\n a annonc\u00e9\n<\/p>\n<p>\n jeudi une r\u00e9organisation de sa gouvernance avec la<br \/>\ndissociation des fonctions de pr\u00e9sident et de directeur g\u00e9n\u00e9ral.\n<\/p>\n<p>\n * SODEXO<br \/>\n <a href=\"https:\/\/www.boursorama.com\/cours\/1rPSW\/\" rel=\"nofollow noopener\" target=\"_blank\"><br \/>\n  EXHO.PA<br \/>\n <\/a><br \/>\n &#8211; Le conseil d&rsquo;administration a annonc\u00e9<br \/>\nmercredi la nomination de Thierry Delaporte comme directeur<br \/>\ng\u00e9n\u00e9ral du groupe et l&rsquo;adoption d&rsquo;une gouvernance dissoci\u00e9e.\n<\/p>\n<p>\n * AIRBUS<br \/>\n <a href=\"https:\/\/www.boursorama.com\/cours\/1rPAIR\/\" rel=\"nofollow noopener\" target=\"_blank\"><br \/>\n  AIR.PA<br \/>\n <\/a><br \/>\n a annonc\u00e9 mercredi avoir livr\u00e9 507 avions<br \/>\nau cours de la p\u00e9riode allant de janvier \u00e0 fin septembre.\n<\/p>\n<p>\n * SOPRA STERIA<br \/>\n <a href=\"https:\/\/www.boursorama.com\/cours\/1rPSOP\/\" rel=\"nofollow noopener\" target=\"_blank\"><br \/>\n  SOPR.PA<br \/>\n <\/a><br \/>\n a annonc\u00e9 mercredi la d\u00e9mission de<br \/>\nson directeur g\u00e9n\u00e9ral Cyril Malarg\u00e9, qui a choisi de saisir une<br \/>\nnouvelle opportunit\u00e9 professionnelle.\n<\/p>\n<p>\n * WORLDLINE<br \/>\n <a href=\"https:\/\/www.boursorama.com\/cours\/1rPWLN\/\" rel=\"nofollow noopener\" target=\"_blank\"><br \/>\n  WLN.PA<br \/>\n <\/a><br \/>\n &#8211; Morgan Stanley a abaiss\u00e9 sa<br \/>\nrecommandation \u00e0 \u00ab\u00a0sous-pond\u00e9rer\u00a0\u00bb contre \u00ab\u00a0pond\u00e9ration en ligne\u00a0\u00bb.\n<\/p>\n<p>\n * HSBC<br \/>\n <a href=\"https:\/\/www.boursorama.com\/cours\/1uHSBA.L\/\" rel=\"nofollow noopener\" target=\"_blank\"><br \/>\n  HSBA.L<br \/>\n <\/a><br \/>\n &#8211; La premi\u00e8re banque d&rsquo;Europe en termes de<br \/>\ncapitalisation boursi\u00e8re a annonc\u00e9 jeudi son intention de<br \/>\nprivatiser sa filiale Hang Seng Bank<br \/>\n <a href=\"https:\/\/www.boursorama.com\/cours\/1mTHSB\/\" rel=\"nofollow noopener\" target=\"_blank\"><br \/>\n  0011.HK<br \/>\n <\/a><br \/>\n dans le cadre<br \/>\nd&rsquo;une transaction d&rsquo;une valeur de 106,1 milliards de dollars<br \/>\nhongkongais (11,71 milliards d&rsquo;euros).\n<\/p>\n<p>\n * SUEDZUCKER<br \/>\n <a href=\"https:\/\/www.boursorama.com\/cours\/1zSZU\/\" rel=\"nofollow noopener\" target=\"_blank\"><br \/>\n  SZUG.DE<br \/>\n <\/a><br \/>\n &#8211; Le plus grand producteur de<br \/>\nsucre europ\u00e9en a fait \u00e9tat jeudi d&rsquo;un recul de 82% de son<br \/>\nb\u00e9n\u00e9fice d&rsquo;exploitation trimestriel, les march\u00e9s europ\u00e9ens du<br \/>\nsucre toujours faibles continuant \u00e0 peser sur les r\u00e9sultats du<br \/>\ngroupe.\n<\/p>\n<p>\n * FERRARI<br \/>\n <a href=\"https:\/\/www.boursorama.com\/cours\/1gRACE\/\" rel=\"nofollow noopener\" target=\"_blank\"><br \/>\n  RACE.MI<br \/>\n <\/a><br \/>\n &#8211; Le constructeur de voiture de luxe<br \/>\ntient ce jeudi une journ\u00e9e investisseurs.\n<\/p>\n<p>\n L&rsquo;AGENDA FRANCE &amp; INTERNATIONAL \u00c0 7 JOURS:<br \/>\n nL5N3VK114\n<\/p>\n<p>\n (R\u00e9dig\u00e9 par Diana Mandia et Augustin Turpin)<\/p>\n","protected":false},"excerpt":{"rendered":"(Actualis\u00e9 avec Alten, Worldline, Suedzucker) * Variation des futures sur indice CAC 40 0#FCE: * Variation des futures&hellip;\n","protected":false},"author":2,"featured_media":64038,"comment_status":"","ping_status":"","sticky":false,"template":"","format":"standard","meta":{"footnotes":""},"categories":[1586],"tags":[400,11,398,408,405,1777,674,1011,27,403,402,399,404,12,25,401,406,407],"class_list":{"0":"post-449370","1":"post","2":"type-post","3":"status-publish","4":"format-standard","5":"has-post-thumbnail","7":"category-europe","8":"tag-action-cac-40","9":"tag-actualites","10":"tag-bourse-de-paris","11":"tag-boursorama","12":"tag-cotations","13":"tag-eu","14":"tag-europe","15":"tag-fr","16":"tag-france","17":"tag-indices-devises","18":"tag-investir","19":"tag-investissement","20":"tag-marche-boursier","21":"tag-news","22":"tag-republique-francaise","23":"tag-sicav","24":"tag-trackers","25":"tag-warrants"},"share_on_mastodon":{"url":"https:\/\/pubeurope.com\/@fr\/115342804671796553","error":""},"_links":{"self":[{"href":"https:\/\/www.europesays.com\/fr\/wp-json\/wp\/v2\/posts\/449370","targetHints":{"allow":["GET"]}}],"collection":[{"href":"https:\/\/www.europesays.com\/fr\/wp-json\/wp\/v2\/posts"}],"about":[{"href":"https:\/\/www.europesays.com\/fr\/wp-json\/wp\/v2\/types\/post"}],"author":[{"embeddable":true,"href":"https:\/\/www.europesays.com\/fr\/wp-json\/wp\/v2\/users\/2"}],"replies":[{"embeddable":true,"href":"https:\/\/www.europesays.com\/fr\/wp-json\/wp\/v2\/comments?post=449370"}],"version-history":[{"count":0,"href":"https:\/\/www.europesays.com\/fr\/wp-json\/wp\/v2\/posts\/449370\/revisions"}],"wp:featuredmedia":[{"embeddable":true,"href":"https:\/\/www.europesays.com\/fr\/wp-json\/wp\/v2\/media\/64038"}],"wp:attachment":[{"href":"https:\/\/www.europesays.com\/fr\/wp-json\/wp\/v2\/media?parent=449370"}],"wp:term":[{"taxonomy":"category","embeddable":true,"href":"https:\/\/www.europesays.com\/fr\/wp-json\/wp\/v2\/categories?post=449370"},{"taxonomy":"post_tag","embeddable":true,"href":"https:\/\/www.europesays.com\/fr\/wp-json\/wp\/v2\/tags?post=449370"}],"curies":[{"name":"wp","href":"https:\/\/api.w.org\/{rel}","templated":true}]}}