{"id":449397,"date":"2025-10-09T06:49:16","date_gmt":"2025-10-09T06:49:16","guid":{"rendered":"https:\/\/www.europesays.com\/fr\/449397\/"},"modified":"2025-10-09T06:49:16","modified_gmt":"2025-10-09T06:49:16","slug":"harry-potter-revient-pour-ses-25-ans-au-cinema","status":"publish","type":"post","link":"https:\/\/www.europesays.com\/fr\/449397\/","title":{"rendered":"Harry Potter revient pour ses 25 ans au cin\u00e9ma"},"content":{"rendered":"<p class=\"chapo\">\u00c0 l\u2019occasion d\u2019un anniversaire embl\u00e9matique, la saga Harry Potter s\u2019appr\u00eate \u00e0 retrouver les salles obscures. Cette r\u00e9\u00e9dition \u00e9v\u00e9nementielle suscite toutefois des interrogations sur son \u00e9ventuel impact pour la s\u00e9rie t\u00e9l\u00e9vis\u00e9e en pr\u00e9paration.<\/p>\n<p>Tl;dr<\/p>\n<ul>\n<li>Le premier film Harry Potter f\u00eatera ses 25 ans en 2026 et Warner Bros. Pictures pr\u00e9voit de marquer le coup avec une ressortie en salles et des c\u00e9l\u00e9brations tout au long de l\u2019ann\u00e9e.<\/li>\n<li>En parall\u00e8le, la s\u00e9rie Harry Potter de HBO Max poursuit sa production pour une sortie pr\u00e9vue en 2027, soulevant des doutes sur la pertinence d\u2019un tel calendrier.<\/li>\n<li>Entre hommage au pass\u00e9 et pari sur l\u2019avenir, le studio doit \u00e9viter que la nostalgie ne fasse de l\u2019ombre \u00e0 sa nouvelle adaptation.<\/li>\n<\/ul>\n<p>Un anniversaire incontournable pour Harry Potter<\/p>\n<p>L\u2019ann\u00e9e 2026 marquera un \u00e9v\u00e9nement que Warner Bros.\u00a0Pictures ne compte pas laisser passer : le 25\u00e8me anniversaire de la sortie en salles de Harry Potter \u00e0 l\u2019\u00e9cole des sorciers. Pr\u00e9curseur d\u2019une saga devenue ph\u00e9nom\u00e8ne mondial, ce premier film demeure une r\u00e9f\u00e9rence dans la culture populaire, \u00e0 tel point que les studios pr\u00e9voient une c\u00e9l\u00e9bration qui s\u2019\u00e9tendra sur toute l\u2019ann\u00e9e. Le projet phare ? Une ressortie du film au cin\u00e9ma, bien que la date pr\u00e9cise n\u2019ait pas encore \u00e9t\u00e9 d\u00e9voil\u00e9e. Selon le studio, cette initiative vise non seulement \u00e0 honorer l\u2019h\u00e9ritage de l\u2019\u0153uvre originale, mais aussi \u00e0 \u00ab\u00a0faire d\u00e9couvrir la magie \u00e0 une nouvelle g\u00e9n\u00e9ration\u00a0\u00bb.<\/p>\n<p>S\u00e9ries et nostalgie : un duo risqu\u00e9 ?<\/p>\n<p>Toutefois, alors que ces festivit\u00e9s se profilent, un autre chantier mobilise fortement Warner Bros. Pictures. Sur HBO Max, la premi\u00e8re saison du remake en s\u00e9rie de <a href=\"https:\/\/www.24matins.fr\/harry-potter-hbo-adapte-enfin-les-scenes-cultes-jamais-vues-a-lecran-1395900\" rel=\"nofollow noopener\" target=\"_blank\"><strong>Harry Potter<\/strong><\/a> est actuellement en production et devrait voir le jour en 2027, soit peu apr\u00e8s l\u2019effervescence li\u00e9e \u00e0 l\u2019anniversaire. Ce calendrier resserr\u00e9 interpelle\u00a0: f\u00eater avec \u00e9clat un film culte juste avant de d\u00e9voiler une nouvelle adaptation t\u00e9l\u00e9vis\u00e9e pourrait s\u2019av\u00e9rer contre-productif.<\/p>\n<p>En effet, r\u00e9activer la nostalgie autour des films embl\u00e9matiques pourrait attiser davantage les comparaisons \u2013 d\u00e9j\u00e0 nombreuses \u2013 entre le long-m\u00e9trage original et la future s\u00e9rie. D\u2019ailleurs, certains fans et professionnels du secteur se montrent sceptiques quant \u00e0 l\u2019utilit\u00e9 m\u00eame de cette s\u00e9rie, s\u2019interrogeant sur son public cible alors que les films restent pl\u00e9biscit\u00e9s par toutes les g\u00e9n\u00e9rations.<\/p>\n<p>L\u2019\u00e9pineuse question des attentes<\/p>\n<p>Les critiques r\u00e9centes portent principalement sur la proximit\u00e9 visuelle entre la s\u00e9rie HBO Max et les films : costumes point\u00e9s du doigt par Christopher Columbus, photos du Poudlard Express quasi indissociables de celles du tournage original\u2026 La r\u00e9surgence massive des souvenirs li\u00e9s au premier film risque donc d\u2019alimenter les doutes\u00a0: pourquoi proposer une nouvelle version si l\u2019ancienne fait toujours autorit\u00e9 ?<\/p>\n<p>Pour y r\u00e9pondre, Warner Bros. Pictures mise sur quelques arguments solides :<\/p>\n<ul>\n<li><strong>S\u00e9rie plus fid\u00e8le aux romans originaux<\/strong>.<\/li>\n<li><strong>D\u00e9tails sc\u00e9naristiques approfondis gr\u00e2ce au format t\u00e9l\u00e9visuel<\/strong>.<\/li>\n<li><strong>Nouveaux arcs narratifs pour s\u00e9duire les lecteurs exigeants<\/strong>.<\/li>\n<\/ul>\n<p>Mais il reste \u00e0 voir si cela suffira. Les adaptations cin\u00e9matographiques n\u2019\u00e9taient certes pas des copies conformes des livres de J.K. Rowling, mais elles ont su pr\u00e9server l\u2019essentiel de la magie tout en satisfaisant un vaste public.<\/p>\n<p>Nostalgie ou renouveau\u00a0?<\/p>\n<p>Le pari s\u2019annonce d\u00e9licat pour Warner Bros. Pictures, qui doit jongler entre hommage appuy\u00e9 au pass\u00e9 et promesse d\u2019un futur repens\u00e9 pour le Wizarding World. Reste donc une question ouverte : cette strat\u00e9gie revitalisera-t-elle r\u00e9ellement la saga aupr\u00e8s d\u2019une nouvelle g\u00e9n\u00e9ration ou renforcera-t-elle simplement le statut intouchable des films originaux\u00a0?<\/p>\n","protected":false},"excerpt":{"rendered":"\u00c0 l\u2019occasion d\u2019un anniversaire embl\u00e9matique, la saga Harry Potter s\u2019appr\u00eate \u00e0 retrouver les salles obscures. Cette r\u00e9\u00e9dition \u00e9v\u00e9nementielle&hellip;\n","protected":false},"author":2,"featured_media":449398,"comment_status":"","ping_status":"","sticky":false,"template":"","format":"standard","meta":{"footnotes":""},"categories":[1354],"tags":[58,59,1346,1011,27,1360],"class_list":{"0":"post-449397","1":"post","2":"type-post","3":"status-publish","4":"format-standard","5":"has-post-thumbnail","7":"category-films","8":"tag-divertissement","9":"tag-entertainment","10":"tag-films","11":"tag-fr","12":"tag-france","13":"tag-movies"},"share_on_mastodon":{"url":"https:\/\/pubeurope.com\/@fr\/115342879260859971","error":""},"_links":{"self":[{"href":"https:\/\/www.europesays.com\/fr\/wp-json\/wp\/v2\/posts\/449397","targetHints":{"allow":["GET"]}}],"collection":[{"href":"https:\/\/www.europesays.com\/fr\/wp-json\/wp\/v2\/posts"}],"about":[{"href":"https:\/\/www.europesays.com\/fr\/wp-json\/wp\/v2\/types\/post"}],"author":[{"embeddable":true,"href":"https:\/\/www.europesays.com\/fr\/wp-json\/wp\/v2\/users\/2"}],"replies":[{"embeddable":true,"href":"https:\/\/www.europesays.com\/fr\/wp-json\/wp\/v2\/comments?post=449397"}],"version-history":[{"count":0,"href":"https:\/\/www.europesays.com\/fr\/wp-json\/wp\/v2\/posts\/449397\/revisions"}],"wp:featuredmedia":[{"embeddable":true,"href":"https:\/\/www.europesays.com\/fr\/wp-json\/wp\/v2\/media\/449398"}],"wp:attachment":[{"href":"https:\/\/www.europesays.com\/fr\/wp-json\/wp\/v2\/media?parent=449397"}],"wp:term":[{"taxonomy":"category","embeddable":true,"href":"https:\/\/www.europesays.com\/fr\/wp-json\/wp\/v2\/categories?post=449397"},{"taxonomy":"post_tag","embeddable":true,"href":"https:\/\/www.europesays.com\/fr\/wp-json\/wp\/v2\/tags?post=449397"}],"curies":[{"name":"wp","href":"https:\/\/api.w.org\/{rel}","templated":true}]}}