{"id":449410,"date":"2025-10-09T06:56:11","date_gmt":"2025-10-09T06:56:11","guid":{"rendered":"https:\/\/www.europesays.com\/fr\/449410\/"},"modified":"2025-10-09T06:56:11","modified_gmt":"2025-10-09T06:56:11","slug":"en-direct-reforme-des-retraites-nous-sommes-tres-reticents-a-une-suspension-declare-le-patron-du-medef","status":"publish","type":"post","link":"https:\/\/www.europesays.com\/fr\/449410\/","title":{"rendered":"EN DIRECT &#8211; R\u00e9forme des retraites : \u00abNous sommes tr\u00e8s r\u00e9ticents\u00bb \u00e0 une suspension, d\u00e9clare le patron du Medef"},"content":{"rendered":"<p class=\"fig-paragraph\">La ministre de la Transition \u00e9cologique du gouvernement d\u00e9missionnaire,\u00a0<a href=\"http:\/\/www.lefigaro.fr\/politique\/demission-de-sebastien-lecornu-agnes-pannier-runacher-estime-que-nul-ne-pourra-gouverner-en-faisant-l-economie-de-la-gauche-20251006\" target=\"_blank\" data-fig-type=\"NewsFlash\" rel=\"noopener nofollow\" data-gtm-custom-categorie=\"navigation\" data-gtm-custom-action=\"crossclick\" data-gtm-custom-label=\"Contextuel\" data-gtm-event=\"customEventSPE\" data-fig-domain=\"LEFIGARO\">Agn\u00e8s Pannier-Runacher<\/a>\u00a0a appel\u00e9 jeudi \u00e0 \u00abessayer la gauche\u00bb comme alli\u00e9 pour un nouveau gouvernement, sur Ici Nord. \u00abJe fais un constat\u00a0: on a essay\u00e9 la droite, on a essay\u00e9 le centre, alors pourquoi ne pas essayer la gauche?\u00bb, a-t-elle dit depuis Lille. \u00abSi on veut effectivement donner de la stabilit\u00e9 au pays, il faut qu\u2019on puisse s\u2019accorder sur les quelques points, et il y en a beaucoup en r\u00e9alit\u00e9, qui nous permettent avec la gauche d\u2019avancer\u00bb, a-t-elle ajout\u00e9.<\/p>\n<p class=\"fig-paragraph\">Cette ministre, fid\u00e8le depuis son entr\u00e9e en politique en 2018 \u00e0 Emmanuel Macron, est l\u2019une des repr\u00e9sentantes de l\u2019aile gauche du parti Renaissance. \u00abJe me classe \u00e0 gauche et je suis dans le bloc central\u00bb, a-t-elle clarifi\u00e9. Apr\u00e8s la dissolution en 2024, \u00abon a travaill\u00e9 avec les R\u00e9publicains. Ils \u00e9taient pr\u00eats \u00e0 relever \u00e0 ce moment-l\u00e0 le d\u00e9fi d\u2019entrer au gouvernement\u00bb, a rappel\u00e9 la ministre.<\/p>\n<p class=\"fig-paragraph\">\u00abCe n\u2019\u00e9tait pas le cas [des membres] du Nouveau Front populaire qui \u00e9taient sur leur programme, rien que leur programme, tout leur programme, ce qui n\u2019est pas possible quand on a seulement 30%, et c\u2019est l\u2019\u00e9tat des forces, \u00e0 l\u2019Assembl\u00e9e nationale\u00bb, a-t-elle soulign\u00e9.<\/p>\n<p class=\"fig-paragraph\">Agn\u00e8s Pannier-Runacher s\u2019est dite notamment hostile \u00e0 l\u2019<a href=\"http:\/\/www.lefigaro.fr\/politique\/retraites-a-l-assemblee-les-opposants-a-la-reforme-veulent-profiter-de-la-suspension-pour-arracher-l-abrogation-20251008\" target=\"_blank\" data-fig-type=\"Article\" rel=\"noopener nofollow\" data-gtm-custom-categorie=\"navigation\" data-gtm-custom-action=\"crossclick\" data-gtm-custom-label=\"Contextuel\" data-gtm-event=\"customEventSPE\" data-fig-domain=\"LEFIGARO\">abrogation de la r\u00e9forme des retraites<\/a>\u00a0de 2023, d\u00e9fendue par la gauche. \u00abLa r\u00e9forme que nous avons port\u00e9e a permis d\u2019augmenter la retraite de plus de 1,5 million de Fran\u00e7ais. Je vais le dire ici parce qu\u2019on a tendance \u00e0 oublier ces \u00e9l\u00e9ments positifs. Donc il n\u2019est pas question d\u2019avoir une abrogation\u00bb, a-t-elle affirm\u00e9.<\/p>\n<p>    La ministre de la Transition \u00e9cologique du gouvernement d\u00e9missionnaire, Agn\u00e8s Pannier-Runacher.<br \/>\n                LUDOVIC MARIN \/ AFP<\/p>\n","protected":false},"excerpt":{"rendered":"La ministre de la Transition \u00e9cologique du gouvernement d\u00e9missionnaire,\u00a0Agn\u00e8s Pannier-Runacher\u00a0a appel\u00e9 jeudi \u00e0 \u00abessayer la gauche\u00bb comme alli\u00e9&hellip;\n","protected":false},"author":2,"featured_media":449411,"comment_status":"","ping_status":"","sticky":false,"template":"","format":"standard","meta":{"footnotes":""},"categories":[4],"tags":[11,426,427,422,423,1073,1011,27,418,424,425,420,421,12,419,316,429,25,11067,428],"class_list":{"0":"post-449410","1":"post","2":"type-post","3":"status-publish","4":"format-standard","5":"has-post-thumbnail","7":"category-france","8":"tag-actualites","9":"tag-candidat","10":"tag-candidats","11":"tag-depute","12":"tag-deputes","13":"tag-emmanuel-macron","14":"tag-fr","15":"tag-france","16":"tag-gouvernement","17":"tag-institution","18":"tag-institutions","19":"tag-loi","20":"tag-lois","21":"tag-news","22":"tag-opposition","23":"tag-politique","24":"tag-ps","25":"tag-republique-francaise","26":"tag-sebastien-lecornu","27":"tag-ump"},"share_on_mastodon":{"url":"https:\/\/pubeurope.com\/@fr\/115342906966874473","error":""},"_links":{"self":[{"href":"https:\/\/www.europesays.com\/fr\/wp-json\/wp\/v2\/posts\/449410","targetHints":{"allow":["GET"]}}],"collection":[{"href":"https:\/\/www.europesays.com\/fr\/wp-json\/wp\/v2\/posts"}],"about":[{"href":"https:\/\/www.europesays.com\/fr\/wp-json\/wp\/v2\/types\/post"}],"author":[{"embeddable":true,"href":"https:\/\/www.europesays.com\/fr\/wp-json\/wp\/v2\/users\/2"}],"replies":[{"embeddable":true,"href":"https:\/\/www.europesays.com\/fr\/wp-json\/wp\/v2\/comments?post=449410"}],"version-history":[{"count":0,"href":"https:\/\/www.europesays.com\/fr\/wp-json\/wp\/v2\/posts\/449410\/revisions"}],"wp:featuredmedia":[{"embeddable":true,"href":"https:\/\/www.europesays.com\/fr\/wp-json\/wp\/v2\/media\/449411"}],"wp:attachment":[{"href":"https:\/\/www.europesays.com\/fr\/wp-json\/wp\/v2\/media?parent=449410"}],"wp:term":[{"taxonomy":"category","embeddable":true,"href":"https:\/\/www.europesays.com\/fr\/wp-json\/wp\/v2\/categories?post=449410"},{"taxonomy":"post_tag","embeddable":true,"href":"https:\/\/www.europesays.com\/fr\/wp-json\/wp\/v2\/tags?post=449410"}],"curies":[{"name":"wp","href":"https:\/\/api.w.org\/{rel}","templated":true}]}}