{"id":449412,"date":"2025-10-09T06:57:17","date_gmt":"2025-10-09T06:57:17","guid":{"rendered":"https:\/\/www.europesays.com\/fr\/449412\/"},"modified":"2025-10-09T06:57:17","modified_gmt":"2025-10-09T06:57:17","slug":"ursula-von-der-leyen-bientot-destituee-puis-remplacee-par-emmanuel-macron-a-la-tete-de-lue-une-hypothese-improbable","status":"publish","type":"post","link":"https:\/\/www.europesays.com\/fr\/449412\/","title":{"rendered":"Ursula von\u00a0der\u00a0Leyen bient\u00f4t destitu\u00e9e puis remplac\u00e9e par Emmanuel Macron \u00e0 la t\u00eate de l\u2019UE\u00a0? Une hypoth\u00e8se improbable"},"content":{"rendered":"<p>D\u2019un c\u00f4t\u00e9, un pr\u00e9sident de la R\u00e9publique qui voit tomber les uns apr\u00e8s les autres <a href=\"https:\/\/www.20minutes.fr\/politique\/4177375-20251006-gouvernement-lecornu-coup-tonnerre-premier-ministre-demissionne-macron-accepte\" class=\"c-link c-link--is-underlined\" target=\"_blank\" rel=\"noopener\">ses gouvernements successifs<\/a>. De l\u2019autre, une pr\u00e9sidente de la <a href=\"https:\/\/www.20minutes.fr\/dossier\/commission_europeenne\" class=\"c-link c-link--is-underlined\" target=\"_blank\" rel=\"noopener\">Commission europ\u00e9enne<\/a> fragilis\u00e9e, <a href=\"https:\/\/www.touteleurope.eu\/fonctionnement-de-l-ue\/combien-de-motions-de-censure-ont-deja-ete-adoptees-contre-la-commission-europeenne\/\" target=\"_blank\" class=\"c-link c-link--is-underlined\" rel=\"noopener\">vis\u00e9e par des motions de censure<\/a> de plus en plus nombreuses, dont deux qui seront soumises au vote du <a href=\"https:\/\/www.20minutes.fr\/dossier\/parlement_europeen\" class=\"c-link c-link--is-underlined\" target=\"_blank\" rel=\"noopener\">Parlement europ\u00e9en<\/a>, ce jeudi. Il n\u2019en fallait pas plus pour qu\u2019une th\u00e9orie crois\u00e9e \u00e9merge sur les r\u00e9seaux sociaux.<\/p>\n<p class=\"mb-xxl@xs color-ultramarine font-weight-semi-bold@xs font-source-serif-pro heading-s@xs\">L\u2019acc\u00e8s \u00e0 ce contenu a \u00e9t\u00e9 bloqu\u00e9 afin de respecter votre choix de consentement<\/p>\n<p class=\"mb-m@xs text-l@xs\">En cliquant sur\u00ab J\u2019accepte \u00bb, vous acceptez le d\u00e9p\u00f4t de cookies par des services externes et aurez ainsi acc\u00e8s aux contenus de nos partenaires.<\/p>\n<p class=\"mb-xl@xs text-s@xs\">Plus d\u2019informations sur la page<a href=\"https:\/\/www.20minutes.fr\/gestion-cookies\" class=\"mx-xxs@xs color-ultramarine\" target=\"_blank\" rel=\"noopener\">Politique de gestion des cookies<\/a><\/p>\n<p>J\u2019accepte<\/p>\n<p>Selon plusieurs internautes, la destitution d\u2019<a href=\"https:\/\/www.20minutes.fr\/politique\/ursula-von-der-leyen\/\" class=\"c-link c-link--is-underlined\" target=\"_blank\" rel=\"noopener\">Ursula von der Leyen<\/a> ne ferait aucun doute, laissant ainsi vacante la pr\u00e9sidence de la Commission europ\u00e9enne. Une place qui serait, au vu des derniers \u00e9v\u00e9nements, particuli\u00e8rement convoit\u00e9e par <a href=\"https:\/\/www.20minutes.fr\/politique\/emmanuel-macron\/\" class=\"c-link c-link--is-underlined\" target=\"_blank\" rel=\"noopener\">Emmanuel Macron<\/a>. Hypoth\u00e8se plausible ou vaste fumisterie\u00a0?<\/p>\n<p>FAKE OFF<\/p>\n<p>Le 9 octobre, c\u2019est la deuxi\u00e8me fois en quatre mois sur six ans de mandat &#8211; Ursula von der Leyen a \u00e9t\u00e9 reconduite le 18\u00a0juillet 2024 pour la deuxi\u00e8me fois \u2013, que la pr\u00e9sidente de la Commission va devoir faire face, \u00e0 nouveau, \u00e0 une tentative de destitution de la part d\u2019une partie des eurod\u00e9put\u00e9s. Sous le feu des critiques depuis plusieurs mois, elle est notamment accus\u00e9e d\u2019avoir jou\u00e9 le jeu de Donald Trump en acceptant de signer un accord commercial avec les Etats-Unis, pr\u00e9voyant 15\u00a0% de taxes sur les exportations europ\u00e9ennes.<\/p>\n<p>Deux motions de censure cons\u00e9cutives ont donc \u00e9t\u00e9 d\u00e9pos\u00e9es d\u00e9but septembre, port\u00e9es par deux Fran\u00e7ais\u00a0: l\u2019une par l\u2019eurod\u00e9put\u00e9 RN, Jordan Bardella, soutenu par le groupe des Patriotes pour l\u2019Europe dont il est le leader au Parlement europ\u00e9en, l\u2019autre par la LFI, Manon Aubry, copr\u00e9sidente du groupe de La Gauche (GUE\/NGL).<\/p>\n<p>Mais en r\u00e9alit\u00e9, bien que la situation soit assez exceptionnelle au vu des dix derni\u00e8res ann\u00e9es, la chute de la Commission europ\u00e9enne a peu de chance de se produire. Une dizaine de tentatives ont d\u00e9j\u00e0 \u00e9t\u00e9 men\u00e9es depuis\u00a01999, mais aucune motion n\u2019a jamais \u00e9t\u00e9 adopt\u00e9e jusque-l\u00e0.<\/p>\n<p>Une pr\u00e9sence \u00ab\u00a0plus forte\u00a0\u00bb de l\u2019extr\u00eame droite<\/p>\n<p>\u00ab\u00a0C\u2019est pourtant du jamais vu dans l\u2019histoire de l\u2019Union Europ\u00e9enne, insiste Marie Toussaint, eurod\u00e9put\u00e9e \u00e9cologiste (Les Verts\/ALE). Que ce soit en mati\u00e8re de rapidit\u00e9, \u00e0 peine un an apr\u00e8s une r\u00e9\u00e9lection, qu\u2019en termes de r\u00e9currence, avec ces trois motions de censure depuis le mois de juillet\u00a0\u00bb. Pour l\u2019\u00e9cologiste, cette s\u00e9quence refl\u00e8te surtout \u00ab\u00a0une forme d\u2019instabilit\u00e9 qui touche un nombre croissant d\u2019\u00c9tats europ\u00e9ens, et un moment de grand bouleversement politique\u00a0\u00bb. M\u00eame si, selon Tania Racho, docteure et enseignante en droit europ\u00e9en, le timing est aussi et surtout d\u00fb \u00e0 \u00ab\u00a0une pr\u00e9sence plus forte et mieux organis\u00e9e de l\u2019extr\u00eame droite au sein du Parlement\u00a0\u00bb.<\/p>\n<p>Car pour pouvoir \u00eatre d\u00e9pos\u00e9e, la motion de censure doit \u00eatre initi\u00e9e par au moins un dixi\u00e8me des d\u00e9put\u00e9s europ\u00e9ens. Soit 72 sur les 720 que compte actuellement le Parlement. Un chiffre plus facilement accessible pour le parti de Jordan Bardella <a href=\"https:\/\/www.touteleurope.eu\/institutions\/elections-europeennes-2024-les-sieges-dans-tous-les-etats-membres-de-l-ue\/\" target=\"_blank\" class=\"c-link c-link--is-underlined\" rel=\"noopener\">qui compte 85 eurod\u00e9put\u00e9s<\/a> dans son groupe, que pour celui de Manon Aubry qui n\u2019en compte que 46. \u00ab\u00a0Il fallait qu\u2019elle r\u00e9unisse des signatures d\u2019autres groupes politiques en plus du sien. Donc il y a eu beaucoup de signatures de beaucoup de pays diff\u00e9rents avec, forc\u00e9ment, des ressorts eux aussi diff\u00e9rents\u00a0\u00bb, explique Marie Toussaint.<\/p>\n<p>Une pr\u00e9sidente aux soutiens solides<\/p>\n<p>Si jamais l\u2019une des deux motions de censure \u00e9tait finalement adopt\u00e9e, elle entra\u00eenerait la d\u00e9mission de la Commission europ\u00e9enne, dont sa pr\u00e9sidente. Comme lors de la d\u00e9mission du gouvernement en France, ses anciens membres resteraient tout de m\u00eame en fonction pour g\u00e9rer les affaires courantes jusqu\u2019\u00e0 ce qu\u2019une nouvelle Commission soit nomm\u00e9e.<\/p>\n<p>Un sc\u00e9nario n\u00e9anmoins peu probable, aujourd\u2019hui. Car, pour esp\u00e9rer renverser la Commission, la motion de censure doit recueillir deux tiers des suffrages exprim\u00e9s qui doivent repr\u00e9senter la majorit\u00e9 du Parlement europ\u00e9en. Un chiffre difficile \u00e0 atteindre au vu des soutiens centristes solides dont b\u00e9n\u00e9ficie von der Leyen. \u00ab\u00a0Il y a beaucoup de tractations politiques au sein du Parlement europ\u00e9en, et une majorit\u00e9 du groupe PPE (Parti populaire europ\u00e9en) est pr\u00eate \u00e0 soutenir sa pr\u00e9sidente\u00a0\u00bb, d\u00e9taille Tania Racho. \u00ab\u00a0M\u00eame si aucune des deux motions n\u2019a de chance d\u2019aboutir, confirme Marie Toussaint, c\u2019est un signal fort\u00a0\u00bb.<\/p>\n<p>Le Conseil europ\u00e9en plut\u00f4t que le Parlement<\/p>\n<p>L\u2019Allemande de centre-droit avait d\u00e9j\u00e0 \u00e9chapp\u00e9 \u00e0 une premi\u00e8re tentative de destitution en juillet dernier. La motion de censure d\u00e9pos\u00e9e par l\u2019eurod\u00e9put\u00e9 roumain d\u2019extr\u00eame droite, Gheorghe Piperea, membre du groupe ECR (Conservateurs et r\u00e9formistes europ\u00e9ens), avait \u00e9t\u00e9 largement rejet\u00e9e par le Parlement, lors d\u2019un vote le 10\u00a0juillet.<\/p>\n<\/p>\n<p>Quant \u00e0 la probabilit\u00e9 qu\u2019Emmanuel Macron prenne la place d\u2019Ursula von der Leyen, elle est quasi nulle, la pr\u00e9sidente de la Commission ayant donc tr\u00e8s peu de chance d\u2019\u00eatre destitu\u00e9e, et le chef de l\u2019Etat n\u2019ayant jamais fait part d\u2019un tel projet. Et m\u00eame si rien ne s\u2019y oppose d\u2019un point de vue institutionnel, \u00ab\u00a0bien souvent, les anciens pr\u00e9sidents deviennent plut\u00f4t pr\u00e9sidents du Conseil europ\u00e9en\u00a0\u00bb, pr\u00e9cise Tania Racho.<\/p>\n","protected":false},"excerpt":{"rendered":"D\u2019un c\u00f4t\u00e9, un pr\u00e9sident de la R\u00e9publique qui voit tomber les uns apr\u00e8s les autres ses gouvernements successifs.&hellip;\n","protected":false},"author":2,"featured_media":449413,"comment_status":"","ping_status":"","sticky":false,"template":"","format":"standard","meta":{"footnotes":""},"categories":[2],"tags":[47,11,10349,2196,18787,840,1011,27,1077,27012,12,8552,316,2544],"class_list":{"0":"post-449412","1":"post","2":"type-post","3":"status-publish","4":"format-standard","5":"has-post-thumbnail","7":"category-actualites","8":"tag-actualite","9":"tag-actualites","10":"tag-commission","11":"tag-commission-europeenne","12":"tag-conseil-europeen","13":"tag-fake-off","14":"tag-fr","15":"tag-france","16":"tag-jordan-bardella","17":"tag-manon-aubry","18":"tag-news","19":"tag-parlement-europeen","20":"tag-politique","21":"tag-ursula-von-der-leyen"},"share_on_mastodon":{"url":"https:\/\/pubeurope.com\/@fr\/115342910797158682","error":""},"_links":{"self":[{"href":"https:\/\/www.europesays.com\/fr\/wp-json\/wp\/v2\/posts\/449412","targetHints":{"allow":["GET"]}}],"collection":[{"href":"https:\/\/www.europesays.com\/fr\/wp-json\/wp\/v2\/posts"}],"about":[{"href":"https:\/\/www.europesays.com\/fr\/wp-json\/wp\/v2\/types\/post"}],"author":[{"embeddable":true,"href":"https:\/\/www.europesays.com\/fr\/wp-json\/wp\/v2\/users\/2"}],"replies":[{"embeddable":true,"href":"https:\/\/www.europesays.com\/fr\/wp-json\/wp\/v2\/comments?post=449412"}],"version-history":[{"count":0,"href":"https:\/\/www.europesays.com\/fr\/wp-json\/wp\/v2\/posts\/449412\/revisions"}],"wp:featuredmedia":[{"embeddable":true,"href":"https:\/\/www.europesays.com\/fr\/wp-json\/wp\/v2\/media\/449413"}],"wp:attachment":[{"href":"https:\/\/www.europesays.com\/fr\/wp-json\/wp\/v2\/media?parent=449412"}],"wp:term":[{"taxonomy":"category","embeddable":true,"href":"https:\/\/www.europesays.com\/fr\/wp-json\/wp\/v2\/categories?post=449412"},{"taxonomy":"post_tag","embeddable":true,"href":"https:\/\/www.europesays.com\/fr\/wp-json\/wp\/v2\/tags?post=449412"}],"curies":[{"name":"wp","href":"https:\/\/api.w.org\/{rel}","templated":true}]}}