{"id":449414,"date":"2025-10-09T06:58:12","date_gmt":"2025-10-09T06:58:12","guid":{"rendered":"https:\/\/www.europesays.com\/fr\/449414\/"},"modified":"2025-10-09T06:58:12","modified_gmt":"2025-10-09T06:58:12","slug":"saint-etienne-agnes-ledig-marraine-de-la-fete-du-livre-je-suis-une-autricultrice","status":"publish","type":"post","link":"https:\/\/www.europesays.com\/fr\/449414\/","title":{"rendered":"Saint-\u00c9tienne. Agn\u00e8s Ledig, marraine de la F\u00eate du livre : \u00ab\u00a0Je suis une \u201cautricultrice\u201d\u00a0\u00bb"},"content":{"rendered":"<blockquote class=\"question\"><p>Dans le roman R\u00e9pondre \u00e0 la nuit (Albin Michel), vous incluez une enqu\u00eate polici\u00e8re. C\u2019est plut\u00f4t inhabituel chez vous\u2026<\/p><\/blockquote>\n<p>\u00ab\u00a0C\u2019est la deuxi\u00e8me fois. La premi\u00e8re fois, dans Un Abri de fortune, c\u2019\u00e9tait un petit peu moins pouss\u00e9. Il y avait d\u00e9j\u00e0 un technicien en identification criminelle et des gendarmes parce que dans le roman, on retrouve des ossements de b\u00e9b\u00e9s au fond d\u2019un puits. Mais ce n\u2019est pas un polar parce que tout ne tourne pas autour de \u00e7a. L\u00e0, j\u2019avais vraiment envie de le faire sous forme d\u2019enqu\u00eate polici\u00e8re parce que c\u2019est un genre que j\u2019aime beaucoup lire. Et j\u2019ai besoin, dans mon \u00e9criture, de me renouveler pour ne pas m\u2019ennuyer.\u00a0\u00bb<\/p>\n<blockquote class=\"question\"><p>Vous utilisez un sc\u00e9nario de polar pour faire passer des messages autour de l\u2019amour de la nature\u2026<\/p><\/blockquote>\n<p>\u00ab\u00a0Clairement. Parce que \u00e7a, c\u2019est vraiment un engagement que j\u2019ai au quotidien. Et depuis tr\u00e8s longtemps. Mes parents ont toujours \u00e9t\u00e9 \u00e9cologistes dans l&rsquo;\u00e2me et ils m\u2019ont transmis \u00e7a. Je pense qu\u2019on peut tous agir \u00e0 notre \u00e9chelle en fonction de ce qu\u2019on est et de ce qu\u2019on fait.\u00a0\u00bb<\/p>\n<p>  \u00ab\u00a0On fait partie de cette nature, on est cette nature\u00a0\u00bb<\/p>\n<blockquote class=\"question\"><p>Avec ce roman, avez-vous, finalement, le sentiment d\u2019avoir fait aussi un ouvrage politique en choisissant de passer par l\u2019\u00e9motion ou la beaut\u00e9 plut\u00f4t que par un discours militant et frontal\u00a0?<\/p><\/blockquote>\n<p>\u00ab\u00a0Oui, parce que je pense que <a href=\"https:\/\/www.leprogres.fr\/culture-loisirs\/2025\/09\/09\/39e-fete-du-livre-une-edition-pour-lire-et-relier\" target=\"_blank\" rel=\"noopener\">\u00e7a touche les gens autrement<\/a>. Parce que s\u2019ils sont saisis par l&rsquo;\u00e9motion d\u2019un personnage ou qu\u2019ils s\u2019identifient \u00e0 un personnage, ils vont recevoir l\u2019information diff\u00e9remment que s\u2019ils ach\u00e8tent un essai sur la mort des for\u00eats, par exemple.\u00a0\u00bb<\/p>\n<blockquote class=\"question\"><p>Vous avez six personnages importants dans ce livre. Pourtant, on a l\u2019impression que le vrai personnage principal, c\u2019est la for\u00eat\u2026<\/p><\/blockquote>\n<p>\u00ab\u00a0C\u2019est un personnage \u00e0 part enti\u00e8re, carr\u00e9ment. \u00c7a montre qu\u2019on est des personnages, mais la nature aussi. On fait partie de cette nature, on est cette nature. Dans ce livre, la for\u00eat veille sur les personnages. Elle les inspire, les prot\u00e8ge et les punit aussi. Elle se d\u00e9fend d\u2019eux.\u00a0\u00bb<\/p>\n<blockquote class=\"question\"><p>Vous d\u00e9marrez le roman par le brame du cerf. C\u2019est quelque chose qui vous prend aux tripes\u00a0?<\/p><\/blockquote>\n<p>\u00ab\u00a0Compl\u00e8tement. On habite vraiment en lisi\u00e8re de for\u00eat, donc on les a quasiment au pied de notre fen\u00eatre. Quand on ouvre la fen\u00eatre de notre chambre \u00e0 coucher, on les entend \u00e0 cent m\u00e8tres, voire moins. Il y a deux ans, c&rsquo;\u00e9tait m\u00eame compliqu\u00e9 de dormir la fen\u00eatre ouverte tellement ils faisaient du bruit. Mais moi, \u00e7a me rend heureuse et \u00e9mue. C\u2019est quelque chose de tr\u00e8s puissant.\u00a0\u00bb<\/p>\n<p>  \u00ab\u00a0\u00c0 la ferme, on se l\u00e8ve tr\u00e8s t\u00f4t, on travaille beaucoup, mais c\u2019est le bonheur\u00a0!\u00a0\u00bb<\/p>\n<blockquote class=\"question\"><p>La for\u00eat et les Vosges sont aussi pr\u00e9sents dans deux de vos pr\u00e9c\u00e9dents ouvrages, La Toute Petite Reine (2021) et Un Abri de fortune (2023)\u2026 Cette connexion avec la nature est permanente chez vous\u00a0?<\/p><\/blockquote>\n<p>\u00ab\u00a0J\u2019ai grandi comme \u00e7a. Quand j\u2018\u00e9tais petite, avec mes s\u0153urs, on allait jouer dans la for\u00eat tout le temps et toutes seules. Mes parents instituteurs se chauffaient au bois. Ils prenaient des concessions et ils allaient faire le bois eux-m\u00eames. Ils nous emmenaient avec eux. J\u2019ai grandi dans cette for\u00eat et j\u2019y suis revenue depuis cinq ans.\u00a0\u00bb<\/p>\n<blockquote class=\"question\"><p>Avec votre mari agriculteur, vous habitez dans une exploitation agro\u00e9cologique, Les Sources folles, en lisi\u00e8re de la for\u00eat vosgienne. Quelles sont vos activit\u00e9s \u00e0 la ferme\u00a0?<\/p><\/blockquote>\n<p>\u00ab\u00a0 <a href=\"https:\/\/www.leprogres.fr\/culture-loisirs\/2025\/07\/04\/marraine-parrain-affiche-ce-qui-vous-attend-pour-la-fete-du-livre\" target=\"_blank\" rel=\"noopener\">Maintenant, je dis que je suis \u201cautricultrice\u201d\u00a0: un peu autrice, un peu agricultrice<\/a> m\u00eame si je n\u2019ai pas le statut, mais on travaille \u00e0 deux. C\u2019est un projet de vie commun donc je l\u2019aide. Le matin, il faut nettoyer la machine \u00e0 traire, apr\u00e8s, je vais au laboratoire, je commence \u00e0 faire le fromage. On va couper de l\u2019herbe tous les jours\u2026 J\u2019ai une formation en agronomie \u00e0 la base donc je retrouve un petit peu mes premiers amours. On se l\u00e8ve tr\u00e8s t\u00f4t, on travaille beaucoup, mais c\u2019est le bonheur\u00a0!\u00a0\u00bb<\/p>\n<blockquote class=\"question\"><p>Vous participez \u00e9galement \u00e0 la relance des ch\u00e8vres de Lorraine\u2026<\/p><\/blockquote>\n<p>\u00ab\u00a0C\u2019\u00e9tait une race en voie de disparition\u2026 Il n\u2019y avait plus que 250 individus, et l\u00e0 il y en a \u00e0 peu pr\u00e8s \u00e0 3\u00a0000. Un certain nombre d&rsquo;\u00e9levages s\u2019y sont mis. Pour l\u2019instant, nous en avons douze, mais on est en train de construire nos troupeaux et \u00e7a prend du temps. C\u2019est une tr\u00e8s bonne race qui fait un bon lait. Donc on est vraiment contents de participer \u00e0 la renaissance de cette race.\u00a0\u00bb<\/p>\n<p>  \u00ab\u00a0J\u2019\u00e9cris en hiver parce que c\u2019est beaucoup plus calme\u00a0\u00bb<\/p>\n<blockquote class=\"question\"><p>Mais au milieu de tous ces travaux agricoles, \u00e0 quel moment trouvez-vous le temps pour \u00e9crire\u00a0?<\/p><\/blockquote>\n<p>\u00ab\u00a0En hiver parce que c\u2019est beaucoup plus calme. J\u2019ai trouv\u00e9 ce rythme-l\u00e0 et je sors un livre tous les deux ans maintenant.\u00a0\u00bb<\/p>\n<blockquote class=\"question\"><p>Vous avez aussi \u00e9t\u00e9 sage-femme jusqu\u2019en 2015. Abandonner ce m\u00e9tier, \u00e7a a \u00e9t\u00e9 difficile\u00a0?<\/p><\/blockquote>\n<p>\u00ab\u00a0\u00c7a a \u00e9t\u00e9 difficile parce que j\u2019\u00e9tais tr\u00e8s attach\u00e9e \u00e0 mes patientes. C\u2019est un vrai besoin chez les femmes d\u2019avoir une oreille attentive et des personnes qui prennent le temps. Mais je ne regrette pas du tout l\u2019aspect responsabilit\u00e9 m\u00e9dicale, l\u2019aspect administratif\u2026 Si l\u2019occasion d\u2019\u00e9crire ne s\u2019\u00e9tait pas pr\u00e9sent\u00e9e, je pense n\u00e9anmoins que je serais encore sage-femme parce que c\u2019est un m\u00e9tier qui me plaisait vraiment. Mes patientes se sont transform\u00e9es en lectrices et j\u2019ai l\u2019impression de prendre soin d\u2019elles d\u2019une autre fa\u00e7on.\u00a0\u00bb<\/p>\n<p class=\"note\"><a href=\"https:\/\/www.leprogres.fr\/p\/agnes-ledig\" target=\"_blank\" rel=\"noopener\">Agn\u00e8s Ledig<\/a> sera pr\u00e9sente dans la Grande librairie (place de l\u2019H\u00f4tel-de-Ville), samedi, de 10 \u00e0 13 heures et de 16 \u00e0 19 heures. Dimanche matin, elle sera pr\u00e9sente lors de la repr\u00e9sentation th\u00e9\u00e2trale autour de son livre R\u00e9pondre \u00e0 la nuit au Magic Mirrors (place Jean-Jaur\u00e8s).<\/p>\n<p class=\"insetTitle\">\u00ab\u00a0On ne joue pas avec la vie des gens pour des int\u00e9r\u00eats \u00e9conomiques\u00a0\u00bb<\/p>\n<p>Le 20\u00a0juillet, Agn\u00e8s Ledig laisse \u00e9clater sa col\u00e8re sur Instagram. \u00c0 propos de la Loi Duplomb, elle \u00e9crit\u00a0: \u00ab\u00a0Vous avez applaudi, vous vous \u00eates r\u00e9jouis quand la loi a \u00e9t\u00e9 adopt\u00e9e et vous avez transform\u00e9 mon chagrin en rage\u00a0\u00bb. Un message accompagn\u00e9 d\u2019une photo de son enfant d\u00e9c\u00e9d\u00e9\u00a0: \u00ab\u00a0Regardez bien ces deux grands yeux bleus. Ceux de notre fils, mort d\u2019une leuc\u00e9mie \u00e0 l\u2019\u00e2ge de 5 ans et demi sans que PERSONNE n\u2019en cherche les causes.\u00a0\u00bb<\/p>\n<p>La loi a \u00e9t\u00e9 promulgu\u00e9e le 12\u00a0ao\u00fbt sans son article le plus controvers\u00e9 sur les pesticides (censur\u00e9 par le Conseil constitutionnel). La col\u00e8re d\u2019Agn\u00e8s Ledig est-elle retomb\u00e9e pour autant\u00a0? \u00ab\u00a0Non, pas tant que \u00e7a. Je suis soulag\u00e9e, mais c\u2019est juste du r\u00e9pit, parce qu\u2019il faut sans cesse se battre et qu\u2019on n\u2019est pas \u00e0 l\u2019abri que \u00e7a revienne\u00a0\u00bb, explique la romanci\u00e8re. L\u2019ancienne sage-femme reconna\u00eet m\u00eame \u00eatre \u00ab\u00a0assez inqui\u00e8te, mais je ne perds pas espoir. Je ne suis pas une \u201c\u00e9colo-bobo citadine\u201d comme certains aiment dire et on sait de quoi on parle\u00a0: nous sommes agriculteurs. Donc les probl\u00e8mes d\u2019eau, de s\u00e9cheresse, de gel tardif qui vous foutent en l\u2019air une production de fruits\u2026 on les voit au quotidien.\u00a0\u00bb Agn\u00e8s Ledig a toujours \u00ab\u00a0du mal \u00e0 comprendre que les bonnes d\u00e9cisions ne soient pas prises, parce qu\u2019on sait ce qu\u2019il faut faire. Il y a des vies humaines en jeu, c\u2019est \u00e7a qui me met un petit peu en rage. On ne joue pas avec la vie des gens pour des int\u00e9r\u00eats \u00e9conomiques.\u00a0\u00bb<\/p>\n","protected":false},"excerpt":{"rendered":"Dans le roman R\u00e9pondre \u00e0 la nuit (Albin Michel), vous incluez une enqu\u00eate polici\u00e8re. C\u2019est plut\u00f4t inhabituel chez&hellip;\n","protected":false},"author":2,"featured_media":449415,"comment_status":"","ping_status":"","sticky":false,"template":"","format":"standard","meta":{"footnotes":""},"categories":[9653],"tags":[1111,11,2430,1687,7539,1777,674,57546,107,1011,27,2410,3367,12,25,4001,7538,10806],"class_list":{"0":"post-449414","1":"post","2":"type-post","3":"status-publish","4":"format-standard","5":"has-post-thumbnail","7":"category-saint-etienne","8":"tag-actu","9":"tag-actualites","10":"tag-auvergne-rhone-alpes","11":"tag-culture-loisirs","12":"tag-edition-loire-sud","13":"tag-eu","14":"tag-europe","15":"tag-fete-du-livre-de-saint-etienne","16":"tag-fil-info","17":"tag-fr","18":"tag-france","19":"tag-livres-bd","20":"tag-loire","21":"tag-news","22":"tag-republique-francaise","23":"tag-saint-etienne","24":"tag-saint-etienne-ville","25":"tag-selection-de-la-redaction-42"},"share_on_mastodon":{"url":"https:\/\/pubeurope.com\/@fr\/115342914780489656","error":""},"_links":{"self":[{"href":"https:\/\/www.europesays.com\/fr\/wp-json\/wp\/v2\/posts\/449414","targetHints":{"allow":["GET"]}}],"collection":[{"href":"https:\/\/www.europesays.com\/fr\/wp-json\/wp\/v2\/posts"}],"about":[{"href":"https:\/\/www.europesays.com\/fr\/wp-json\/wp\/v2\/types\/post"}],"author":[{"embeddable":true,"href":"https:\/\/www.europesays.com\/fr\/wp-json\/wp\/v2\/users\/2"}],"replies":[{"embeddable":true,"href":"https:\/\/www.europesays.com\/fr\/wp-json\/wp\/v2\/comments?post=449414"}],"version-history":[{"count":0,"href":"https:\/\/www.europesays.com\/fr\/wp-json\/wp\/v2\/posts\/449414\/revisions"}],"wp:featuredmedia":[{"embeddable":true,"href":"https:\/\/www.europesays.com\/fr\/wp-json\/wp\/v2\/media\/449415"}],"wp:attachment":[{"href":"https:\/\/www.europesays.com\/fr\/wp-json\/wp\/v2\/media?parent=449414"}],"wp:term":[{"taxonomy":"category","embeddable":true,"href":"https:\/\/www.europesays.com\/fr\/wp-json\/wp\/v2\/categories?post=449414"},{"taxonomy":"post_tag","embeddable":true,"href":"https:\/\/www.europesays.com\/fr\/wp-json\/wp\/v2\/tags?post=449414"}],"curies":[{"name":"wp","href":"https:\/\/api.w.org\/{rel}","templated":true}]}}