{"id":449424,"date":"2025-10-09T07:04:11","date_gmt":"2025-10-09T07:04:11","guid":{"rendered":"https:\/\/www.europesays.com\/fr\/449424\/"},"modified":"2025-10-09T07:04:11","modified_gmt":"2025-10-09T07:04:11","slug":"le-sous-marin-nucleaire-casabianca-va-echapper-a-une-mort-lente-a-cherbourg-pour-devenir-un-bateau-musee","status":"publish","type":"post","link":"https:\/\/www.europesays.com\/fr\/449424\/","title":{"rendered":"Le sous-marin nucl\u00e9aire Casabianca va \u00e9chapper \u00e0 une mort lente \u00e0 Cherbourg pour devenir un bateau-mus\u00e9e"},"content":{"rendered":"<p>            Par<br \/>\n        <strong><br \/>\n            <a href=\"https:\/\/actu.fr\/auteur\/c-marchand\" title=\"Consulter tous les articles de Chrisma\u00ebl Marchand\" target=\"_blank\" rel=\"noopener\">Chrisma\u00ebl Marchand<\/a><br \/>\n        <\/strong><\/p>\n<p>        Publi\u00e9 le<\/p>\n<p>            9 oct. 2025 \u00e0 8h21        <\/p>\n<p>Remplac\u00e9s au fur et \u00e0 mesure par la g\u00e9n\u00e9ration de SNA de classe Suffren,<b> les sous-marins nucl\u00e9aires d\u2019attaque de classe Rubis<\/b> sont destin\u00e9s \u00e0 dispara\u00eetre l\u00e0 o\u00f9 ils ont \u00e9t\u00e9 cr\u00e9\u00e9s. C\u2019est-\u00e0-dire \u00e0 <a href=\"https:\/\/actu.fr\/normandie\/cherbourg-en-cotentin_50129\" target=\"_blank\" rel=\"noopener\">Cherbourg<\/a> (Manche).<\/p>\n<p class=\" wall-content\">Ils sont au nombre de<b> six. <\/b>Alors que l\u2019Am\u00e9thyste et la Perle sont toujours en service actif, quatre (Rubis, Saphir, Casabianca, \u00c9meraude) sont d\u00e9j\u00e0 de retour dans le Cotentin apr\u00e8s 40\u00a0ans de bons et loyaux services, <b>en attente de<\/b> <b>leur d\u00e9construction.<\/b><\/p>\n<p class=\" wall-content\">Une unit\u00e9 devrait cependant \u00e9chapper \u00e0 cette morte lente\u2009: le Casabianca. Lanc\u00e9 en d\u00e9cembre\u00a01984, le troisi\u00e8me exemplaire de la classe devrait, en effet, retourner \u00e0 <b>Toulon, son port d\u2019attache.<\/b><b\/><\/p>\n<p class=\" wall-content\">Initi\u00e9e par Jos\u00e9e Massi et Yannick Chenevard, respectivement maire de Toulon (Var) et d\u00e9put\u00e9 du Var, cette id\u00e9e a fait son chemin.<b> Une lettre au ministre des Arm\u00e9es<\/b>, S\u00e9bastien Lecornu, en septembre\u00a02024, avait officialis\u00e9 cette demande, accueillie avec \u00ab\u2009enthousiasme\u2009\u00bb par le locataire de l\u2019\u00e9poque de l\u2019h\u00f4tel de Brienne.<\/p>\n<p class=\" wall-content\">\n<p class=\" wall-content\">Depuis, au-del\u00e0 de cet \u00e9change \u00e9pistolaire, il semble que le dossier ait avanc\u00e9. Mardi 7 octobre 2025, en d\u00e9placement \u00e0 Cherbourg, Yannick Chenevard en a profit\u00e9 <b>pour rendre visite au Casabianca <\/b>et confirmer le futur retour du submersible en M\u00e9diterran\u00e9e.<\/p>\n<p>\u00ab\u2009De nombreuses \u00e9tapes demeurent\u2009\u00bb pour son retour \u00e0 Toulon<\/p>\n<blockquote class=\"ac-article-quote wall-content\">\n<p>Ce bateau noir charg\u00e9 d\u2019histoire doit, dans quelques ann\u00e9es, rejoindre Toulon pour y \u00eatre ouvert au public. Toulon, premier port militaire d\u2019Europe et c\u0153ur battant de notre Marine nationale, m\u00e9rite un tel symbole. Le Casabianca portera la m\u00e9moire des marins qui ont servi \u00e0 son bord et rappellera l\u2019h\u00e9ritage de son illustre pr\u00e9d\u00e9cesseur qui, en 1942, s\u2019\u00e9chappa de Toulon le jour du sabordage puis participa \u00e0 la lib\u00e9ration de la Corse et de la Provence.<\/p>\n<p>Yannick Chenevard, d\u00e9put\u00e9 du Var et rapporteur du budget de la Marine \u00e0 l\u2019Assembl\u00e9e nationale<\/p><\/blockquote>\n<p class=\" wall-content\">L\u2019histoire est forte effectivement entre la cit\u00e9 varoise et le SNA dont le nom sera de nouveau port\u00e9 par un sous-marin de classe Suffren. Mais elle ne devrait pas s\u2019\u00e9crire tr\u00e8s rapidement. En 2024, la maire Jos\u00e9e Massi envisageait d\u2019ailleurs <b>une ouverture au public \u00ab\u2009pour 2038 ou 2039\u2009\u00bb.<\/b><\/p>\n<p>Votre r\u00e9gion, votre actu !<\/p>\n<p>Recevez chaque jour les infos qui comptent pour vous.<\/p>\n<p>\t<a href=\"https:\/\/actu.fr\/newsletter\" class=\"ac-btn ac-btn--corner ac-btn--medium ac-btn--blue800\" target=\"_blank\" rel=\"noopener\">S&rsquo;incrire<\/a><\/p>\n<p class=\" wall-content\">\u00ab\u2009De nombreuses \u00e9tapes demeurent\u2009\u00bb, conc\u00e8de Yannick Chenevard. \u00ab\u2009Mais, en concertation avec l\u2019\u00c9tat, les collectivit\u00e9s et institutions locales, nous pouvons le faire. Ce futur sous-marin mus\u00e9e sera non seulement <b>un atout culturel et touristique<\/b>, mais aussi un hommage vivant aux femmes et aux hommes qui consacrent, sous les mers, leur vie au service de la France.\u2009\u00bb<\/p>\n<p>    <img   decoding=\"async\" loading=\"lazy\" class=\"size-large\" src=\"https:\/\/www.europesays.com\/fr\/wp-content\/uploads\/2025\/10\/18790d3056e863c790d3056e800890v-768x640.jpg\" alt=\"Yannick Chenevard Casabianca\" width=\"768\" height=\"640\"\/><br \/>\n    Yannick Chenevard, d\u00e9put\u00e9 du Var, pr\u00e9sent \u00e0 Cherbourg devant le sous-marin nucl\u00e9aire d\u2019attaque Casabianca. \u00a9DR<\/p>\n<p class=\" wall-content\">\u00c0 l\u2019instar de Cherbourg avec le Redoutable, Toulon entend donc perp\u00e9tuer son lien ind\u00e9fectible avec les sous-marins. Vu<b> l\u2019incontestable succ\u00e8s<\/b> du premier sous-marin nucl\u00e9aire lanceur d\u2019engins \u00e0 <a href=\"https:\/\/actu.fr\/tag\/cite-de-la-mer\" target=\"_blank\" rel=\"noopener\">La Cit\u00e9 de la Mer<\/a>, ce projet a de l\u2019avenir.<\/p>\n<p class=\" wall-content\">Personnalisez votre actualit\u00e9 en ajoutant vos villes et m\u00e9dias en favori avec <a href=\"https:\/\/moncompte.actu.fr\" title=\"D\u00e9couvez Mon Actu\" rel=\"nofollow noopener\" data-trk=\"{&quot;cta&quot;:{&quot;action&quot;:&quot;https:\\\/\\\/moncompte.actu.fr&quot;,&quot;category&quot;:&quot;mon compte&quot;,&quot;from&quot;:&quot;article footer&quot;,&quot;name&quot;:&quot;Mon actu&quot;,&quot;type&quot;:&quot;cta&quot;}}\" target=\"_blank\">Mon Actu<\/a>.<\/p>\n","protected":false},"excerpt":{"rendered":"Par Chrisma\u00ebl Marchand Publi\u00e9 le 9 oct. 2025 \u00e0 8h21 Remplac\u00e9s au fur et \u00e0 mesure par la&hellip;\n","protected":false},"author":2,"featured_media":449425,"comment_status":"","ping_status":"","sticky":false,"template":"","format":"standard","meta":{"footnotes":""},"categories":[9619],"tags":[1111,11,33,1777,674,1011,27,22232,12,5654,882,25,15169,2310],"class_list":{"0":"post-449424","1":"post","2":"type-post","3":"status-publish","4":"format-standard","5":"has-post-thumbnail","7":"category-toulon","8":"tag-actu","9":"tag-actualites","10":"tag-economie","11":"tag-eu","12":"tag-europe","13":"tag-fr","14":"tag-france","15":"tag-naval-group","16":"tag-news","17":"tag-nucleaire","18":"tag-provence-alpes-cote-dazur","19":"tag-republique-francaise","20":"tag-sous-marins","21":"tag-toulon"},"share_on_mastodon":{"url":"https:\/\/pubeurope.com\/@fr\/115342938733121124","error":""},"_links":{"self":[{"href":"https:\/\/www.europesays.com\/fr\/wp-json\/wp\/v2\/posts\/449424","targetHints":{"allow":["GET"]}}],"collection":[{"href":"https:\/\/www.europesays.com\/fr\/wp-json\/wp\/v2\/posts"}],"about":[{"href":"https:\/\/www.europesays.com\/fr\/wp-json\/wp\/v2\/types\/post"}],"author":[{"embeddable":true,"href":"https:\/\/www.europesays.com\/fr\/wp-json\/wp\/v2\/users\/2"}],"replies":[{"embeddable":true,"href":"https:\/\/www.europesays.com\/fr\/wp-json\/wp\/v2\/comments?post=449424"}],"version-history":[{"count":0,"href":"https:\/\/www.europesays.com\/fr\/wp-json\/wp\/v2\/posts\/449424\/revisions"}],"wp:featuredmedia":[{"embeddable":true,"href":"https:\/\/www.europesays.com\/fr\/wp-json\/wp\/v2\/media\/449425"}],"wp:attachment":[{"href":"https:\/\/www.europesays.com\/fr\/wp-json\/wp\/v2\/media?parent=449424"}],"wp:term":[{"taxonomy":"category","embeddable":true,"href":"https:\/\/www.europesays.com\/fr\/wp-json\/wp\/v2\/categories?post=449424"},{"taxonomy":"post_tag","embeddable":true,"href":"https:\/\/www.europesays.com\/fr\/wp-json\/wp\/v2\/tags?post=449424"}],"curies":[{"name":"wp","href":"https:\/\/api.w.org\/{rel}","templated":true}]}}