{"id":449432,"date":"2025-10-09T07:08:10","date_gmt":"2025-10-09T07:08:10","guid":{"rendered":"https:\/\/www.europesays.com\/fr\/449432\/"},"modified":"2025-10-09T07:08:10","modified_gmt":"2025-10-09T07:08:10","slug":"a-rouen-des-aperos-pour-parler-de-la-mort-sans-tabou-autour-dun-verre","status":"publish","type":"post","link":"https:\/\/www.europesays.com\/fr\/449432\/","title":{"rendered":"\u00c0 Rouen, des ap\u00e9ros pour parler de la mort sans tabou autour d&rsquo;un verre"},"content":{"rendered":"<p>            Par<br \/>\n        <strong><br \/>\n            <a href=\"https:\/\/actu.fr\/auteur\/fmass\" title=\"Consulter tous les articles de Fabien Massin\" target=\"_blank\" rel=\"noopener\">Fabien Massin<\/a><br \/>\n        <\/strong><\/p>\n<p>        Publi\u00e9 le<\/p>\n<p>            9 oct. 2025 \u00e0 8h24        <\/p>\n<p><strong>Parler de la mort sans tabou ni jugement et en toute libert\u00e9,<\/strong> et pourquoi pas en faire un moment sympathique autour d\u2019un verre. Tel est le concept des Ap\u00e9ros de la mort, des temps propos\u00e9s par <strong>Happy End<\/strong>, organisme de formation sp\u00e9cialis\u00e9 sur les m\u00e9tiers de la fin de vie et du deuil. \u00c0 <a href=\"https:\/\/actu.fr\/normandie\/rouen_76540\" target=\"_blank\" rel=\"noopener\">Rouen (Seine-Maritime)<\/a>, le prochain rendez-vous est pr\u00e9vu jeudi 9 octobre 2025.\u00a0<\/p>\n<p>\u00ab\u00a0Pas de th\u00e9matique pr\u00e9\u00e9tablie\u00a0\u00bb<\/p>\n<p class=\" wall-content\">Dans la capitale normande, ces ap\u00e9ros ont lieu une fois par trimestre. Ils sont organis\u00e9s par deux ambassadrices locales, <strong>Audrey Gourlaouen, g\u00e9rante d\u2019une entreprise de pompes fun\u00e8bres (L\u2019autre rive) et Cl\u00e9mence Delon, th\u00e9rapeute<\/strong>. Elles s\u2019occupent d\u2019accueillir les participants et d\u2019animer les discussions au besoin. Car pour le reste, le mot d\u2019ordre est libert\u00e9.\u00a0<\/p>\n<p class=\" wall-content\">\u00ab\u00a0Il n\u2019y a pas de th\u00e9matique pr\u00e9\u00e9tablie, explique Audrey Gourlaouen. L\u2019id\u00e9e est vraiment de proposer un endroit o\u00f9 on lib\u00e8re la parole, sans \u00eatre jug\u00e9, dans un cadre rassurant. On vient si l\u2019on a v\u00e9cu un deuil mais pas forc\u00e9ment, c\u2019est ouvert \u00e0 tous. Certaines personnes reviennent, d\u2019autres pas. <strong>Et on n\u2019est m\u00eame pas oblig\u00e9 de parler<\/strong>, on peut venir simplement pour \u00e9couter.\u00a0\u00bb<\/p>\n<blockquote class=\"ac-article-quote wall-content\">\n<p>En fait on n&rsquo;est pas habitu\u00e9 \u00e0 parler de la mort. Et souvent quand quelqu&rsquo;un est touch\u00e9 par un deuil, au d\u00e9but on lui demande comment \u00e7a va, puis rapidement plus rien.\u00a0<\/p>\n<p>    <strong>Audrey Gourlaouen<\/strong>\n            <\/p><\/blockquote>\n<p class=\" wall-content\">Ces ap\u00e9ros sont accessibles gratuitement (sauf \u00e9videmment le co\u00fbt des consommations) et durent g\u00e9n\u00e9ralement 1h30. Ils commencent par un tour de table qui sert de pr\u00e9sentation pour chaque participant, <strong>ensuite celui ou celle qui le veut raconte parcours<\/strong>, comment il ou elle a v\u00e9cu la perte d\u2019un \u00eatre cher, comment il ou elle vit son deuil, etc.\u00a0<\/p>\n<p>Ap\u00e9ro de la mort, jeudi 9 octobre 2025 \u00e0 18h au bar Le 3 pi\u00e8ces, <a href=\"https:\/\/www.helloasso.com\/associations\/happy-end\/evenements\/l-apero-de-la-mort-a-rouen-7\" target=\"_blank\" rel=\"noopener\">inscription en ligne<\/a>.\u00a0Suivez l\u2019actualit\u00e9 de Rouen sur notre <a href=\"https:\/\/www.whatsapp.com\/channel\/0029VaKfnf99hXF2ddApFB1D\" target=\"_blank\" rel=\"noopener\">cha\u00eene WhatsApp<\/a> et sur notre <a href=\"https:\/\/www.tiktok.com\/@76actu.fr?lang=fr\" target=\"_blank\" rel=\"noopener\">compte TikTok<\/a><\/p>\n<p class=\" wall-content\">Personnalisez votre actualit\u00e9 en ajoutant vos villes et m\u00e9dias en favori avec <a href=\"https:\/\/moncompte.actu.fr\" title=\"D\u00e9couvez Mon Actu\" rel=\"nofollow noopener\" data-trk=\"{&quot;cta&quot;:{&quot;action&quot;:&quot;https:\\\/\\\/moncompte.actu.fr&quot;,&quot;category&quot;:&quot;mon compte&quot;,&quot;from&quot;:&quot;article footer&quot;,&quot;name&quot;:&quot;Mon actu&quot;,&quot;type&quot;:&quot;cta&quot;}}\" target=\"_blank\">Mon Actu<\/a>.<\/p>\n<p>                    <script async src=\"\/\/www.tiktok.com\/embed.js\"><\/script><\/p>\n","protected":false},"excerpt":{"rendered":"Par Fabien Massin Publi\u00e9 le 9 oct. 2025 \u00e0 8h24 Parler de la mort sans tabou ni jugement&hellip;\n","protected":false},"author":2,"featured_media":449433,"comment_status":"","ping_status":"","sticky":false,"template":"","format":"standard","meta":{"footnotes":""},"categories":[9587],"tags":[1111,11,1777,674,1011,27,1757,9725,12,5161,25,9590,71],"class_list":{"0":"post-449432","1":"post","2":"type-post","3":"status-publish","4":"format-standard","5":"has-post-thumbnail","7":"category-rouen","8":"tag-actu","9":"tag-actualites","10":"tag-eu","11":"tag-europe","12":"tag-fr","13":"tag-france","14":"tag-insolite","15":"tag-metropole-rouen","16":"tag-news","17":"tag-normandie","18":"tag-republique-francaise","19":"tag-rouen","20":"tag-sante"},"share_on_mastodon":{"url":"https:\/\/pubeurope.com\/@fr\/115342953836214553","error":""},"_links":{"self":[{"href":"https:\/\/www.europesays.com\/fr\/wp-json\/wp\/v2\/posts\/449432","targetHints":{"allow":["GET"]}}],"collection":[{"href":"https:\/\/www.europesays.com\/fr\/wp-json\/wp\/v2\/posts"}],"about":[{"href":"https:\/\/www.europesays.com\/fr\/wp-json\/wp\/v2\/types\/post"}],"author":[{"embeddable":true,"href":"https:\/\/www.europesays.com\/fr\/wp-json\/wp\/v2\/users\/2"}],"replies":[{"embeddable":true,"href":"https:\/\/www.europesays.com\/fr\/wp-json\/wp\/v2\/comments?post=449432"}],"version-history":[{"count":0,"href":"https:\/\/www.europesays.com\/fr\/wp-json\/wp\/v2\/posts\/449432\/revisions"}],"wp:featuredmedia":[{"embeddable":true,"href":"https:\/\/www.europesays.com\/fr\/wp-json\/wp\/v2\/media\/449433"}],"wp:attachment":[{"href":"https:\/\/www.europesays.com\/fr\/wp-json\/wp\/v2\/media?parent=449432"}],"wp:term":[{"taxonomy":"category","embeddable":true,"href":"https:\/\/www.europesays.com\/fr\/wp-json\/wp\/v2\/categories?post=449432"},{"taxonomy":"post_tag","embeddable":true,"href":"https:\/\/www.europesays.com\/fr\/wp-json\/wp\/v2\/tags?post=449432"}],"curies":[{"name":"wp","href":"https:\/\/api.w.org\/{rel}","templated":true}]}}