{"id":449434,"date":"2025-10-09T07:11:11","date_gmt":"2025-10-09T07:11:11","guid":{"rendered":"https:\/\/www.europesays.com\/fr\/449434\/"},"modified":"2025-10-09T07:11:11","modified_gmt":"2025-10-09T07:11:11","slug":"pro-d2-le-fc-grenoble-se-separe-officiellement-de-nicolas-nadau","status":"publish","type":"post","link":"https:\/\/www.europesays.com\/fr\/449434\/","title":{"rendered":"Pro D2. Le FC Grenoble se s\u00e9pare officiellement de Nicolas Nadau"},"content":{"rendered":"<p>Par un communiqu\u00e9 laconique, le FC Grenoble a officialis\u00e9 se s\u00e9parer de <a href=\"https:\/\/metro-sports.fr\/pro-d2-le-fc-grenoble-met-a-pied-son-entraineur\/\" target=\"_blank\" rel=\"noopener nofollow\">son entra\u00eeneur Nicolas Nadau suite \u00e0 sa mise \u00e0 pied<\/a>. Jeff Dubois est pressenti par la presse sp\u00e9cialis\u00e9e pour lui succ\u00e9der dans le staff alpin.<\/p>\n<p><strong>Le communiqu\u00e9 du FCG\u00a0<\/strong><\/p>\n<p>Le FC Grenoble Rugby annonce avoir pris la d\u00e9cision de mettre un terme \u00e0 sa collaboration avec<br \/>Nicolas Nadau, entra\u00eeneur des trois-quarts. Le club ne fera pas d\u2019autre commentaire \u00e0 ce sujet<br \/>et communiquera prochainement sur la r\u00e9organisation de son staff sportif.<\/p>\n<p>\n\tArticles similaires<\/p>\n","protected":false},"excerpt":{"rendered":"Par un communiqu\u00e9 laconique, le FC Grenoble a officialis\u00e9 se s\u00e9parer de son entra\u00eeneur Nicolas Nadau suite \u00e0&hellip;\n","protected":false},"author":2,"featured_media":222989,"comment_status":"","ping_status":"","sticky":false,"template":"","format":"standard","meta":{"footnotes":""},"categories":[9566],"tags":[1111,11,2430,1777,674,1011,27,2731,12,25],"class_list":{"0":"post-449434","1":"post","2":"type-post","3":"status-publish","4":"format-standard","5":"has-post-thumbnail","7":"category-grenoble","8":"tag-actu","9":"tag-actualites","10":"tag-auvergne-rhone-alpes","11":"tag-eu","12":"tag-europe","13":"tag-fr","14":"tag-france","15":"tag-grenoble","16":"tag-news","17":"tag-republique-francaise"},"share_on_mastodon":{"url":"https:\/\/pubeurope.com\/@fr\/115342966360904467","error":""},"_links":{"self":[{"href":"https:\/\/www.europesays.com\/fr\/wp-json\/wp\/v2\/posts\/449434","targetHints":{"allow":["GET"]}}],"collection":[{"href":"https:\/\/www.europesays.com\/fr\/wp-json\/wp\/v2\/posts"}],"about":[{"href":"https:\/\/www.europesays.com\/fr\/wp-json\/wp\/v2\/types\/post"}],"author":[{"embeddable":true,"href":"https:\/\/www.europesays.com\/fr\/wp-json\/wp\/v2\/users\/2"}],"replies":[{"embeddable":true,"href":"https:\/\/www.europesays.com\/fr\/wp-json\/wp\/v2\/comments?post=449434"}],"version-history":[{"count":0,"href":"https:\/\/www.europesays.com\/fr\/wp-json\/wp\/v2\/posts\/449434\/revisions"}],"wp:featuredmedia":[{"embeddable":true,"href":"https:\/\/www.europesays.com\/fr\/wp-json\/wp\/v2\/media\/222989"}],"wp:attachment":[{"href":"https:\/\/www.europesays.com\/fr\/wp-json\/wp\/v2\/media?parent=449434"}],"wp:term":[{"taxonomy":"category","embeddable":true,"href":"https:\/\/www.europesays.com\/fr\/wp-json\/wp\/v2\/categories?post=449434"},{"taxonomy":"post_tag","embeddable":true,"href":"https:\/\/www.europesays.com\/fr\/wp-json\/wp\/v2\/tags?post=449434"}],"curies":[{"name":"wp","href":"https:\/\/api.w.org\/{rel}","templated":true}]}}