{"id":449437,"date":"2025-10-09T07:13:11","date_gmt":"2025-10-09T07:13:11","guid":{"rendered":"https:\/\/www.europesays.com\/fr\/449437\/"},"modified":"2025-10-09T07:13:11","modified_gmt":"2025-10-09T07:13:11","slug":"un-multirecidiviste-guineen-en-situation-irreguliere-rejuge-a-rennes","status":"publish","type":"post","link":"https:\/\/www.europesays.com\/fr\/449437\/","title":{"rendered":"un multir\u00e9cidiviste guin\u00e9en en situation irr\u00e9guli\u00e8re rejug\u00e9 \u00e0 Rennes"},"content":{"rendered":"<p>La Cour d\u2019appel de Rennes a examin\u00e9, le mardi 7 octobre 2025, un dossier qui en dit long sur les d\u00e9rives de la criminalit\u00e9 en France et sur l\u2019incapacit\u00e9 des autorit\u00e9s \u00e0 faire appliquer leurs propres d\u00e9cisions.<\/p>\n<p>Le pr\u00e9venu, un ressortissant guin\u00e9en \u00e2g\u00e9 de 37 ans, avait d\u00e9j\u00e0 \u00e9t\u00e9 condamn\u00e9 en juin 2024 par le tribunal correctionnel de Quimper \u00e0\u00a0<strong>cinq ans de prison ferme<\/strong>\u00a0pour des faits d\u2019enl\u00e8vement, de s\u00e9questration, de violences aggrav\u00e9es et de trafic de stup\u00e9fiants. <a href=\"https:\/\/actu.fr\/bretagne\/quimper_29232\/il-avait-sequestre-un-homme-pendant-quatre-jours-a-quimper_63272380.html\" target=\"_blank\" rel=\"noopener\">En situation irr\u00e9guli\u00e8re sur le territoire fran\u00e7ais,<\/a> il \u00e9tait \u00e9galement frapp\u00e9 d\u2019une\u00a0<strong>interdiction de s\u00e9jour de dix ans<\/strong>.<\/p>\n<p>Pourtant, un an plus tard, il comparaissait de nouveau devant la justice. Le parquet g\u00e9n\u00e9ral de Rennes a requis\u00a0<strong>trois ann\u00e9es suppl\u00e9mentaires<\/strong>\u00a0de r\u00e9clusion, portant la peine potentielle \u00e0 huit ans de prison, assortie d\u2019une\u00a0<strong>peine de s\u00fbret\u00e9<\/strong>\u00a0et de la\u00a0<strong>confirmation de son interdiction de territoire<\/strong>.<\/p>\n<p>Quatre jours de violences au c\u0153ur de Quimper<\/p>\n<p>L\u2019affaire remonte \u00e0 l\u2019\u00e9t\u00e9 2024. Le 22 juin, les policiers de Quimper interviennent apr\u00e8s le signalement d\u2019un voisin affirmant qu\u2019un \u201cindividu de type africain\u201d retient plusieurs personnes dans un appartement du centre-ville.<br \/>Sur place, les forces de l\u2019ordre d\u00e9couvrent un logement dans un\u00a0<strong>\u00e9tat d\u2019insalubrit\u00e9 extr\u00eame<\/strong>\u00a0et une victime couverte d\u2019h\u00e9matomes, affirmant \u00eatre\u00a0<strong>s\u00e9questr\u00e9e depuis quatre jours<\/strong>\u00a0par trois individus \u2013 deux femmes et un homme \u2013 sur fond de\u00a0<strong>trafic de stup\u00e9fiants<\/strong>.<\/p>\n<p>La victime d\u00e9clare avoir subi\u00a0<strong>des coups r\u00e9p\u00e9t\u00e9s sur tout le corps<\/strong>, et s\u2019\u00eatre fait voler sa carte bancaire, son passeport ainsi que les cl\u00e9s du domicile de sa m\u00e8re.<br \/>La perquisition permet de saisir\u00a0<strong>deux piles de crack, 50 grammes de r\u00e9sine de cannabis, 64 grammes d\u2019h\u00e9ro\u00efne<\/strong>, plusieurs liasses d\u2019argent liquide, un\u00a0<strong>pistolet factice<\/strong>, un\u00a0<strong>couteau \u00e0 lame pointue<\/strong>, et d\u2019autres objets li\u00e9s au trafic.<\/p>\n<p>Les enqu\u00eateurs d\u00e9couvrent rapidement que les deux femmes pr\u00e9sentes sur les lieux, qui se faisaient passer pour des victimes, sont en r\u00e9alit\u00e9\u00a0<strong>des complices du ravisseur<\/strong>. L\u2019une d\u2019elles reconna\u00eetra avoir \u201ctabass\u00e9\u201d la victime, expliquant son geste par une querelle interne entre trafiquants. Elle admet \u00e9galement vendre de l\u2019h\u00e9ro\u00efne depuis trois ans pour le compte de l\u2019homme pr\u00e9sent\u00e9 comme \u201cle boss\u201d.<\/p>\n<p>Devant la cour d\u2019appel, le pr\u00e9venu a tent\u00e9 de minimiser les faits. Il aurait, selon ses dires voulu simplement aider sa complice et \u00e9viter que la situation d\u00e9g\u00e9n\u00e8re. Mais les magistrats n\u2019ont pas \u00e9t\u00e9 dupes. Son\u00a0<strong>casier judiciaire<\/strong>\u00a0affiche\u00a0<strong>22 condamnations<\/strong> pour des faits de vol aggrav\u00e9, de violences, d\u2019agressions sexuelles et de trafic de drogue. Il est jug\u00e9 quasiment chaque ann\u00e9e, a r\u00e9sum\u00e9 avec ironie l\u2019avocat g\u00e9n\u00e9ral, soulignant l\u2019absence totale d\u2019effort d\u2019insertion et le mode de vie d\u00e9lib\u00e9r\u00e9ment d\u00e9linquant de l\u2019int\u00e9ress\u00e9.<\/p>\n<p>Originaire de Guin\u00e9e, l\u2019homme vit depuis plusieurs ann\u00e9es\u00a0<strong>en situation irr\u00e9guli\u00e8re sans \u00eatre expuls\u00e9 par les autorit\u00e9s.<\/strong><\/p>\n<p>Le jugement d\u00e9finitif de la Cour d\u2019appel sera rendu <strong>dans les quinze jours<\/strong>. S\u2019il est suivi, le pr\u00e9venu \u00e9copera de\u00a0<strong>huit ans de prison ferme<\/strong> et restera interdit de territoire fran\u00e7ais pendant une d\u00e9cennie.<\/p>\n<p>Illustration : DR<br \/>[cc] Article relu et corrig\u00e9 (orthographe, syntaxe) par ChatGPT.<\/p>\n<p>Breizh-info.com, 2025, d\u00e9p\u00eaches libres de copie et de diffusion sous r\u00e9serve de mention et de lien vers la source d\u2019origine..<\/p>\n","protected":false},"excerpt":{"rendered":"La Cour d\u2019appel de Rennes a examin\u00e9, le mardi 7 octobre 2025, un dossier qui en dit long&hellip;\n","protected":false},"author":2,"featured_media":449438,"comment_status":"","ping_status":"","sticky":false,"template":"","format":"standard","meta":{"footnotes":""},"categories":[2821],"tags":[1111,11,829,1777,674,1011,27,57547,12,3319,584,25],"class_list":{"0":"post-449437","1":"post","2":"type-post","3":"status-publish","4":"format-standard","5":"has-post-thumbnail","7":"category-rennes","8":"tag-actu","9":"tag-actualites","10":"tag-bretagne","11":"tag-eu","12":"tag-europe","13":"tag-fr","14":"tag-france","15":"tag-guineen","16":"tag-news","17":"tag-quimper","18":"tag-rennes","19":"tag-republique-francaise"},"share_on_mastodon":{"url":"","error":""},"_links":{"self":[{"href":"https:\/\/www.europesays.com\/fr\/wp-json\/wp\/v2\/posts\/449437","targetHints":{"allow":["GET"]}}],"collection":[{"href":"https:\/\/www.europesays.com\/fr\/wp-json\/wp\/v2\/posts"}],"about":[{"href":"https:\/\/www.europesays.com\/fr\/wp-json\/wp\/v2\/types\/post"}],"author":[{"embeddable":true,"href":"https:\/\/www.europesays.com\/fr\/wp-json\/wp\/v2\/users\/2"}],"replies":[{"embeddable":true,"href":"https:\/\/www.europesays.com\/fr\/wp-json\/wp\/v2\/comments?post=449437"}],"version-history":[{"count":0,"href":"https:\/\/www.europesays.com\/fr\/wp-json\/wp\/v2\/posts\/449437\/revisions"}],"wp:featuredmedia":[{"embeddable":true,"href":"https:\/\/www.europesays.com\/fr\/wp-json\/wp\/v2\/media\/449438"}],"wp:attachment":[{"href":"https:\/\/www.europesays.com\/fr\/wp-json\/wp\/v2\/media?parent=449437"}],"wp:term":[{"taxonomy":"category","embeddable":true,"href":"https:\/\/www.europesays.com\/fr\/wp-json\/wp\/v2\/categories?post=449437"},{"taxonomy":"post_tag","embeddable":true,"href":"https:\/\/www.europesays.com\/fr\/wp-json\/wp\/v2\/tags?post=449437"}],"curies":[{"name":"wp","href":"https:\/\/api.w.org\/{rel}","templated":true}]}}