{"id":449439,"date":"2025-10-09T07:14:18","date_gmt":"2025-10-09T07:14:18","guid":{"rendered":"https:\/\/www.europesays.com\/fr\/449439\/"},"modified":"2025-10-09T07:14:18","modified_gmt":"2025-10-09T07:14:18","slug":"strasbourg-une-rencontre-avec-francois-hollande-a-sciences-po-lundi","status":"publish","type":"post","link":"https:\/\/www.europesays.com\/fr\/449439\/","title":{"rendered":"Strasbourg. Une rencontre avec Fran\u00e7ois Hollande \u00e0 Sciences Po lundi"},"content":{"rendered":"<p>L\u2019ancien pr\u00e9sident de la R\u00e9publique <a href=\"https:\/\/www.dna.fr\/p\/francois-hollande\" target=\"_blank\" rel=\"nofollow noopener\">Fran\u00e7ois Hollande<\/a> est invit\u00e9 ce lundi 13 octobre par Sciences Po Forum dans les locaux de Sciences Po Strasbourg, b\u00e2timent du Cardo, 7 rue de l\u2019\u00c9carlate. Fran\u00e7ois Hollande s\u2019exprimera lors d\u2019une grande conf\u00e9rence sur les enjeux internationaux actuels : guerre en Ukraine, situation \u00e0 Gaza, avenir de l\u2019Europe face \u00e0 l\u2019Am\u00e9rique de Trump. Il parlera bien \u00e9videmment de la situation politique fran\u00e7aise, du macronisme, de la gauche, de l\u2019extr\u00eame droite, etc.<\/p>\n<p>Cette rencontre sera suivie d\u2019une s\u00e9ance de d\u00e9dicaces en partenariat avec la librairie Kl\u00e9ber.<\/p>\n<p>Fran\u00e7ois Hollande \u00e9tait d\u00e9j\u00e0 venu en Alsace <a href=\"https:\/\/www.dna.fr\/education\/2024\/05\/21\/francois-hollande-un-ex-president-normal-au-contact-des-lyceens\" target=\"_blank\" rel=\"nofollow noopener\">en mai 2024<\/a> , <a href=\"https:\/\/www.dna.fr\/culture-loisirs\/2022\/11\/20\/c-est-quoi-etre-francais-un-ancien-president-pour-ouvrir-le-4e-forum-latitude-a-mulhouse\" target=\"_blank\" rel=\"nofollow noopener\">en novembre 2022<\/a> , <a href=\"https:\/\/www.dna.fr\/politique\/2023\/10\/19\/francois-hollande-shoote-dans-le-ballon-pour-une-jeune-association\" target=\"_blank\" rel=\"nofollow noopener\">en octobre 2023<\/a>.<\/p>\n<p class=\"note\">Fran\u00e7ois Hollande le lundi 13\u00a0octobre \u00e0 18 h, Amphi A de Sciences Po Strasbourg, b\u00e2timent du Cardo, 7 rue de l\u2019\u00c9carlate.<\/p>\n","protected":false},"excerpt":{"rendered":"L\u2019ancien pr\u00e9sident de la R\u00e9publique Fran\u00e7ois Hollande est invit\u00e9 ce lundi 13 octobre par Sciences Po Forum dans&hellip;\n","protected":false},"author":2,"featured_media":449440,"comment_status":"","ping_status":"","sticky":false,"template":"","format":"standard","meta":{"footnotes":""},"categories":[2820],"tags":[1111,11,2389,2649,2880,1777,674,1011,27,775,12,3541,316,25,640,2879],"class_list":{"0":"post-449439","1":"post","2":"type-post","3":"status-publish","4":"format-standard","5":"has-post-thumbnail","7":"category-strasbourg","8":"tag-actu","9":"tag-actualites","10":"tag-alsace","11":"tag-bas-rhin","12":"tag-edition-strasbourg","13":"tag-eu","14":"tag-europe","15":"tag-fr","16":"tag-france","17":"tag-grand-est","18":"tag-news","19":"tag-parti-socialiste","20":"tag-politique","21":"tag-republique-francaise","22":"tag-strasbourg","23":"tag-strasbourg-ville"},"share_on_mastodon":{"url":"https:\/\/pubeurope.com\/@fr\/115342977532310116","error":""},"_links":{"self":[{"href":"https:\/\/www.europesays.com\/fr\/wp-json\/wp\/v2\/posts\/449439","targetHints":{"allow":["GET"]}}],"collection":[{"href":"https:\/\/www.europesays.com\/fr\/wp-json\/wp\/v2\/posts"}],"about":[{"href":"https:\/\/www.europesays.com\/fr\/wp-json\/wp\/v2\/types\/post"}],"author":[{"embeddable":true,"href":"https:\/\/www.europesays.com\/fr\/wp-json\/wp\/v2\/users\/2"}],"replies":[{"embeddable":true,"href":"https:\/\/www.europesays.com\/fr\/wp-json\/wp\/v2\/comments?post=449439"}],"version-history":[{"count":0,"href":"https:\/\/www.europesays.com\/fr\/wp-json\/wp\/v2\/posts\/449439\/revisions"}],"wp:featuredmedia":[{"embeddable":true,"href":"https:\/\/www.europesays.com\/fr\/wp-json\/wp\/v2\/media\/449440"}],"wp:attachment":[{"href":"https:\/\/www.europesays.com\/fr\/wp-json\/wp\/v2\/media?parent=449439"}],"wp:term":[{"taxonomy":"category","embeddable":true,"href":"https:\/\/www.europesays.com\/fr\/wp-json\/wp\/v2\/categories?post=449439"},{"taxonomy":"post_tag","embeddable":true,"href":"https:\/\/www.europesays.com\/fr\/wp-json\/wp\/v2\/tags?post=449439"}],"curies":[{"name":"wp","href":"https:\/\/api.w.org\/{rel}","templated":true}]}}