{"id":449465,"date":"2025-10-09T07:27:20","date_gmt":"2025-10-09T07:27:20","guid":{"rendered":"https:\/\/www.europesays.com\/fr\/449465\/"},"modified":"2025-10-09T07:27:20","modified_gmt":"2025-10-09T07:27:20","slug":"marseille-les-pilules-ameres-dun-vaste-trafic-de-medicaments","status":"publish","type":"post","link":"https:\/\/www.europesays.com\/fr\/449465\/","title":{"rendered":"Marseille : les pilules am\u00e8res d\u2019un vaste trafic de m\u00e9dicaments"},"content":{"rendered":"<p>\u00ab\u00a0Remonter aussi haut que l\u2019on peut, motiver les services enqu\u00eateurs, chercher les fournisseurs\u2026 Malheureusement, un pan du dossier n\u2019a pas pu \u00eatre investigu\u00e9 du c\u00f4t\u00e9 de la Gr\u00e8ce\u00a0\u00bb : le procureur adjoint de Marseille, <a href=\"https:\/\/www.linkedin.com\/in\/jean-yves-lourgouilloux-b8a048227\/\" rel=\"noopener nofollow\" target=\"_blank\">Jean-Yves Lourgouilloux<\/a>, a refait, ce mercredi 8 octobre, le chemin du <strong>d\u00e9mant\u00e8lement <\/strong>d\u2019une belle affaire, <a href=\"https:\/\/mesinfos.fr\/13000-marseille\/un-trafic-international-de-medicaments-stoppe-a-l-aeroport-de-marignane-197971.html\" rel=\"noopener nofollow\" target=\"_blank\">un trafic international de m\u00e9dicaments, le commerce aussi ill\u00e9gal que lucratif de Pr\u00e9gabaline.<\/a>\u00a0 <\/p>\n<p>Dix-neuf \u00e0 vingt voyages entre la Gr\u00e8ce et Marseille, jusqu\u2019\u00e0 l\u2019arrestation, le 19 octobre 2023, d\u2019une jeune femme de 29 ans, de nationalit\u00e9 grecque, d\u00e9sign\u00e9e comme la \u00ab\u00a0mule\u00a0\u00bb, avec sa valise charg\u00e9e de plus de 19 kilos. Lors de la fouille \u00e0 l\u2019a\u00e9roport Marseille Provence, les <strong>douaniers<\/strong> tombaient en effet sur 10 920 pilules de Pr\u00e9gabaline. <\/p>\n<p>\u00ab\u00a0Une pilule, expliquera le procureur Lourgouilloux, qui peut apaiser certaines personnes mais en rendre d\u2019autres agressives, un m\u00e9dicament qui fait partie d\u2019un r\u00e9gime sp\u00e9cifique de d\u00e9livrance avec des r\u00e8gles suppl\u00e9mentaires pour le pharmacien. Un m\u00e9dicament qui n\u2019est pas en vente libre.\u00a0\u00bb Ni la France ni la Gr\u00e8ce n\u2019\u00e9chappent \u00e0 ce type de r\u00e9glementation.\u00a0 <\/p>\n<p>Le procureur : \u00ab\u00a0On est dans un v\u00e9ritable business\u00a0\u00bb\u00a0 <\/p>\n<p>\u00ab Un euro le m\u00e9dicament achet\u00e9, deux euros le m\u00e9dicament vendu.\u00a0\u00bb Pour l\u2019accusation, on n\u2019est certes pas sur les revenus de la <a href=\"https:\/\/mesinfos.fr\/69100-villeurbanne\/quartier-du-tonkin-a-villeurbanne-la-lutte-contre-le-trafic-de-drogue-s-intensifie-225901.html\" rel=\"noopener nofollow\" target=\"_blank\">drogue<\/a>, mais sur des profits cons\u00e9quents qui g\u00e9n\u00e8rent \u00e9norm\u00e9ment d\u2019argent et suscitent d\u2019\u00e9videntes convoitises.\u00a0<\/p>\n<p> <img decoding=\"async\" alt=\"\" class=\"img-align-center\" data-zoomable=\"\" height=\"1500\" loading=\"lazy\" src=\"https:\/\/www.europesays.com\/fr\/wp-content\/uploads\/2025\/10\/blanc-3.jpg\" width=\"2000\"\/> \u00a9 D.T. &#8211; Me Bruce Blanc a \u00e9voqu\u00e9 en d\u00e9fense \u00ab\u00a0la tentation de l\u2019\u00e9conomie parall\u00e8le\u00a0\u00bb chez son client en situation de \u00ab\u00a0pr\u00e9carit\u00e9\u00a0\u00bb. 300 000 pilules introduites sur le march\u00e9 et 600 000 euros de chiffre d\u2019affaires pr\u00e9sum\u00e9 <\/p>\n<p>Les <strong>300 000 pilules saisies<\/strong> auraient produit un chiffre d\u2019affaires de plus de 600 000 euros, soit le montant de l\u2019amende qu\u2019ont r\u00e9clam\u00e9, mercredi 8 octobre, les services des douanes. \u00ab\u00a0On est dans un v\u00e9ritable business\u00a0\u00bb, insistera Jean-Yves Lourgouilloux. <\/p>\n<p>Qualifi\u00e9e de \u00ab\u00a0drogue du pauvre\u00a0\u00bb en raison de son usage \u00e0 des fins stup\u00e9fiantes et de son faible co\u00fbt, la Pr\u00e9gabaline, plus connue sous le<strong> nom commercial de Lyrica<\/strong>, souvent prescrite contre les crises d\u2019\u00e9pilepsie, les troubles anxieux g\u00e9n\u00e9ralis\u00e9s et les douleurs neuropathiques, est un d\u00e9presseur du syst\u00e8me nerveux. Le risque sanitaire de l\u2019usage d\u00e9tourn\u00e9 de ce m\u00e9dicament, parfois associ\u00e9 \u00e0 d\u2019autres, est toutefois consid\u00e9r\u00e9 comme important. Ses <strong>effets addictifs<\/strong> expliquent d\u2019ailleurs l\u2019existence fr\u00e9quente de trafics de rue de ce produit, comme constat\u00e9e \u00e0 Marseille.\u00a0 <\/p>\n<p>La Pr\u00e9gabaline d\u00e9sormais vendue sous ordonnance s\u00e9curis\u00e9e et infalsifiable\u00a0 <\/p>\n<p>Les principales complications li\u00e9es au m\u00e9susage de la Pr\u00e9gabaline sont un coma, des troubles de la conscience, une d\u00e9sorientation, une confusion, voire <strong>le d\u00e9c\u00e8s<\/strong>. L\u2019<a href=\"https:\/\/mesinfos.fr\/alerte-danger-sur-le-cbd-de-plus-en-plus-de-cas-d-intoxications-231356.html\" rel=\"noopener nofollow\" target=\"_blank\">Agence nationale de s\u00e9curit\u00e9 du m\u00e9dicament<\/a> (ANSM) a restreint en mai 2021 les conditions de prescription de la Pr\u00e9gabaline, qui est d\u00e9sormais limit\u00e9e \u00e0 six mois et fait l\u2019objet d\u2019une <strong>ordonnance s\u00e9curis\u00e9e et infalsifiable<\/strong>.<\/p>\n<p> <img decoding=\"async\" alt=\"\" class=\"img-align-center\" data-zoomable=\"\" height=\"1500\" loading=\"lazy\" src=\"https:\/\/www.europesays.com\/fr\/wp-content\/uploads\/2025\/10\/roubaud-bis.jpg\" width=\"2000\"\/> \u00a9 D.T. &#8211; Pour Me Pascal Roubaud, en d\u00e9fense \u00e9galement, les mis en cause \u00ab n\u2019avaient pas la conscience aigu\u00eb de la gravit\u00e9 de la situation \u00bb.\u00a0 <\/p>\n<p>Le 19 avril 2024, l\u2019affaire allait rebondir avec de <strong>nouvelles saisies<\/strong>. Les investigations successivement diligent\u00e9es via des filatures et des <a href=\"https:\/\/mesinfos.fr\/auvergne-rhone-alpes\/villefranche-un-trafic-de-stupefiants-revele-par-des-ecoutes-telephoniques-122855.html\" rel=\"noopener nofollow\" target=\"_blank\">\u00e9coutes t\u00e9l\u00e9phoniques<\/a> allaient r\u00e9v\u00e9ler que le trafic existait depuis 2022. Avec des r\u00f4les bien d\u00e9finis.\u00a0<\/p>\n<p> \u00ab\u00a0Entre 7 et 10 euros de b\u00e9n\u00e9fice\u00a0\u00bb par bo\u00eete vendue <\/p>\n<p>A l\u2019heure du proc\u00e8s, quatre des mis en cause, tous d\u00e9tenus \u00e0 ce jour, ont globalement reconnu les faits, parfois en les minimisant. \u00ab\u00a0Je sais que c\u2019est ill\u00e9gal, mais je ne pensais pas que \u00e7a m\u2019enverrait en prison. Je ne savais pas que c\u2019\u00e9tait un m\u00e9dicament dangereux\u00a0\u00bb, a argu\u00e9 Abdelkrim Benameur. <\/p>\n<p>Daya Eddine Akaab se faisait livrer les colis par son fr\u00e8re depuis la Gr\u00e8ce. Il a reconnu qu\u2019il faisait \u00ab\u00a0entre 7 et 10 euros de b\u00e9n\u00e9fice\u00a0\u00bb par bo\u00eete vendue. Anis Merazga, l\u2019un des chefs pr\u00e9sum\u00e9s du r\u00e9seau, a revu les quantit\u00e9s \u00e0 la baisse : \u00ab\u00a0C\u2019est vrai que j\u2019ach\u00e8te mais j\u2019ach\u00e8te pas beaucoup !\u00a0\u00bb Yacoub Saker a tent\u00e9 de se placer au bas du spectre : \u00ab Oui, je reconnais, mais je n\u2019ai rien \u00e0 voir avec un d\u00e9lit international. A la base, je suis un consommateur \u00bb. Il s\u2019est dit \u00e9galement, en cours d\u2019instruction, \u00ab\u00a0menac\u00e9\u00a0\u00bb sur la foi d\u2019une \u00ab\u00a0dette\u00a0\u00bb, mais au jour du proc\u00e8s, il ne sait plus trop bien et ne d\u00e9signe plus Merazga&#8230;\u00a0qu\u2019il d\u00e9signait hier. Sans doute un des effets m\u00e9dicamenteux de la Pr\u00e9gabaline\u2026<\/p>\n<p>  Une \u00e9coute : \u00ab\u00a0Il suffit de deux ou trois voyages pour se refaire une sant\u00e9\u00a0\u00bb <\/p>\n<p>Les messages intercept\u00e9s ont pourtant permis d\u2019apprendre que les trafiquants faisaient parfois deux voyages par semaine, le lundi et le mercredi, ce que l\u2019un d\u2019eux, un rien nostalgique, allait qualifier de \u00ab\u00a0belle \u00e9poque\u00a0\u00bb. Les mis en cause \u00e9taient d\u2019ailleurs \u00e0 peine d\u00e9stabilis\u00e9s, d\u00e8s lors qu\u2019une \u00ab\u00a0mule\u00a0\u00bb \u00e9tait intercept\u00e9e. \u00ab\u00a0Il suffit de deux ou trois voyages pour se refaire une sant\u00e9\u00a0\u00bb, allait nous apprendre une des \u00e9coutes r\u00e9alis\u00e9es. <\/p>\n<p>Le myst\u00e9rieux Khaled Akaab, toujours en fuite <\/p>\n<p>Dans le r\u00e9seau ainsi mis au jour, deux <strong>fili\u00e8res <\/strong>sont apparues : le transport a\u00e9rien par \u00ab\u00a0mules\u00a0\u00bb, mais aussi le <a href=\"https:\/\/mesinfos.fr\/du-havre-aux-antilles-les-nouvelles-routes-d-un-narcotrafic-qui-s-adapte-215108.html\" rel=\"noopener nofollow\" target=\"_blank\">fret postal<\/a>, avec des faux noms et des adresses tiers, afin de pouvoir <strong>r\u00e9cup\u00e9rer les colis sans difficult\u00e9<\/strong>. Et encore deux voies de trafic : la fili\u00e8re Benameur et la fili\u00e8re Akaab. Anis Merazga est apparu comme le d\u00e9nominateur commun des deux fili\u00e8res. <\/p>\n<p>Khaled Akaab, d\u00e9sign\u00e9 comme \u00ab\u00a0le fournisseur le plus haut\u00a0\u00bb par l\u2019accusation, est<strong> en fuite<\/strong>, il est sous le coup d\u2019un <strong>mandat d\u2019arr\u00eat<\/strong>, il n\u2019a pu \u00eatre identifi\u00e9 ni en Gr\u00e8ce ni en France. Il n\u2019a donc pas davantage pu \u00eatre entendu par le tribunal. Quant \u00e0 la \u00ab\u00a0mule\u00a0\u00bb, elle ne s\u2019est pas pr\u00e9sent\u00e9e devant le tribunal, arguant d\u2019une peur irr\u00e9pressible de l\u2019avion\u2026\u00a0<\/p>\n<p> Des r\u00e9quisitions de 18 mois \u00e0 5 ans ferme contre les six pr\u00e9venus <\/p>\n<p>Contre elle, le procureur a r\u00e9clam\u00e9 18 mois de prison. Contre les quatre autres, ce sont des peines de 18 mois \u00e0 4 ans ferme qui ont \u00e9t\u00e9 r\u00e9clam\u00e9es, assorties d\u2019une <strong>interdiction du territoire fran\u00e7ais<\/strong> pour une dur\u00e9e de 5 ans et d\u2019un maintien en d\u00e9tention. Contre Khaled Akaab, en fuite, c\u2019est une peine de 5 ans ferme et le renouvellement des effets du mandat d\u2019arr\u00eat qui ont \u00e9t\u00e9 sollicit\u00e9s par le procureur Lourgouilloux.\u00a0 <\/p>\n<p> <img decoding=\"async\" alt=\"\" class=\"img-align-center\" data-zoomable=\"\" height=\"1500\" loading=\"lazy\" src=\"https:\/\/www.europesays.com\/fr\/wp-content\/uploads\/2025\/10\/pregabaline-bis.jpg\" width=\"2000\"\/> \u00a9 D.T. &#8211; La Pr\u00e9gabaline est souvent prescrite contre les crises d\u2019\u00e9pilepsie, les troubles anxieux g\u00e9n\u00e9ralis\u00e9s et les douleurs neuropathiques.\u00a0 La d\u00e9fense demande au tribunal de \u00ab\u00a0ne pas faire des exemples\u00a0\u00bb <\/p>\n<p>En d\u00e9fense, <strong>Me Pascal Roubaud<\/strong> a fait valoir que les mis en cause \u00ab\u00a0n\u2019avaient pas la conscience aigu\u00eb de la gravit\u00e9 de la situation\u00a0\u00bb. Il a tent\u00e9 de ramener les peines \u00e0 de plus justes proportions. Il a surtout invit\u00e9 le tribunal \u00ab\u00a0\u00e0 ne pas faire des exemples avec ce dossier\u00a0\u00bb. \u00ab\u00a0Presque tous les d\u00e9sirs du pauvre sont punis de prison\u00a0\u00bb, glissera <strong>Me Maximilien Neymon<\/strong>, citant Louis-Ferdinand C\u00e9line, en insistant sur le fait que \u00ab\u00a0la mis\u00e8re suinte de partout\u00a0\u00bb dans cette affaire. Il niera l\u2019existence d\u2019une <strong>bande organis\u00e9e<\/strong>. <\/p>\n<p><strong>Me Bruce Blanc<\/strong> \u00e9voquera lui aussi la \u00ab\u00a0pr\u00e9carit\u00e9\u00a0\u00bb de son client et \u00ab\u00a0sa tentation de l\u2019\u00e9conomie parall\u00e8le\u00a0\u00bb en allant \u00ab\u00a0vers un commerce qui est prohib\u00e9\u00a0\u00bb. Un homme, plaidera-t-il, qui a eu \u00ab\u00a0le malheur de prendre en marche le train de la pauvret\u00e9\u00a0\u00bb.<\/p>\n<p> Une amende douani\u00e8re de 601 636 euros \u00e0 payer solidairement <\/p>\n<p>Le tribunal a finalement condamn\u00e9 la \u00ab\u00a0mule\u00a0\u00bb \u00e0 18 mois de prison, dont 6 avec sursis. Contre les quatre hommes d\u00e9tenus, il a prononc\u00e9 des peines qui vont de 18 mois de prison, dont 9 avec sursis, \u00e0 3 ans, dont 18 mois avec sursis. <\/p>\n<p>Khaled Akaab, en fuite, a \u00e9cop\u00e9 de 30 mois ferme et le tribunal a r\u00e9activ\u00e9 les effets du mandat d\u2019arr\u00eat. Les juges ont aussi prononc\u00e9 trois interdictions du territoire fran\u00e7ais pour une dur\u00e9e de 5 ans. Enfin, les six pr\u00e9venus devront acquitter solidairement une amende douani\u00e8re de 601 636 euros, soit une fois la valeur de la marchandise saisie.\u00a0<\/p>\n","protected":false},"excerpt":{"rendered":"\u00ab\u00a0Remonter aussi haut que l\u2019on peut, motiver les services enqu\u00eateurs, chercher les fournisseurs\u2026 Malheureusement, un pan du dossier&hellip;\n","protected":false},"author":2,"featured_media":449466,"comment_status":"","ping_status":"","sticky":false,"template":"","format":"standard","meta":{"footnotes":""},"categories":[2814],"tags":[1111,11,1052,1777,674,1011,27,42559,884,5507,12,5927,882,25,10900,1097,56157],"class_list":{"0":"post-449465","1":"post","2":"type-post","3":"status-publish","4":"format-standard","5":"has-post-thumbnail","7":"category-marseille","8":"tag-actu","9":"tag-actualites","10":"tag-drogue","11":"tag-eu","12":"tag-europe","13":"tag-fr","14":"tag-france","15":"tag-marchu00e9","16":"tag-marseille","17":"tag-mu00e9dicaments","18":"tag-news","19":"tag-procu00e8s","20":"tag-provence-alpes-cote-dazur","21":"tag-republique-francaise","22":"tag-saisie","23":"tag-trafic","24":"tag-tribunaux"},"share_on_mastodon":{"url":"https:\/\/pubeurope.com\/@fr\/115343028845952410","error":""},"_links":{"self":[{"href":"https:\/\/www.europesays.com\/fr\/wp-json\/wp\/v2\/posts\/449465","targetHints":{"allow":["GET"]}}],"collection":[{"href":"https:\/\/www.europesays.com\/fr\/wp-json\/wp\/v2\/posts"}],"about":[{"href":"https:\/\/www.europesays.com\/fr\/wp-json\/wp\/v2\/types\/post"}],"author":[{"embeddable":true,"href":"https:\/\/www.europesays.com\/fr\/wp-json\/wp\/v2\/users\/2"}],"replies":[{"embeddable":true,"href":"https:\/\/www.europesays.com\/fr\/wp-json\/wp\/v2\/comments?post=449465"}],"version-history":[{"count":0,"href":"https:\/\/www.europesays.com\/fr\/wp-json\/wp\/v2\/posts\/449465\/revisions"}],"wp:featuredmedia":[{"embeddable":true,"href":"https:\/\/www.europesays.com\/fr\/wp-json\/wp\/v2\/media\/449466"}],"wp:attachment":[{"href":"https:\/\/www.europesays.com\/fr\/wp-json\/wp\/v2\/media?parent=449465"}],"wp:term":[{"taxonomy":"category","embeddable":true,"href":"https:\/\/www.europesays.com\/fr\/wp-json\/wp\/v2\/categories?post=449465"},{"taxonomy":"post_tag","embeddable":true,"href":"https:\/\/www.europesays.com\/fr\/wp-json\/wp\/v2\/tags?post=449465"}],"curies":[{"name":"wp","href":"https:\/\/api.w.org\/{rel}","templated":true}]}}