{"id":449501,"date":"2025-10-09T07:48:19","date_gmt":"2025-10-09T07:48:19","guid":{"rendered":"https:\/\/www.europesays.com\/fr\/449501\/"},"modified":"2025-10-09T07:48:19","modified_gmt":"2025-10-09T07:48:19","slug":"on-va-saccrocher-et-on-va-le-faire-le-petit-promu-montauban-souffre-mais-na-pas-lintention-de-baisser-les-bras","status":"publish","type":"post","link":"https:\/\/www.europesays.com\/fr\/449501\/","title":{"rendered":"\u00abOn va s\u2019accrocher et on va le faire\u00bb, le petit promu Montauban souffre mais n\u2019a pas l\u2019intention de baisser les bras"},"content":{"rendered":"<p>\n    Invit\u00e9 surprise en Top 14 cette saison, le club du Tarn-et-Garonne conna\u00eet des d\u00e9buts difficiles pour son retour dans l\u2019\u00e9lite. Mais l\u2019USM croit dur comme fer au maintien et entend faire d\u00e9jouer les pronostics.<\/p>\n<p class=\"fig-paragraph\">De\u00a0<a href=\"http:\/\/www.lefigaro.fr\/sports\/rugby\/top-14\/pro-d2-heroique-montauban-retrouve-le-top-14-apres-sa-victoire-a-grenoble-20250607\" data-fig-type=\"NewsFlash\" data-gtm-custom-categorie=\"navigation\" data-gtm-custom-action=\"crossclick\" data-gtm-custom-label=\"Contextuel\" data-gtm-event=\"customEventSPE\" data-fig-domain=\"LEFIGARO\" target=\"_blank\" rel=\"noopener\">l\u2019euphorie d\u2019une \u00e9pop\u00e9e fabuleuse en Pro D2<\/a>\u00a0\u00e0 la dure r\u00e9alit\u00e9 du Top 14. Montauban, en se hissant \u00e0 la surprise g\u00e9n\u00e9rale dans l\u2019\u00e9lite du rugby pro fran\u00e7ais, se doutait que les choses allaient \u00eatre dures. Plus que compliqu\u00e9es. Et que l\u2019op\u00e9ration maintien rel\u00e8verait d\u2019un petit miracle. Les premiers r\u00e9sultats n\u2019ont fait que confirmer les pr\u00e9dictions\u00a0: apr\u00e8s cinq journ\u00e9es, l\u2019USM n\u2019a glan\u00e9 que deux points, \u00e0 la faveur d\u2019<a href=\"http:\/\/www.lefigaro.fr\/sports\/rugby\/top-14\/top-14-montauban-frustre-pau-leader-provisoire-20250927\" data-fig-type=\"NewsFlash\" data-gtm-custom-categorie=\"navigation\" data-gtm-custom-action=\"crossclick\" data-gtm-custom-label=\"Contextuel\" data-gtm-event=\"customEventSPE\" data-fig-domain=\"LEFIGARO\" target=\"_blank\" rel=\"noopener\">un nul conc\u00e9d\u00e9 sur le fil face \u00e0 Montpellier (22-22)<\/a>. \u00abOn a un groupe qui est estampill\u00e9 Pro D2, qui n\u2019a pas \u00e9t\u00e9 chang\u00e9, on n\u2019a eu que deux recrues apr\u00e8s le titre. On savait que \u00e7a allait \u00eatre difficile, reconna\u00eet le manager tar-et-garonnais\u00a0<a href=\"http:\/\/www.lefigaro.fr\/sports\/rugby\/pro-d2-tillous-borde-nomme-entraineur-principal-de-montauban-20240701\" data-fig-type=\"NewsFlash\" data-gtm-custom-categorie=\"navigation\" data-gtm-custom-action=\"crossclick\" data-gtm-custom-label=\"Contextuel\" data-gtm-event=\"customEventSPE\" data-fig-domain=\"LEFIGARO\" target=\"_blank\" rel=\"noopener\">S\u00e9bastien Tillous-Borde<\/a>. Mais je ne suis pas trop inquiet. On va travailler fort pour gagner nos matchs \u00e0 la maison.\u00bb\u00a0<\/p>\n<p class=\"fig-paragraph\">Et\u00a0<a href=\"https:\/\/www.lefigaro.fr\/sports\/rugby\/top-14\/actualites\/tillous-borde-sur-une-remontee-de-toulon-vous-allez-me-prendre-pour-un-fou-mais-j-y-crois-942583\" data-fig-type=\"Article\" data-gtm-custom-categorie=\"navigation\" data-gtm-custom-action=\"crossclick\" data-gtm-custom-label=\"Contextuel\" data-gtm-event=\"customEventSPE\" data-fig-domain=\"LEFIGARO\" target=\"_blank\" rel=\"noopener\">l\u2019ancien demi de m\u00eal\u00e9e international<\/a>\u00a0(19 s\u00e9lections), qui a notamment \u00e9volu\u00e9 \u00e0 Castres et Toulon, de faire les premiers comptes\u00a0: \u00abOn est pass\u00e9s tr\u00e8s proche contre Lyon, tr\u00e8s proche contre Montpellier. Maintenant, contre Castres ce week-end, il faut gagner le match. On a le caract\u00e8re. Le groupe a v\u00e9cu des choses la saison derni\u00e8re, des \u00e9motions fortes vers le haut, vers le bas. On est capables sur une saison, d\u2019aller chercher ce qu\u2019on a envie de chercher, le maintien. Donc on va s\u2019accrocher et on va le faire.\u00bb\u00a0<\/p>\n<blockquote class=\"fig-quote&#10;    \">\n<p class=\"fig-quote__text\">Il faut changer cet \u00e9tat d\u2019esprit \u00e0 l\u2019ext\u00e9rieur. On ne peut pas pr\u00e9tendre \u00e0 se maintenir en Top 14 en prenant 200 points comme sur les trois derniers matches<\/p>\n<p>            J\u00e9r\u00f4me Bosviel\n    <\/p><\/blockquote>\n<p>                                    <a class=\"fig-a11y-skip a11y-hidden\" href=\"#fig-a11y-skip-main-inarticle\"><br \/>\n        Passer la publicit\u00e9<br \/>\n    <\/a><\/p>\n<p class=\"fig-paragraph\">Un credo partag\u00e9 par l\u2019ouvreur\u00a0<a href=\"https:\/\/www.lefigaro.fr\/sports\/rugby\/pro-d2\/fil-info\/bosviel-prolonge-officiellement-a-montauban-898904\" data-fig-type=\"NewsFlash\" data-gtm-custom-categorie=\"navigation\" data-gtm-custom-action=\"crossclick\" data-gtm-custom-label=\"Contextuel\" data-gtm-event=\"customEventSPE\" data-fig-domain=\"LEFIGARO\" target=\"_blank\" rel=\"noopener\">J\u00e9r\u00f4me Bosviel<\/a>, ic\u00f4ne de la Pro D2 depuis son arriv\u00e9e \u00e0 l\u2019USM en 2016. \u00abOn ne va pas abandonner et se dire qu\u2019on descend en Pro D2 au bout de la cinqui\u00e8me journ\u00e9e. On a vu sur les quatre premi\u00e8res journ\u00e9es, m\u00eame \u00e0 Clermont (malgr\u00e9\u00a0<a href=\"http:\/\/www.lefigaro.fr\/sports\/rugby\/top-14\/top-14-le-stade-francais-enfonce-perpignan-clermont-humilie-montauban-le-racing-92-craque-sur-le-fil-a-castres-tous-les-resultats-du-multiplex-20251004\" data-fig-type=\"NewsFlash\" data-gtm-custom-categorie=\"navigation\" data-gtm-custom-action=\"crossclick\" data-gtm-custom-label=\"Contextuel\" data-gtm-event=\"customEventSPE\" data-fig-domain=\"LEFIGARO\" target=\"_blank\" rel=\"noopener\">le lourd revers 84-31<\/a>, NDLR), qu\u2019on peut mettre notre jeu en place, mettre \u00e0 mal les meilleures \u00e9quipes de France et d\u2019Europe. Donc on va garder cette envie de jouer, mais on va essayer de gommer le plus rapidement possible nos erreurs, surtout d\u00e9fensives, pour exister dans le Top 14\u00bb, positive, \u00e0 35 ans, celui qui a \u00e9t\u00e9 \u00e9lu meilleur joueur du dernier exercice en deuxi\u00e8me division.<\/p>\n<p class=\"fig-body-link\">\n            \u00c0 lire aussi<br \/>\n        <a class=\"fig-body-link__link\" href=\"http:\/\/www.lefigaro.fr\/sports\/rugby\/top-14\/top-14-plus-petit-budget-turnovers-concedes-etat-d-esprit-le-chemin-de-croix-du-promu-montauban-a-commence-20250926\" data-fig-type=\"NewsFlash\" data-gtm-custom-categorie=\"navigation\" data-gtm-custom-action=\"crossclick\" data-gtm-custom-label=\"Contextuel\" data-gtm-event=\"customEventSPE\" data-fig-domain=\"LEFIGARO\" target=\"_blank\" rel=\"noopener\">Top 14\u00a0: plus petit budget, turnovers conc\u00e9d\u00e9s, \u00e9tat d\u2019esprit&#8230; Le chemin de croix du promu Montauban a commenc\u00e9<br \/>\n    <\/a>\n<\/p>\n<p class=\"fig-paragraph\">Avec \u00e9videmment des r\u00e9glages \u00e0 trouver. \u00abOn a deux visages. Celui \u00e0 domicile o\u00f9 l\u2019on montre un bon Montauban et on m\u00e9rite peut-\u00eatre plus de victoires que de matchs nuls ou de d\u00e9faites. Mais il faut changer aussi cet \u00e9tat d\u2019esprit \u00e0 l\u2019ext\u00e9rieur. On ne peut pas pr\u00e9tendre \u00e0 se maintenir en Top 14 en prenant 200 points comme sur les trois derniers matches\u00bb, pointe du doigt l\u2019ouvreur montalbanais.<\/p>\n<p class=\"fig-paragraph\">Le Petit Poucet de l\u2019\u00e9lite &#8211; avec son maigre budget de 14 millions d\u2019euros (loin derri\u00e8re les 23 M\u20ac de Perpignan, 13e) &#8211; n\u2019entend pas baisser les bras. Et jouer les victimes expiatoires pour les gros bras du Top 14. \u00abS\u2019il y en a qui se d\u00e9couragent, j\u2019arr\u00eate d\u2019entra\u00eener, sourit\u00a0<a href=\"http:\/\/www.lefigaro.fr\/sports\/rugby\/top-14\/pro-d2-on-n-etait-pas-prets-a-monter-mais-on-va-y-aller-assure-sebastien-tillous-borde-entraineur-de-montauban-20250607\" data-fig-type=\"NewsFlash\" data-gtm-custom-categorie=\"navigation\" data-gtm-custom-action=\"crossclick\" data-gtm-custom-label=\"Contextuel\" data-gtm-event=\"customEventSPE\" data-fig-domain=\"LEFIGARO\" target=\"_blank\" rel=\"noopener\">S\u00e9bastien Tillous-Borde<\/a>. On n\u2019en est qu\u2019\u00e0 la cinqui\u00e8me journ\u00e9e. La premi\u00e8re chose qui a \u00e9t\u00e9 peut-\u00eatre difficile pour nos joueurs, quand on va jouer \u00e0 l\u2019ext\u00e9rieur, cela a \u00e9t\u00e9 d\u2019arriver \u00e0 prendre la mesure de ce Top 14. De ne pas trop \u00ab\u00a0bader\u00a0\u00bb (admirer) les \u00e9quipes en face et les grands stades&#8230;\u00bb\u00a0<\/p>\n<p>    S\u00e9bastien Tillous-Borde et ses adjoints, \u00e9lus meilleur staff de Pro D2 en 2024-2025.<br \/>\n                LNR<\/p>\n<p class=\"fig-paragraph\">Et le technicien de 40 ans d\u2019insister\u00a0: \u00abC\u2019est une \u00e9quipe qui va beaucoup apprendre cette saison. Je sais qu\u2019au fond, mes joueurs sont capables de le faire, donc on doit aller chercher \u00e7a. C\u2019est mon r\u00f4le, le r\u00f4le du staff, d\u2019aller chercher \u00e7a et de leur permettre de chercher \u00e7a.\u00bb<\/p>\n<p class=\"fig-paragraph\">Le champion de Pro D2 a d\u00fb vite dig\u00e9rer les agapes du titre de la deuxi\u00e8me division et se pr\u00e9parer \u00e0 sa premi\u00e8re remont\u00e9e depuis 15 ans. \u00abLe Top 14, ce sont des joueurs qui sont plus costauds, \u00e7a va bien plus vite, donc il a fallu se pr\u00e9parer assez rapidement, reconna\u00eet J\u00e9r\u00f4me Bosviel. On a eu un mois de vacances, mais on a switch\u00e9 tr\u00e8s rapidement sur le Top 14 parce qu\u2019on n\u2019a pas envie de faire de la figuration dans le plus beau championnat du monde.\u00bb D\u2019aucuns avancent n\u00e9anmoins que le championnat de France est d\u00e9j\u00e0 devenu \u00e0 un Top 12, avec Montauban et Perpignan condamn\u00e9s aux deux derni\u00e8res places.<\/p>\n<blockquote class=\"fig-quote&#10;    \">\n<p class=\"fig-quote__text\">Aujourd\u2019hui, il y a le championnat de Perpignan et de Montauban, c\u2019est ce que disent les m\u00e9dias. Ils ont peut-\u00eatre raison, ils ont peut-\u00eatre tort.<\/p>\n<p>            S\u00e9bastien Tillous-Borde\n    <\/p><\/blockquote>\n<p>                                    <a class=\"fig-a11y-skip a11y-hidden\" href=\"#fig-a11y-skip-main-inarticle_mtf\"><br \/>\n        Passer la publicit\u00e9<br \/>\n    <\/a><\/p>\n<p class=\"fig-paragraph\">\u00abJe peux comprendre cela, c\u2019est normal, acquiesce le manager montalbanais. Aujourd\u2019hui, il y a le championnat de Perpignan et de Montauban, c\u2019est ce que disent les m\u00e9dias. Ils ont peut-\u00eatre raison, ils ont peut-\u00eatre tort. Ce qui est important, c\u2019est qu\u2019\u00e0 l\u2019int\u00e9rieur du groupe et dans notre staff, on ait notre vision, qu\u2019on ait notre objectif \u00e0 atteindre et qu\u2019on l\u2019atteigne.\u00bb<\/p>\n<p class=\"fig-paragraph\">Le tout est de savoir si la d\u00e9b\u00e2cle historique conc\u00e9d\u00e9e sur la pelouse de l\u2019ASM aura laiss\u00e9 des traces, avant la r\u00e9ception d\u00e9j\u00e0 cruciale de Castres samedi \u00e0 Sapiac. \u00abOn a d\u00e9brief\u00e9 lundi matin, \u00e7a a \u00e9t\u00e9 un peu dur, un peu rude. Mais c\u2019est comme dans tous les clubs quand on perd, et quand on perd de cette mani\u00e8re, reconna\u00eet S\u00e9bastien Tillous-Borde. Maintenant, on va bien construire notre match, on a des entra\u00eenements mardi et mercredi, et je sais d\u00e9j\u00e0 que les joueurs sont pr\u00eats avant qu\u2019ils s\u2019entra\u00eenent. On va mettre l\u2019intensit\u00e9 qu\u2019on doit mettre pour gagner ce match.\u00bb<\/p>\n<p>    J\u00e9r\u00f4me Bosviel, aux c\u00f4t\u00e9s de Richard Gasquet, re\u00e7oit son prix de meilleur joueur de Pro D2 \u00e0 la Nuit du Rugby.<br \/>\n                FEP \/ Icon Sport<\/p>\n<p class=\"fig-paragraph\">Et J\u00e9r\u00f4me Bosvial de marteler\u00a0: \u00abMontauban est une ville forte du rugby fran\u00e7ais. Tout le monde conna\u00eet Sapiac. On est mont\u00e9s en Top 14, le club n\u2019\u00e9tait pas pr\u00eat, mais maintenant qu\u2019on y est, on va essayer de tout faire pour y rester. L\u2019objectif, c\u2019est de se maintenir.\u00bb Dans sa qu\u00eate folle, Montauban a d\u00e9j\u00e0 deux points d\u2019avance au classement sur Perpignan, lanterne rouge qui se tra\u00eene \u00e0 z\u00e9ro point et qui, en plus, a d\u00e9j\u00e0 piqu\u00e9\u00a0<a href=\"http:\/\/www.lefigaro.fr\/sports\/rugby\/top-14\/top-14-crise-a-perpignan-vers-un-depart-de-l-entraineur-david-marty-20251006\" data-fig-type=\"NewsFlash\" data-gtm-custom-categorie=\"navigation\" data-gtm-custom-action=\"crossclick\" data-gtm-custom-label=\"Contextuel\" data-gtm-event=\"customEventSPE\" data-fig-domain=\"LEFIGARO\" target=\"_blank\" rel=\"noopener\">sa crise en se s\u00e9parant de deux membres de son staff.<\/a><\/p>\n<p class=\"fig-body-link\">\n            \u00c0 lire aussi<br \/>\n        <a class=\"fig-body-link__link\" href=\"http:\/\/www.lefigaro.fr\/sports\/rugby\/top-14\/rugby-si-c-etait-a-refaire-je-ferais-differemment-reconnait-fabien-galthie-apres-les-violentes-critiques-de-fred-quercy-20251008\" data-fig-type=\"NewsFlash\" data-gtm-custom-categorie=\"navigation\" data-gtm-custom-action=\"crossclick\" data-gtm-custom-label=\"Contextuel\" data-gtm-event=\"customEventSPE\" data-fig-domain=\"LEFIGARO\" target=\"_blank\" rel=\"noopener\">Rugby\u00a0: \u00abSi c\u2019\u00e9tait \u00e0 refaire, je ferais diff\u00e9remment\u00bb, reconna\u00eet Fabien Galthi\u00e9 apr\u00e8s les violentes critiques de Fred Quercy<br \/>\n    <\/a>\n<\/p>\n<p class=\"fig-paragraph\">L\u2019USM conna\u00eet aussi des remous avec l\u2019affaire entre son capitaine\u00a0<a href=\"http:\/\/www.lefigaro.fr\/sports\/rugby\/top-14\/top-14-a-montauban-on-s-en-fout-un-peu-de-tout-on-vit-le-vrai-moment-devoile-fred-quercy-le-capitaine-du-promu-20250902\" data-fig-type=\"NewsFlash\" data-gtm-custom-categorie=\"navigation\" data-gtm-custom-action=\"crossclick\" data-gtm-custom-label=\"Contextuel\" data-gtm-event=\"customEventSPE\" data-fig-domain=\"LEFIGARO\" target=\"_blank\" rel=\"noopener\">Fred Quercy<\/a>\u00a0et\u00a0<a href=\"http:\/\/www.lefigaro.fr\/sports\/rugby\/6-nations\/gagner-le-tournoi-est-un-grand-bonheur-et-un-soulagement-fabien-galthie-fixe-le-cap-pour-la-coupe-du-monde-en-australie-20250318\" data-fig-type=\"Article\" data-gtm-custom-categorie=\"navigation\" data-gtm-custom-action=\"crossclick\" data-gtm-custom-label=\"Contextuel\" data-gtm-event=\"customEventSPE\" data-fig-domain=\"LEFIGARO\" target=\"_blank\" rel=\"noopener\">le s\u00e9lectionneur national Fabien Galthi\u00e9<\/a>. Mais \u00abcela n\u2019affecte pas le groupe parce qu\u2019on a du monde, avance Tillous-Borde. Fred, c\u2019est quelqu\u2019un qui dit les choses comme il les pense, donc il n\u2019a pas trop de filtres. C\u2019\u00e9tait peut-\u00eatre une erreur de le dire de cette mani\u00e8re-l\u00e0. Maintenant, il me tarde qu\u2019il reprenne parce qu\u2019on en a besoin. On a besoin de tout le monde, de toutes nos forces vives, que ce soit Fred ou les autres. Pour moi, maintenant, c\u2019est une affaire qui est derri\u00e8re moi.\u00bb<\/p>\n<p class=\"fig-paragraph\">Le manager sapiacain en profite pour titiller son capitaine, qui passera devant la commission de discipline le 15 octobre\u00a0: \u00abIl est focus, il veut rejouer. \u00c7a fait quatre semaines qu\u2019il n\u2019a pas jou\u00e9. Il a envie de jouer malgr\u00e9 ses 34 ans. Je crois qu\u2019il aimerait faire 20 ou 25 matchs par an mais j\u2019essaie de le retenir un peu parce qu\u2019il est vieux. Il est un peu fatigu\u00e9, donc on va l\u2019avoir frais pour ce week-end\u00a0!\u00bb<\/p>\n","protected":false},"excerpt":{"rendered":"Invit\u00e9 surprise en Top 14 cette saison, le club du Tarn-et-Garonne conna\u00eet des d\u00e9buts difficiles pour son retour&hellip;\n","protected":false},"author":2,"featured_media":449502,"comment_status":"","ping_status":"","sticky":false,"template":"","format":"standard","meta":{"footnotes":""},"categories":[1416],"tags":[515,1011,27,19054,479,1468,60],"class_list":{"0":"post-449501","1":"post","2":"type-post","3":"status-publish","4":"format-standard","5":"has-post-thumbnail","7":"category-rugby","8":"tag-fabien-galthie","9":"tag-fr","10":"tag-france","11":"tag-montauban","12":"tag-rugby","13":"tag-rugby-football","14":"tag-sports"},"share_on_mastodon":{"url":"https:\/\/pubeurope.com\/@fr\/115343111247124352","error":""},"_links":{"self":[{"href":"https:\/\/www.europesays.com\/fr\/wp-json\/wp\/v2\/posts\/449501","targetHints":{"allow":["GET"]}}],"collection":[{"href":"https:\/\/www.europesays.com\/fr\/wp-json\/wp\/v2\/posts"}],"about":[{"href":"https:\/\/www.europesays.com\/fr\/wp-json\/wp\/v2\/types\/post"}],"author":[{"embeddable":true,"href":"https:\/\/www.europesays.com\/fr\/wp-json\/wp\/v2\/users\/2"}],"replies":[{"embeddable":true,"href":"https:\/\/www.europesays.com\/fr\/wp-json\/wp\/v2\/comments?post=449501"}],"version-history":[{"count":0,"href":"https:\/\/www.europesays.com\/fr\/wp-json\/wp\/v2\/posts\/449501\/revisions"}],"wp:featuredmedia":[{"embeddable":true,"href":"https:\/\/www.europesays.com\/fr\/wp-json\/wp\/v2\/media\/449502"}],"wp:attachment":[{"href":"https:\/\/www.europesays.com\/fr\/wp-json\/wp\/v2\/media?parent=449501"}],"wp:term":[{"taxonomy":"category","embeddable":true,"href":"https:\/\/www.europesays.com\/fr\/wp-json\/wp\/v2\/categories?post=449501"},{"taxonomy":"post_tag","embeddable":true,"href":"https:\/\/www.europesays.com\/fr\/wp-json\/wp\/v2\/tags?post=449501"}],"curies":[{"name":"wp","href":"https:\/\/api.w.org\/{rel}","templated":true}]}}