{"id":449510,"date":"2025-10-09T07:55:11","date_gmt":"2025-10-09T07:55:11","guid":{"rendered":"https:\/\/www.europesays.com\/fr\/449510\/"},"modified":"2025-10-09T07:55:11","modified_gmt":"2025-10-09T07:55:11","slug":"jaurais-aime-la-garder-toute-ma-vie-julien-clerc-devaste-par-la-perte-de-ce-precieux-cadeau-signe-robert-badinter","status":"publish","type":"post","link":"https:\/\/www.europesays.com\/fr\/449510\/","title":{"rendered":"\u00ab\u00a0J&rsquo;aurais aim\u00e9 la garder toute ma vie\u00a0\u00bb : Julien Clerc d\u00e9vast\u00e9 par la perte de ce pr\u00e9cieux cadeau sign\u00e9 Robert Badinter"},"content":{"rendered":"<p>Ce jeudi 9 octobre 2025, la France rend un hommage solennel \u00e0<br \/>\n<a href=\"https:\/\/www.closermag.fr\/politique\/robert-badinter-ces-photos-touchantes-de-son-couple-avec-sa-femme-elisabeth-3585424\" target=\"_blank\" rel=\"noopener\"><br \/>\nRobert Badinter<\/a>, <strong>figure embl\u00e9matique de la<br \/>\njustice<\/strong> et artisan de l\u2019abolition de la peine de mort, en<br \/>\nl\u2019accueillant au <a href=\"https:\/\/www.closermag.fr\/politique\/robert-badinter-les-consignes-claires-de-sa-famille-sur-son-entree-au-pantheon-3536806\" target=\"_blank\" rel=\"noopener\"><br \/>\nPanth\u00e9on<\/a>, aux c\u00f4t\u00e9s des grands personnages de la Nation. Une<br \/>\ndate hautement symbolique, puisqu\u2019elle correspond \u00e0 l\u2019anniversaire<br \/>\nde la promulgation de la loi historique qu\u2019il avait port\u00e9e en 1981.<br \/>\n\u00c0 cette occasion, <strong>Julien Clerc<\/strong> interpr\u00e9tera sur<br \/>\nplace L\u2019Assassin assassin\u00e9, chanson embl\u00e9matique qu\u2019il<br \/>\navait d\u00e9di\u00e9e, il y a plus de quarante ans, \u00e0 ce combat<br \/>\nhumaniste.<\/p>\n<p>Dans les colonnes du <a href=\"https:\/\/www.leparisien.fr\/culture-loisirs\/musique\/je-pense-toujours-a-badinter-quand-je-la-chante-julien-clerc-interpretera-lassassin-assassine-au-pantheon-08-10-2025-SRYQFTUKXFBNLKCN6NEL25GQEM.php\" target=\"_blank\" rel=\"nofollow noopener\">Parisien<\/a>, le<br \/>\nchanteur confie l\u2019immense \u00e9motion qui l\u2019anime \u00e0 l\u2019id\u00e9e de chanter<br \/>\npour cet hommage national. Ce morceau, \u00e9crit par Jean-Loup Dabadie<br \/>\nsur une musique de <a href=\"https:\/\/www.closermag.fr\/people\/et-le-sxe-julien-clerc-evoque-sans-pudeur-sa-relation-avec-helene-29-ans-de-moins-que-lui-3573952\" target=\"_blank\" rel=\"noopener\"><br \/>\nJulien Clerc<\/a>, a profond\u00e9ment marqu\u00e9 les esprits au d\u00e9but des<br \/>\nann\u00e9es 1980, en pleine p\u00e9riode de d\u00e9bat sur la peine capitale. Mais<br \/>\nderri\u00e8re la fiert\u00e9 de participer \u00e0 cet hommage, le chanteur garde<br \/>\nune <strong>profonde nostalgie<\/strong> li\u00e9e \u00e0 sa relation avec<br \/>\nRobert Badinter.<\/p>\n<p>Julien Clerc se confie surs ce cadeau offert par Robert<br \/>\nBadinter<\/p>\n<p>Et pour cause : <a href=\"https:\/\/www.closermag.fr\/politique\/robert-badinter-est-mort-lhomme-politique-figure-du-combat-contre-la-peine-de-mort-avait-95-ans-3377203\" target=\"_blank\" rel=\"noopener\"><br \/>\nl\u2019ancien ministre de la Justice<\/a> l\u2019avait remerci\u00e9<br \/>\npersonnellement pour cette chanson devenue un symbole.<br \/>\n<strong>\u201cIl m\u2019avait \u00e9crit une lettre magnifique\u201d,<\/strong><br \/>\nse souvient l\u2019artiste, encore \u00e9mu. \u201cIl m\u2019avait dit quelque<br \/>\nchose comme : &lsquo;Votre chanson a fait bien plus que vingt conf\u00e9rences<br \/>\net trente discours&rsquo;\u201d. Un t\u00e9moignage rare, empreint de<br \/>\ngratitude et de respect, que le chanteur aurait voulu conserver<br \/>\ntoute sa vie.<\/p>\n<p>Malheureusement, ce pr\u00e9cieux courrier a \u00e9t\u00e9 \u00e9gar\u00e9 au fil des<br \/>\nann\u00e9es, sans doute lors d\u2019un d\u00e9m\u00e9nagement. \u201cJe lui ai avou\u00e9 un<br \/>\njour que je l\u2019avais perdu, et je lui ai dit combien j\u2019\u00e9tais d\u00e9sol\u00e9.<br \/>\nJ\u2019aurais aim\u00e9 la garder toute ma vie\u201d, confie-t-il avec<br \/>\nregret.<\/p>\n<p>Une c\u00e9r\u00e9monie qui promet une grande<br \/>\n\u00e9motion<\/p>\n<p>Pour le <a href=\"https:\/\/www.closermag.fr\/people\/julien-clerc-je-partirai-avant-le-chanteur-fait-de-rares-confidences-sur-son-histoire-avec-une-femme-bien-plus-jeune-que-lui-3554907\" target=\"_blank\" rel=\"noopener\"><br \/>\nchanteur Julien Clerc<\/a>, cette c\u00e9r\u00e9monie d\u2019hommage vient clore<br \/>\nsymboliquement ce lien particulier. \u201cJe me sens bien r\u00e9compens\u00e9<br \/>\nde pouvoir chanter aujourd\u2019hui pour lui. <strong>C\u2019est une mani\u00e8re<br \/>\nde lui rendre ce qu\u2019il m\u2019a offert\u201d.<\/strong><\/p>\n<p>Alors que la France s\u2019appr\u00eate \u00e0 c\u00e9l\u00e9brer la m\u00e9moire de Robert<br \/>\nBadinter, l\u2019\u00e9motion promet d\u2019\u00eatre \u00e0 son comble. <strong>La voix de<br \/>\nJulien Clerc,<\/strong> douce et engag\u00e9e, r\u00e9sonnera sous la coupole<br \/>\ndu Panth\u00e9on, rappelant que les mots, la musique et le courage<br \/>\npeuvent parfois changer le cours de l\u2019histoire. Un moment fort, \u00e0<br \/>\nl\u2019image de l\u2019homme qu\u2019il honore.<\/p>\n","protected":false},"excerpt":{"rendered":"Ce jeudi 9 octobre 2025, la France rend un hommage solennel \u00e0 Robert Badinter, figure embl\u00e9matique de la&hellip;\n","protected":false},"author":2,"featured_media":449511,"comment_status":"","ping_status":"","sticky":false,"template":"","format":"standard","meta":{"footnotes":""},"categories":[1359],"tags":[58,59,1011,27,1735,973,56676],"class_list":{"0":"post-449510","1":"post","2":"type-post","3":"status-publish","4":"format-standard","5":"has-post-thumbnail","7":"category-people","8":"tag-divertissement","9":"tag-entertainment","10":"tag-fr","11":"tag-france","12":"tag-julien-clerc","13":"tag-people","14":"tag-robert-badinter"},"share_on_mastodon":{"url":"https:\/\/pubeurope.com\/@fr\/115343138773268252","error":""},"_links":{"self":[{"href":"https:\/\/www.europesays.com\/fr\/wp-json\/wp\/v2\/posts\/449510","targetHints":{"allow":["GET"]}}],"collection":[{"href":"https:\/\/www.europesays.com\/fr\/wp-json\/wp\/v2\/posts"}],"about":[{"href":"https:\/\/www.europesays.com\/fr\/wp-json\/wp\/v2\/types\/post"}],"author":[{"embeddable":true,"href":"https:\/\/www.europesays.com\/fr\/wp-json\/wp\/v2\/users\/2"}],"replies":[{"embeddable":true,"href":"https:\/\/www.europesays.com\/fr\/wp-json\/wp\/v2\/comments?post=449510"}],"version-history":[{"count":0,"href":"https:\/\/www.europesays.com\/fr\/wp-json\/wp\/v2\/posts\/449510\/revisions"}],"wp:featuredmedia":[{"embeddable":true,"href":"https:\/\/www.europesays.com\/fr\/wp-json\/wp\/v2\/media\/449511"}],"wp:attachment":[{"href":"https:\/\/www.europesays.com\/fr\/wp-json\/wp\/v2\/media?parent=449510"}],"wp:term":[{"taxonomy":"category","embeddable":true,"href":"https:\/\/www.europesays.com\/fr\/wp-json\/wp\/v2\/categories?post=449510"},{"taxonomy":"post_tag","embeddable":true,"href":"https:\/\/www.europesays.com\/fr\/wp-json\/wp\/v2\/tags?post=449510"}],"curies":[{"name":"wp","href":"https:\/\/api.w.org\/{rel}","templated":true}]}}