{"id":449512,"date":"2025-10-09T07:56:13","date_gmt":"2025-10-09T07:56:13","guid":{"rendered":"https:\/\/www.europesays.com\/fr\/449512\/"},"modified":"2025-10-09T07:56:13","modified_gmt":"2025-10-09T07:56:13","slug":"christophe-wehrung-des-paysages-qui-attrapent-le-regard","status":"publish","type":"post","link":"https:\/\/www.europesays.com\/fr\/449512\/","title":{"rendered":"Christophe Wehrung, des paysages qui attrapent le regard"},"content":{"rendered":"<p class=\"article__intro\">C\u2019est un artiste connu dans la r\u00e9gion pour ses toiles aux couleurs chatoyantes, ses paysages dans lesquels on aimerait plonger, ou encore ses sculptures. Christophe Wehrung, peintre strasbourgeois, est men\u00e9 par son intuition de la couleur. Nous l\u2019avons rencontr\u00e9 \u00e0 l\u2019occasion d\u2019une exposition \u00e0 la Galerie L\u2019Estampe, de Strasbourg.<\/p>\n<p>\n      L\u2019actu des r\u00e9gions\n    <\/p>\n<p>\n      Chaque jour, un tour d\u2019horizon des principales infos de toutes les r\u00e9gions.\n    <\/p>\n<p>    France T\u00e9l\u00e9visions utilise votre adresse e-mail afin de vous envoyer la newsletter \u00ab\u00a0L\u2019actu des r\u00e9gions\u00a0\u00bb. Vous pouvez vous d\u00e9sinscrire \u00e0 tout moment via le lien en bas de cette newsletter. <a target=\"_blank\" href=\"https:\/\/www.francetelevisions.fr\/groupe\/confidentialite\/politique-de-confidentialite\/politique-de-confidentialite-de-france-televisions-6503\" rel=\"nofollow noopener\">Notre politique de confidentialit\u00e9<\/a><\/p>\n<p>\u201cEt votre tableau, vous l\u2019aimez toujours ? J\u2019ai entendu que vous l\u2019aviez accroch\u00e9 dans votre cuisine&#8230; pas de risque de taches de gras ?\u201d demande l\u2019artiste, tout sourire, \u00e0 une acheteuse, venue le rencontrer \u00e0 la galerie. Si l\u2019emplacement du tableau semble un peu incongrue \u00e0 Christophe Wehrung, sa propri\u00e9taire, V\u00e9ronique Boess, s\u2019empresse de le rassurer. Il faut dire que ce paysage de champs de bl\u00e9s, grand et lumineux, est un pr\u00e9cieux cadeau qu\u2019elle et son mari se sont offert pour leurs 40 ans de mariage. \u201cC\u2019est une vraie fen\u00eatre sur la nature\u201d, nous explique-t-elle. \u201cNous pourrons le transmettre \u00e0 nos enfants, c\u2019est important\u201d.\u00a0<\/p>\n<p>Des toiles color\u00e9es, lumineuses, avec \u201cdes paysages dans lesquels on a envie de plonger\u201d, assure H\u00e9l\u00e8ne Arrouays, galeriste de l\u2019Estampe. Et c\u2019est bien parce qu\u2019elle appr\u00e9cie le travail de Christophe Wehrung qu\u2019elle lui a sugg\u00e9r\u00e9, l\u2019an dernier, de r\u00e9aliser une vingtaine de toiles pour une exposition dans la capitale alsacienne cet automne. <\/p>\n<p>Pour les peindre, l\u2019artiste nous explique qu\u2019il les a quasiment commenc\u00e9es toutes en m\u00eame temps, pour qu\u2019elles se r\u00e9pondent. Une petite cuisine personnelle, qui prend du temps, \u201ccomme pour pr\u00e9parer un cassoulet\u201d, assure-t-il. \u00a0Christophe Wehrung n\u2019h\u00e9site d\u2019ailleurs pas \u00e0 donner dans l\u2019analogie culinaire. \u201cPour cette toile-ci, j\u2019ai l\u2019impression d\u2019avoir cuisin\u00e9 japonais, pour cette autre, un peu alsacien, et celle-l\u00e0, comme \u00e0 Toulouse\u201d.<\/p>\n<p>Mais au bout du compte, avoue-t-il, ce n\u2019est pas lui qui d\u00e9cide, c\u2019est le tableau qui choisit la direction dans laquelle son pinceau va aller. D\u2019o\u00f9 la n\u00e9cessit\u00e9 de prendre du recul, de peindre, dans son atelier strasbourgeois, en faisant en permanence cinq pas en arri\u00e8re et en regardant la toile dans un miroir, pour mieux la corriger, au besoin. \u00a0<\/p>\n<p>Ce dipl\u00f4m\u00e9 des Arts d\u00e9coratifs l\u2019avoue, pour lui, une toile n\u2019est termin\u00e9e que lorsqu\u2019elle est vendue. Et les ventes ne sont pas rares \u00e0 la Galerie l\u2019Estampe, de Strasbourg, o\u00f9 les morceaux de nature lumineuse de Christophe Wehrung resteront expos\u00e9s jusqu\u2019au 11 octobre.\u00a0<\/p>\n","protected":false},"excerpt":{"rendered":"C\u2019est un artiste connu dans la r\u00e9gion pour ses toiles aux couleurs chatoyantes, ses paysages dans lesquels on&hellip;\n","protected":false},"author":2,"featured_media":449513,"comment_status":"","ping_status":"","sticky":false,"template":"","format":"standard","meta":{"footnotes":""},"categories":[1358],"tags":[1348,1384,1385,1386,58,59,1011,27],"class_list":{"0":"post-449512","1":"post","2":"type-post","3":"status-publish","4":"format-standard","5":"has-post-thumbnail","7":"category-arts-et-design","8":"tag-arts","9":"tag-arts-and-design","10":"tag-arts-et-design","11":"tag-design","12":"tag-divertissement","13":"tag-entertainment","14":"tag-fr","15":"tag-france"},"share_on_mastodon":{"url":"https:\/\/pubeurope.com\/@fr\/115343142707195536","error":""},"_links":{"self":[{"href":"https:\/\/www.europesays.com\/fr\/wp-json\/wp\/v2\/posts\/449512","targetHints":{"allow":["GET"]}}],"collection":[{"href":"https:\/\/www.europesays.com\/fr\/wp-json\/wp\/v2\/posts"}],"about":[{"href":"https:\/\/www.europesays.com\/fr\/wp-json\/wp\/v2\/types\/post"}],"author":[{"embeddable":true,"href":"https:\/\/www.europesays.com\/fr\/wp-json\/wp\/v2\/users\/2"}],"replies":[{"embeddable":true,"href":"https:\/\/www.europesays.com\/fr\/wp-json\/wp\/v2\/comments?post=449512"}],"version-history":[{"count":0,"href":"https:\/\/www.europesays.com\/fr\/wp-json\/wp\/v2\/posts\/449512\/revisions"}],"wp:featuredmedia":[{"embeddable":true,"href":"https:\/\/www.europesays.com\/fr\/wp-json\/wp\/v2\/media\/449513"}],"wp:attachment":[{"href":"https:\/\/www.europesays.com\/fr\/wp-json\/wp\/v2\/media?parent=449512"}],"wp:term":[{"taxonomy":"category","embeddable":true,"href":"https:\/\/www.europesays.com\/fr\/wp-json\/wp\/v2\/categories?post=449512"},{"taxonomy":"post_tag","embeddable":true,"href":"https:\/\/www.europesays.com\/fr\/wp-json\/wp\/v2\/tags?post=449512"}],"curies":[{"name":"wp","href":"https:\/\/api.w.org\/{rel}","templated":true}]}}