{"id":449514,"date":"2025-10-09T07:57:09","date_gmt":"2025-10-09T07:57:09","guid":{"rendered":"https:\/\/www.europesays.com\/fr\/449514\/"},"modified":"2025-10-09T07:57:09","modified_gmt":"2025-10-09T07:57:09","slug":"a-louviers-relaxez-vous-avec-les-livres","status":"publish","type":"post","link":"https:\/\/www.europesays.com\/fr\/449514\/","title":{"rendered":"\u00c0 Louviers, relaxez-vous avec les livres"},"content":{"rendered":"<p>            Par<br \/>\n        <strong><br \/>\n            <a href=\"https:\/\/actu.fr\/auteur\/journaliste-louviers\" title=\"Consulter tous les articles de R\u00e9daction Louviers\" rel=\"nofollow noopener\" target=\"_blank\">R\u00e9daction Louviers<\/a><br \/>\n        <\/strong><\/p>\n<p>        Publi\u00e9 le<\/p>\n<p>            9 oct. 2025 \u00e0 9h50        <\/p>\n<p><b>La librairie Quai des mots <\/b>\u00e0 <a href=\"https:\/\/actu.fr\/normandie\/louviers_27375\" rel=\"nofollow noopener\" target=\"_blank\">Louviers<\/a>, en partenariat avec l\u2019association <b>La Papoterie litt\u00e9raire<\/b>, propose deux s\u00e9ances de <b>biblioth\u00e9rapie<\/b>, <b>vendredi\u00a010 et samedi 11\u00a0octobre<\/b>. Objectif\u2009: <b>d\u00e9couvrir les bienfaits des livres<\/b>.<\/p>\n<p>L\u00e2cher prise et pens\u00e9e positive<\/p>\n<p class=\" wall-content\"><b>Vendredi, de 18\u2009h \u00e0 19\u2009h<\/b>, Amandine Graechen, biblioth\u00e9rapeute, interviendra aupr\u00e8s des adultes pour une <b>s\u00e9ance de bibliorelax sur le l\u00e2cher prise.<\/b> Apr\u00e8s un temps de lecture o\u00f9 la \u00ab\u2009raconteuse\u2009\u00bb lira divers extraits, un temps d\u2019\u00e9changes sera propos\u00e9 avec les participants. \u00ab\u2009L\u2019id\u00e9e est d\u2019amener les gens \u00e0 parler de leurs \u00e9motions\u2009\u00bb, d\u00e9crit Amandine Graechen qui am\u00e8nera les auditeurs, \u00e0 la fin de la s\u00e9ance, \u00e0 un atelier cr\u00e9atif autour de l\u2019\u00e9criture.<\/p>\n<p class=\" wall-content\"><b>Samedi, de 10\u2009h\u200930 \u00e0 midi<\/b>, l\u2019atelier sera<b> r\u00e9serv\u00e9 aux enfants<\/b>. Le th\u00e8me est orient\u00e9 sur la pens\u00e9e positive afin de \u00ab\u2009poser un regard sur soi et le monde\u2009\u00bb. Apr\u00e8s la lecture d\u2019albums adapt\u00e9s \u00e0 l\u2019\u00e2ge des enfants, Amandine Graechen animera un temps d\u2019\u00e9changes afin d\u2019amener les enfants \u00e0 \u00ab\u2009relativiser les choses qui contrarient\u2009\u00bb. Les enfants pourront \u00e0 l\u2019issue de l\u2019atelier repartir avec un objet qu\u2019ils auront confectionn\u00e9.<\/p>\n<p>S\u00e9ances de biblioth\u00e9rapie, vendredi\u00a010 et samedi 11\u00a0octobre \u00e0 la librairie Quai des mots, 16 rue du Matrey \u00e0 Louviers. Tarif\u2009: 20\u00a0\u20ac (adulte), 15\u00a0\u20ac (enfant). Renseignements et r\u00e9servations\u2009: 02\u200932\u200940\u200928\u200984.<\/p>\n<p class=\" wall-content\">Personnalisez votre actualit\u00e9 en ajoutant vos villes et m\u00e9dias en favori avec <a href=\"https:\/\/moncompte.actu.fr\" title=\"D\u00e9couvez Mon Actu\" rel=\"nofollow noopener\" data-trk=\"{&quot;cta&quot;:{&quot;action&quot;:&quot;https:\\\/\\\/moncompte.actu.fr&quot;,&quot;category&quot;:&quot;mon compte&quot;,&quot;from&quot;:&quot;article footer&quot;,&quot;name&quot;:&quot;Mon actu&quot;,&quot;type&quot;:&quot;cta&quot;}}\" target=\"_blank\">Mon Actu<\/a>.<\/p>\n","protected":false},"excerpt":{"rendered":"Par R\u00e9daction Louviers Publi\u00e9 le 9 oct. 2025 \u00e0 9h50 La librairie Quai des mots \u00e0 Louviers, en&hellip;\n","protected":false},"author":2,"featured_media":449515,"comment_status":"","ping_status":"","sticky":false,"template":"","format":"standard","meta":{"footnotes":""},"categories":[1357],"tags":[1379,58,59,1011,27,1380,1652],"class_list":{"0":"post-449514","1":"post","2":"type-post","3":"status-publish","4":"format-standard","5":"has-post-thumbnail","7":"category-livres","8":"tag-books","9":"tag-divertissement","10":"tag-entertainment","11":"tag-fr","12":"tag-france","13":"tag-livres","14":"tag-loisirs-culture"},"share_on_mastodon":{"url":"https:\/\/pubeurope.com\/@fr\/115343146675461017","error":""},"_links":{"self":[{"href":"https:\/\/www.europesays.com\/fr\/wp-json\/wp\/v2\/posts\/449514","targetHints":{"allow":["GET"]}}],"collection":[{"href":"https:\/\/www.europesays.com\/fr\/wp-json\/wp\/v2\/posts"}],"about":[{"href":"https:\/\/www.europesays.com\/fr\/wp-json\/wp\/v2\/types\/post"}],"author":[{"embeddable":true,"href":"https:\/\/www.europesays.com\/fr\/wp-json\/wp\/v2\/users\/2"}],"replies":[{"embeddable":true,"href":"https:\/\/www.europesays.com\/fr\/wp-json\/wp\/v2\/comments?post=449514"}],"version-history":[{"count":0,"href":"https:\/\/www.europesays.com\/fr\/wp-json\/wp\/v2\/posts\/449514\/revisions"}],"wp:featuredmedia":[{"embeddable":true,"href":"https:\/\/www.europesays.com\/fr\/wp-json\/wp\/v2\/media\/449515"}],"wp:attachment":[{"href":"https:\/\/www.europesays.com\/fr\/wp-json\/wp\/v2\/media?parent=449514"}],"wp:term":[{"taxonomy":"category","embeddable":true,"href":"https:\/\/www.europesays.com\/fr\/wp-json\/wp\/v2\/categories?post=449514"},{"taxonomy":"post_tag","embeddable":true,"href":"https:\/\/www.europesays.com\/fr\/wp-json\/wp\/v2\/tags?post=449514"}],"curies":[{"name":"wp","href":"https:\/\/api.w.org\/{rel}","templated":true}]}}