{"id":449516,"date":"2025-10-09T07:58:11","date_gmt":"2025-10-09T07:58:11","guid":{"rendered":"https:\/\/www.europesays.com\/fr\/449516\/"},"modified":"2025-10-09T07:58:11","modified_gmt":"2025-10-09T07:58:11","slug":"jespere-que-ce-sera-mieux-demain-pourquoi-lea-salame-sexcuse-t-elle-aupres-des-telespectateurs","status":"publish","type":"post","link":"https:\/\/www.europesays.com\/fr\/449516\/","title":{"rendered":"\u00ab\u00a0J\u2019esp\u00e8re que ce sera mieux demain\u00a0\u00bb\u00a0: pourquoi L\u00e9a Salam\u00e9 s\u2019excuse-t-elle aupr\u00e8s des t\u00e9l\u00e9spectateurs\u00a0?"},"content":{"rendered":"<p>\n                                                                L\u00e9a Salam\u00e9 a obtenu la premi\u00e8re interview du Premier ministre d\u00e9missionnaire, S\u00e9bastien Lecornu, ce mercredi 8\u00a0octobre 2025 sur France 2. La pr\u00e9sentatrice n\u2019\u00e9tait pas au mieux de sa forme.\n                            <\/p>\n<p><a href=\"https:\/\/www.midilibre.fr\/2025\/10\/06\/on-arrete-avec-ca-lea-salame-relance-en-plein-direct-le-malaise-avec-marion-cotillard-survenu-au-jt-de-20-heures-12974955.php\" target=\"_self\" rel=\"nofollow noopener\">L\u00e9a Salam\u00e9 <\/a>a re\u00e7u S\u00e9bastien Lecornu, le Premier ministre d\u00e9missionnaire, ce mercredi 8\u00a0octobre 2025 dans le 20\u00a0Heures de France 2.<\/p>\n<p><a href=\"https:\/\/www.midilibre.fr\/2025\/09\/28\/on-a-eu-une-aventure-ensemble-cetait-dans-une-fiat-500-un-invite-de-lea-salame-raconte-en-direct-une-anecdote-quelle-avait-completement-oubliee-12958575.php\" target=\"_self\" rel=\"nofollow noopener\">La pr\u00e9sentatrice<\/a> a \u00e9t\u00e9 g\u00ean\u00e9e par une extinction de voix et a pr\u00e9sent\u00e9 ses excuses \u00e0 la fin du journal\u00a0: \u00ab\u00a0Tout de suite sur France 2, la M\u00e9t\u00e9o Climat, suivie de la nouvelle s\u00e9rie Le parfum du bonheur avec Mich\u00e8le Bernier. Pardon pour la voix\u00a0\u00bb, a-t-elle annonc\u00e9, reprise par <a href=\"https:\/\/www.programme-tv.net\/news\/tv\/389337-j-espere-que-ca-ira-mieux-demain-lea-salame-s-excuse-aupres-des-telespectateurs-pour-son-extinction-de-voix-dans-le-20h-de-france-2-video\/\" target=\"_self\" rel=\"nofollow noopener\">T\u00e9l\u00e9-Loisirs.<\/a><\/p>\n<p>\u00ab\u00a0J\u2019esp\u00e8re que \u00e7a sera mieux demain et je vous souhaite une tr\u00e8s belle soir\u00e9e sur France T\u00e9l\u00e9visions\u00a0\u00bb, a ajout\u00e9 L\u00e9a Salam\u00e9. Les internautes n\u2019ont pas manqu\u00e9 de r\u00e9agir de fa\u00e7on plus ou moins sympathique, sur le r\u00e9seau social X notamment\u00a0: \u00ab\u00a0Elle \u00e9tait en festival pour avoir une voix comme \u00e7a\u00a0?\u00a0\u00bb, \u00ab\u00a0On en aura plus appris sur les cons\u00e9quences d\u2019une laryngite mal soign\u00e9e que sur l\u2019avenir du pays\u00a0\u00bb ou encore \u00ab\u00a0La voix de L\u00e9a Salam\u00e9 est elle aussi d\u00e9missionnaire j\u2019ai l\u2019impression\u00a0\u00bb.<\/p>\n<p>\u00ab\u00a0Je suis ravie de ce que fait L\u00e9a\u00a0\u00bb<\/p>\n<p><a href=\"https:\/\/www.midilibre.fr\/2025\/07\/24\/je-nai-pas-grand-chose-a-cacher-la-journaliste-lea-salame-revele-le-salaire-quelle-percevra-par-mois-pour-presenter-le-jt-de-20-heures-12842343.php\" target=\"_self\" rel=\"nofollow noopener\">Si L\u00e9a Salam\u00e9 essuie des critiques<\/a> depuis son arriv\u00e9e au 20\u00a0Heures, Delphine Ernotte Cunci, la patronne de France T\u00e9l\u00e9visions, la soutient\u00a0: \u00ab\u00a0Je suis ravie de ce que fait L\u00e9a aux 20\u00a0h, a-t-elle assur\u00e9 sur <a href=\"https:\/\/www.rtl.fr\/culture\/medias-people\/un-journal-de-tres-grande-qualite-sur-rtl-la-patronne-de-france-televisions-se-dit-ravie-de-ce-que-fait-lea-salame-aux-20-heures-7900545638\" target=\"_self\" rel=\"nofollow noopener\">RTL<\/a>\u00a0Je trouve que c\u2019est un journal de tr\u00e8s tr\u00e8s grande qualit\u00e9, \u00e7a se passe tr\u00e8s bien [\u2026] Je suis vraiment ravie de ce journal\u00a0\u00bb.<\/p>\n","protected":false},"excerpt":{"rendered":"L\u00e9a Salam\u00e9 a obtenu la premi\u00e8re interview du Premier ministre d\u00e9missionnaire, S\u00e9bastien Lecornu, ce mercredi 8\u00a0octobre 2025 sur&hellip;\n","protected":false},"author":2,"featured_media":449517,"comment_status":"","ping_status":"","sticky":false,"template":"","format":"standard","meta":{"footnotes":""},"categories":[1356],"tags":[58,59,1011,27,252,1364],"class_list":{"0":"post-449516","1":"post","2":"type-post","3":"status-publish","4":"format-standard","5":"has-post-thumbnail","7":"category-television","8":"tag-divertissement","9":"tag-entertainment","10":"tag-fr","11":"tag-france","12":"tag-television","13":"tag-tv"},"share_on_mastodon":{"url":"https:\/\/pubeurope.com\/@fr\/115343150591467827","error":""},"_links":{"self":[{"href":"https:\/\/www.europesays.com\/fr\/wp-json\/wp\/v2\/posts\/449516","targetHints":{"allow":["GET"]}}],"collection":[{"href":"https:\/\/www.europesays.com\/fr\/wp-json\/wp\/v2\/posts"}],"about":[{"href":"https:\/\/www.europesays.com\/fr\/wp-json\/wp\/v2\/types\/post"}],"author":[{"embeddable":true,"href":"https:\/\/www.europesays.com\/fr\/wp-json\/wp\/v2\/users\/2"}],"replies":[{"embeddable":true,"href":"https:\/\/www.europesays.com\/fr\/wp-json\/wp\/v2\/comments?post=449516"}],"version-history":[{"count":0,"href":"https:\/\/www.europesays.com\/fr\/wp-json\/wp\/v2\/posts\/449516\/revisions"}],"wp:featuredmedia":[{"embeddable":true,"href":"https:\/\/www.europesays.com\/fr\/wp-json\/wp\/v2\/media\/449517"}],"wp:attachment":[{"href":"https:\/\/www.europesays.com\/fr\/wp-json\/wp\/v2\/media?parent=449516"}],"wp:term":[{"taxonomy":"category","embeddable":true,"href":"https:\/\/www.europesays.com\/fr\/wp-json\/wp\/v2\/categories?post=449516"},{"taxonomy":"post_tag","embeddable":true,"href":"https:\/\/www.europesays.com\/fr\/wp-json\/wp\/v2\/tags?post=449516"}],"curies":[{"name":"wp","href":"https:\/\/api.w.org\/{rel}","templated":true}]}}