{"id":449518,"date":"2025-10-09T07:59:10","date_gmt":"2025-10-09T07:59:10","guid":{"rendered":"https:\/\/www.europesays.com\/fr\/449518\/"},"modified":"2025-10-09T07:59:10","modified_gmt":"2025-10-09T07:59:10","slug":"lara-fabian-avoue-ne-plus-avoir-de-nouvelles-de-slimane-depuis-leclatement-de-laffaire-de-harcelement","status":"publish","type":"post","link":"https:\/\/www.europesays.com\/fr\/449518\/","title":{"rendered":"Lara Fabian avoue ne plus avoir de nouvelles de Slimane depuis l\u2019\u00e9clatement de l\u2019affaire de harc\u00e8lement"},"content":{"rendered":"<p>      R\u00e9sum\u00e9<\/p>\n<p>Lara Fabian pr\u00e9pare ses concerts \u00e0 l&rsquo;Accor Arena, \u00e9voque son \u00e9volution artistique gr\u00e2ce \u00e0 Slimane et r\u00e9v\u00e8le ne plus avoir de ses nouvelles depuis la pol\u00e9mique.<\/p>\n<p>        Sommaire<\/p>\n<p><a href=\"https:\/\/www.public.fr\/tag\/lara-fabian\" target=\"_blank\" rel=\"noopener\"><strong>Lara Fabian<\/strong><\/a> est sur le point de franchir un cap dans sa carri\u00e8re de chanteuse. \u00c0 55 ans, l&rsquo;artiste s&rsquo;appr\u00eate en effet \u00e0 monter sur la sc\u00e8ne de l&rsquo;<strong>Accor Arena<\/strong> pour la toute premi\u00e8re fois. <\/p>\n<p>Le rendez-vous, fix\u00e9 au <strong>7 d\u00e9cembre prochain<\/strong>, affiche d\u00e9j\u00e0 complet. C&rsquo;est pourquoi une seconde date a \u00e9t\u00e9 programm\u00e9e le 10 mars 2026. Une cons\u00e9cration pour la star qui a malheureusement essuy\u00e9 un terrible \u00e9chec avec son album Papillon en raison de la crise sanitaire.<\/p>\n<p>Exit cette am\u00e8re d\u00e9ception, c&rsquo;est gr\u00e2ce \u00e0 <a href=\"https:\/\/www.public.fr\/tag\/slimane\" target=\"_blank\" rel=\"noopener\">Slimane<\/a>, Vitaa, Renaud Rebillaux et Vianney que Lara Fabian a repris du poil de la b\u00eate. <\/p>\n<p>Lara Fabian sans filtre sur son duo avec Slimane<\/p>\n<p>Dans une r\u00e9cente interview\u00e9e accord\u00e9e au Parisien, elle est d&rsquo;ailleurs revenue sur ces nombreux duos qui lui ont permis de revenir sur le devant de la sc\u00e8ne. <\/p>\n<p>Et si Maurane et Johnny Hallyday lui ont ouvert les portes du succ\u00e8s, <strong>sa collaboration avec Slimane<\/strong> a aussi \u00e9t\u00e9 b\u00e9n\u00e9fique. <\/p>\n<p>\u00ab\u00a0<strong>Il y a eu, gr\u00e2ce \u00e0 lui, un apr\u00e8s dans mon \u00e9criture<\/strong>\u00ab\u00a0, a-t-elle confi\u00e9. Selon elle, l&rsquo;interpr\u00e8te de Mon amour lui aurait offert l&rsquo;opportunit\u00e9 d&rsquo;adopter un langage plus direct : \u00ab\u00a0Avant de le rencontrer, je n&rsquo;utilisais pas ce langage contemporain, plus simple, plus franc. Il a rendu la traduction de mes \u00e9motions plus transparente\u00a0\u00bb. <\/p>\n<p>\u00ab\u00a0Je ne me permets pas de juger\u00a0\u00bb<\/p>\n<p>Outre sa complicit\u00e9 avec Slimane, Lara Fabian a profit\u00e9 de son entretien avec nos confr\u00e8res pour aborder un autre sujet :<strong> la r\u00e9cente sanction de Slimane, <a href=\"https:\/\/www.public.fr\/slimane-condamne-apres-laffaire-de-harcelement-son-technicien-a-remporte-la-bataille-judiciaire\" target=\"_blank\" rel=\"noopener\">condamn\u00e9 \u00e0 10 000 euros d&rsquo;amende pour avoir harcel\u00e9 un technicien de sa tourn\u00e9e<\/a>. <\/strong><\/p>\n<p>Loin de pointer les agissements de son confr\u00e8re du doigt, la chanteuse pr\u00e9f\u00e8re visiblement garder un certain recul sur la situation. <\/p>\n<p>\u00ab\u00a0<strong>Je ne me permets pas de juger Slimane. Je ne peux pas avoir une opinion<\/strong>\u00ab\u00a0, a-t-elle confi\u00e9 avant d&rsquo;ajouter qu&rsquo;elle ne se trouvait \u00ab\u00a0pas dans la pi\u00e8ce\u00a0\u00bb au moment des faits. <\/p>\n<p>Depuis cette affaire, elle n&rsquo;aurait d&rsquo;ailleurs eu aucun contact avec l&rsquo;artiste. <\/p>\n<p>      Mentionn\u00e9s dans cet article<\/p>\n<p>      Sur le m\u00eame sujet<\/p>\n","protected":false},"excerpt":{"rendered":"R\u00e9sum\u00e9 Lara Fabian pr\u00e9pare ses concerts \u00e0 l&rsquo;Accor Arena, \u00e9voque son \u00e9volution artistique gr\u00e2ce \u00e0 Slimane et r\u00e9v\u00e8le&hellip;\n","protected":false},"author":2,"featured_media":449519,"comment_status":"","ping_status":"","sticky":false,"template":"","format":"standard","meta":{"footnotes":""},"categories":[1355],"tags":[58,59,1011,27,3668,12238,1361,873,9055],"class_list":{"0":"post-449518","1":"post","2":"type-post","3":"status-publish","4":"format-standard","5":"has-post-thumbnail","7":"category-musique","8":"tag-divertissement","9":"tag-entertainment","10":"tag-fr","11":"tag-france","12":"tag-harcelement","13":"tag-lara-fabian","14":"tag-music","15":"tag-musique","16":"tag-slimane"},"share_on_mastodon":{"url":"https:\/\/pubeurope.com\/@fr\/115343154502846764","error":""},"_links":{"self":[{"href":"https:\/\/www.europesays.com\/fr\/wp-json\/wp\/v2\/posts\/449518","targetHints":{"allow":["GET"]}}],"collection":[{"href":"https:\/\/www.europesays.com\/fr\/wp-json\/wp\/v2\/posts"}],"about":[{"href":"https:\/\/www.europesays.com\/fr\/wp-json\/wp\/v2\/types\/post"}],"author":[{"embeddable":true,"href":"https:\/\/www.europesays.com\/fr\/wp-json\/wp\/v2\/users\/2"}],"replies":[{"embeddable":true,"href":"https:\/\/www.europesays.com\/fr\/wp-json\/wp\/v2\/comments?post=449518"}],"version-history":[{"count":0,"href":"https:\/\/www.europesays.com\/fr\/wp-json\/wp\/v2\/posts\/449518\/revisions"}],"wp:featuredmedia":[{"embeddable":true,"href":"https:\/\/www.europesays.com\/fr\/wp-json\/wp\/v2\/media\/449519"}],"wp:attachment":[{"href":"https:\/\/www.europesays.com\/fr\/wp-json\/wp\/v2\/media?parent=449518"}],"wp:term":[{"taxonomy":"category","embeddable":true,"href":"https:\/\/www.europesays.com\/fr\/wp-json\/wp\/v2\/categories?post=449518"},{"taxonomy":"post_tag","embeddable":true,"href":"https:\/\/www.europesays.com\/fr\/wp-json\/wp\/v2\/tags?post=449518"}],"curies":[{"name":"wp","href":"https:\/\/api.w.org\/{rel}","templated":true}]}}