{"id":449520,"date":"2025-10-09T08:00:43","date_gmt":"2025-10-09T08:00:43","guid":{"rendered":"https:\/\/www.europesays.com\/fr\/449520\/"},"modified":"2025-10-09T08:00:43","modified_gmt":"2025-10-09T08:00:43","slug":"le-film-sacre-coeur-explose-les-compteurs-des-sa-sortie","status":"publish","type":"post","link":"https:\/\/www.europesays.com\/fr\/449520\/","title":{"rendered":"le film Sacr\u00e9 C\u0153ur explose les compteurs d\u00e8s sa sortie"},"content":{"rendered":"<p>En une semaine de projection, le film Sacr\u00e9 C\u0153ur compte d\u00e9j\u00e0 pr\u00e8s de 50 000 entr\u00e9es. Un d\u00e9marrage fulgurant pour une production qui, malgr\u00e9 les pol\u00e9miques et la faible diffusion en salles, d\u00e9joue tous les pronostics.<\/p>\n<p>Le succ\u00e8s est incontestable. Sorti sur grand \u00e9cran le 1er octobre, le film Sacr\u00e9 C\u0153ur explose les compteurs\u00a0: en une semaine, plus de 47 000 personnes ont assist\u00e9 au docu-fiction. Diffus\u00e9 modestement dans 150 salles, le film attire environ 103 spectateurs par projection selon <a href=\"https:\/\/www.sajedistribution.com\/film\/sacre-coeur.html\" target=\"_blank\" rel=\"nofollow noopener\">SAJE<\/a>. Il s\u2019agit de la quatri\u00e8me meilleure moyenne pour un film sorti cette ann\u00e9e en France, et la meilleure depuis 2021 pour une sortie sur moins de 500 s\u00e9ances.<strong>\u00a0\u00a0<\/strong> \u00ab\u00a0Nous allons bient\u00f4t d\u00e9passer les 50 000 entr\u00e9es, s\u2019enthousiasme Claire de Lorgeril, chez SAJE, distributeur du film. Vu le succ\u00e8s du film, les cin\u00e9mas se sont pass\u00e9 le mot et beaucoup nous ont appel\u00e9s. Nous sommes d\u00e9sormais dans 232 salles et \u00e7a va encore augmenter\u00a0\u00bb, se r\u00e9jouit-elle.<\/p>\n","protected":false},"excerpt":{"rendered":"En une semaine de projection, le film Sacr\u00e9 C\u0153ur compte d\u00e9j\u00e0 pr\u00e8s de 50 000 entr\u00e9es. Un d\u00e9marrage&hellip;\n","protected":false},"author":2,"featured_media":449521,"comment_status":"","ping_status":"","sticky":false,"template":"","format":"standard","meta":{"footnotes":""},"categories":[1354],"tags":[58,59,3805,3799,3803,1346,1011,27,3804,1360,3800,3802,3801],"class_list":{"0":"post-449520","1":"post","2":"type-post","3":"status-publish","4":"format-standard","5":"has-post-thumbnail","7":"category-films","8":"tag-divertissement","9":"tag-entertainment","10":"tag-famille-catholique","11":"tag-famille-chretienne","12":"tag-famille-chretienne-actualites","13":"tag-films","14":"tag-fr","15":"tag-france","16":"tag-magazine-famille-chretienne","17":"tag-movies","18":"tag-site-catho","19":"tag-site-catholique","20":"tag-site-chretien"},"share_on_mastodon":{"url":"https:\/\/pubeurope.com\/@fr\/115343158414506324","error":""},"_links":{"self":[{"href":"https:\/\/www.europesays.com\/fr\/wp-json\/wp\/v2\/posts\/449520","targetHints":{"allow":["GET"]}}],"collection":[{"href":"https:\/\/www.europesays.com\/fr\/wp-json\/wp\/v2\/posts"}],"about":[{"href":"https:\/\/www.europesays.com\/fr\/wp-json\/wp\/v2\/types\/post"}],"author":[{"embeddable":true,"href":"https:\/\/www.europesays.com\/fr\/wp-json\/wp\/v2\/users\/2"}],"replies":[{"embeddable":true,"href":"https:\/\/www.europesays.com\/fr\/wp-json\/wp\/v2\/comments?post=449520"}],"version-history":[{"count":0,"href":"https:\/\/www.europesays.com\/fr\/wp-json\/wp\/v2\/posts\/449520\/revisions"}],"wp:featuredmedia":[{"embeddable":true,"href":"https:\/\/www.europesays.com\/fr\/wp-json\/wp\/v2\/media\/449521"}],"wp:attachment":[{"href":"https:\/\/www.europesays.com\/fr\/wp-json\/wp\/v2\/media?parent=449520"}],"wp:term":[{"taxonomy":"category","embeddable":true,"href":"https:\/\/www.europesays.com\/fr\/wp-json\/wp\/v2\/categories?post=449520"},{"taxonomy":"post_tag","embeddable":true,"href":"https:\/\/www.europesays.com\/fr\/wp-json\/wp\/v2\/tags?post=449520"}],"curies":[{"name":"wp","href":"https:\/\/api.w.org\/{rel}","templated":true}]}}