{"id":449561,"date":"2025-10-09T08:25:12","date_gmt":"2025-10-09T08:25:12","guid":{"rendered":"https:\/\/www.europesays.com\/fr\/449561\/"},"modified":"2025-10-09T08:25:12","modified_gmt":"2025-10-09T08:25:12","slug":"strasbourg-connaissez-vous-la-danse-inversee-un-spectacle-organise-ce-samedi-a-la-mediatheque-du-neudorf","status":"publish","type":"post","link":"https:\/\/www.europesays.com\/fr\/449561\/","title":{"rendered":"Strasbourg. Connaissez-vous la danse invers\u00e9e ? Un spectacle organis\u00e9 ce samedi \u00e0 la m\u00e9diath\u00e8que du Neudorf"},"content":{"rendered":"<p>\u00c0 l\u2019occasion de sa nuit de la rentr\u00e9e, plac\u00e9e sous le signe de l\u2019eau, la m\u00e9diath\u00e8que du Neudorf accueille un spectacle in\u00e9dit, fruit de la collaboration entre la compagnie strasbourgeoise Osm\u00f4z et le Ballet nautique de Strasbourg (BNS).<\/p>\n<p>Qui est en coulisses pour pr\u00e9parer ce spectacle insolite\u00a0? Nathalie Herrmann Deetjen. L\u2019ex-nageuse du <a href=\"https:\/\/bns67.fr\/\" target=\"_blank\" rel=\"noopener\">Ballet nautique de Strasbourg (BNS)<\/a> cheffe d\u2019orchestre <a href=\"https:\/\/www.dna.fr\/sport\/2024\/07\/17\/l-ete-dore-du-ballet-nautique-de-strasbourg\" target=\"_blank\" rel=\"noopener\">du gala du BNS<\/a> qui attire toujours les foules au stade nautique de Schiltigheim, se pla\u00eet \u00e0 inventer spectacles et shows autour des \u00ab\u00a0arts aquatiques\u00a0\u00bb \u00e0 travers la compagnie Osm\u00f4z. Celle-ci a d\u00e9j\u00e0 particip\u00e9 \u00e0 des \u00e9v\u00e9nements tels que l\u2019inauguration du centre aquatique olympique \u00e0 Saint-Denis en avril\u00a02024.<\/p>\n<p>Pour la m\u00e9diath\u00e8que du Neudorf, elle a con\u00e7u un spectacle de danse invers\u00e9e qui plonge des nageuses artistiques dans un bassin imaginaire, fa\u00e7onn\u00e9 par un jeu sp\u00e9cifique de lumi\u00e8res.<\/p>\n<p>Le public d\u00e9couvrira six nageuses et une danseuse qui r\u00e9inventent la danse et leur expertise de la \u00ab\u00a0synchro\u00a0\u00bb dans une nouvelle dimension.<\/p>\n<p>Elles transposent les figures artistiques de la natation synchronis\u00e9e, sur le sol, la t\u00eate \u00e0 l\u2019envers, gr\u00e2ce \u00e0 un tabouret de yoga. \u00c0 d\u00e9couvrir.<\/p>\n<p class=\"note\">Show \u201cLes esprits de l\u2019eau\u201d, samedi 11\u00a0octobre. Trois s\u00e9quences de huit minutes \u00e0 18\u00a0h\u00a030, 19\u00a0h\u00a015 et 20\u00a0h. M\u00e9diath\u00e8que du Neudorf, 32 rue de Rathsamhausen. Strasbourg. Entr\u00e9e libre.\u00a0www.osmoz-compagnie.fr. T\u00e9l\u00a0:\u00a006\u00a058\u00a093\u00a006\u00a040.<\/p>\n","protected":false},"excerpt":{"rendered":"\u00c0 l\u2019occasion de sa nuit de la rentr\u00e9e, plac\u00e9e sous le signe de l\u2019eau, la m\u00e9diath\u00e8que du Neudorf&hellip;\n","protected":false},"author":2,"featured_media":449562,"comment_status":"","ping_status":"","sticky":false,"template":"","format":"standard","meta":{"footnotes":""},"categories":[2820],"tags":[1111,11,1687,2880,1777,674,107,1011,27,775,12,25,3140,640,2879],"class_list":{"0":"post-449561","1":"post","2":"type-post","3":"status-publish","4":"format-standard","5":"has-post-thumbnail","7":"category-strasbourg","8":"tag-actu","9":"tag-actualites","10":"tag-culture-loisirs","11":"tag-edition-strasbourg","12":"tag-eu","13":"tag-europe","14":"tag-fil-info","15":"tag-fr","16":"tag-france","17":"tag-grand-est","18":"tag-news","19":"tag-republique-francaise","20":"tag-spectacle","21":"tag-strasbourg","22":"tag-strasbourg-ville"},"share_on_mastodon":{"url":"","error":""},"_links":{"self":[{"href":"https:\/\/www.europesays.com\/fr\/wp-json\/wp\/v2\/posts\/449561","targetHints":{"allow":["GET"]}}],"collection":[{"href":"https:\/\/www.europesays.com\/fr\/wp-json\/wp\/v2\/posts"}],"about":[{"href":"https:\/\/www.europesays.com\/fr\/wp-json\/wp\/v2\/types\/post"}],"author":[{"embeddable":true,"href":"https:\/\/www.europesays.com\/fr\/wp-json\/wp\/v2\/users\/2"}],"replies":[{"embeddable":true,"href":"https:\/\/www.europesays.com\/fr\/wp-json\/wp\/v2\/comments?post=449561"}],"version-history":[{"count":0,"href":"https:\/\/www.europesays.com\/fr\/wp-json\/wp\/v2\/posts\/449561\/revisions"}],"wp:featuredmedia":[{"embeddable":true,"href":"https:\/\/www.europesays.com\/fr\/wp-json\/wp\/v2\/media\/449562"}],"wp:attachment":[{"href":"https:\/\/www.europesays.com\/fr\/wp-json\/wp\/v2\/media?parent=449561"}],"wp:term":[{"taxonomy":"category","embeddable":true,"href":"https:\/\/www.europesays.com\/fr\/wp-json\/wp\/v2\/categories?post=449561"},{"taxonomy":"post_tag","embeddable":true,"href":"https:\/\/www.europesays.com\/fr\/wp-json\/wp\/v2\/tags?post=449561"}],"curies":[{"name":"wp","href":"https:\/\/api.w.org\/{rel}","templated":true}]}}