{"id":449600,"date":"2025-10-09T08:46:13","date_gmt":"2025-10-09T08:46:13","guid":{"rendered":"https:\/\/www.europesays.com\/fr\/449600\/"},"modified":"2025-10-09T08:46:13","modified_gmt":"2025-10-09T08:46:13","slug":"ce-que-redoute-la-famille-royale","status":"publish","type":"post","link":"https:\/\/www.europesays.com\/fr\/449600\/","title":{"rendered":"ce que redoute la famille royale"},"content":{"rendered":"<p>                                    <img decoding=\"async\" src=\"https:\/\/www.europesays.com\/fr\/wp-content\/uploads\/2025\/10\/a52bb35dcf1d8b9070cfa974515b130117aee4c19af4230938077d401811ef71.jpg\" alt=\"GALA Meghan Markle\u00a0: ce qu'il faut conna\u00eetre\" class=\"a11y-hidden\" fetchpriority=\"high\"\/><\/p>\n<p class=\"fig-standfirst\">\n    Meghan Markle a fait une apparition remarqu\u00e9e le samedi 4 octobre dernier \u00e0 la Fashion Week de Paris pour soutenir le cr\u00e9ateur de Balenciaga. Le retour de la duchesse de Sussex en Europe, suscite quelques craintes du c\u00f4t\u00e9 de la famille royale britannique, d\u2019apr\u00e8s The Express.<\/p>\n<p class=\"fig-paragraph\">La famille royale britannique s\u2019interroge&#8230; Meghan Markle a cr\u00e9\u00e9 ce samedi 4 octobre l\u2019\u00e9v\u00e9nement\u00a0<a href=\"https:\/\/www.gala.fr\/royautes\/video-gala-enorme-surprise-meghan-markle-a-paris-pour-la-fashion-week-sa-divine-apparition-au-defile-balenciaga-20251004\" target=\"_blank\" data-fig-type=\"Article\" rel=\"sponsored noopener nofollow\" data-gtm-custom-categorie=\"navigation\" data-gtm-custom-action=\"crossclick\" data-gtm-custom-label=\"Contextuel\" data-gtm-event=\"customEventSPE\" data-fig-domain=\"GALA\">en arrivant au d\u00e9fil\u00e9 Balenciaga \u00e0 l\u2019occasion de la pris\u00e9e Fashion Week de Paris<\/a>. Une grande premi\u00e8re pour la femme du prince Harry qui malgr\u00e9 sa passion pour la mode n\u2019avait jamais assist\u00e9 \u00e0 cette semaine de la mode. La duchesse de Sussex a accept\u00e9 de faire le d\u00e9placement des \u00c9tats-Unis afin de \u00absoutenir Pierpaolo Piccioli, qui a r\u00e9cemment assum\u00e9 le r\u00f4le de directeur cr\u00e9atif de la maison\u00bb, d\u2019apr\u00e8s les informations de\u00a0<a href=\"https:\/\/www.hellomagazine.com\/royalty\/859714\/meghan-markle-attends-balenciaga-show-in-paris-fashion-week-exclusive\/\" target=\"_blank\" rel=\"sponsored noopener nofollow\" data-gtm-custom-categorie=\"navigation\" data-gtm-custom-action=\"crossclick\" data-gtm-custom-label=\"Contextuel\" data-gtm-event=\"customEventSPE\">Hello\u00a0!<\/a> .\u00a0<a href=\"https:\/\/www.gala.fr\/royautes\/meghan-markle-a-paris-sans-le-prince-harry-mais-avec-son-meilleur-ami-qui-est-markus-anderson-20251005\" target=\"_blank\" data-fig-type=\"Article\" rel=\"sponsored noopener nofollow\" data-gtm-custom-categorie=\"navigation\" data-gtm-custom-action=\"crossclick\" data-gtm-custom-label=\"Contextuel\" data-gtm-event=\"customEventSPE\" data-fig-domain=\"GALA\">Avec son meilleur ami Markus Anderson<\/a>, la m\u00e8re de famille a fait\u00a0<a href=\"https:\/\/www.gala.fr\/mode\/les_stars_et_la_mode\/en-total-look-blanc-puis-noir-l-allure-sophistiquee-de-meghan-markle-fait-mouche-a-la-fashion-week-de-paris-20251005\" target=\"_blank\" data-fig-type=\"Article\" rel=\"sponsored noopener nofollow\" data-gtm-custom-categorie=\"navigation\" data-gtm-custom-action=\"crossclick\" data-gtm-custom-label=\"Contextuel\" data-gtm-event=\"customEventSPE\" data-fig-domain=\"GALA\">sensation au front row du d\u00e9fil\u00e9<\/a>, mais cette apparition est loin de faire les affaires de la Firme.<\/p>\n<p class=\"fig-paragraph\"><a href=\"https:\/\/www.gala.fr\/lifestyle\/meghan-markle-a-paris-ce-restaurant-chic-aux-inspirations-basques-ou-elle-est-allee-diner-20251005\" target=\"_blank\" data-fig-type=\"Article\" rel=\"sponsored noopener nofollow\" data-gtm-custom-categorie=\"navigation\" data-gtm-custom-action=\"crossclick\" data-gtm-custom-label=\"Contextuel\" data-gtm-event=\"customEventSPE\" data-fig-domain=\"GALA\">Son d\u00e9placement surprise \u00e0 Paris<\/a>\u00a0laisse entendre que Meghan Markle repart \u00e0 la conqu\u00eate de l\u2019Europe, apr\u00e8s le \u00abMegxit\u00bb et son installation aux \u00c9tats-Unis avec son mari. Ollie Ring, porte-parole de Casino Beats, a notamment dit que \u00able retour de Meghan Markle en Europe a raviv\u00e9 son lien avec le monde de la mode, et les traders voient d\u00e9sormais un retour \u00e0 la Fashion Week de Londres comme une possibilit\u00e9 bien r\u00e9elle\u00bb, a publi\u00e9\u00a0<a href=\"https:\/\/www.express.co.uk\/news\/royal\/2118426\/meghan-markle-london-fashion-week-poll\" target=\"_blank\" rel=\"sponsored noopener nofollow\" data-gtm-custom-categorie=\"navigation\" data-gtm-custom-action=\"crossclick\" data-gtm-custom-label=\"Contextuel\" data-gtm-event=\"customEventSPE\">The Express<\/a> \u00a0le 8 octobre dernier. La famille royale britannique redoute ainsi de voir d\u00e9barquer \u00e0 la derni\u00e8re minute la duchesse de Sussex \u00e0 Londres en f\u00e9vrier prochain dans le cadre de la Fashion Week. \u00abS\u2019ils [Meghan et Harry]comptent vraiment passer plus de temps ici, cela change tout\u00bb, a confi\u00e9 un ex-courtisan aupr\u00e8s du\u00a0<a href=\"https:\/\/www.thedailybeast.com\/meghan-markles-paris-fashion-trip-spells-trouble-for-royals\/\" target=\"_blank\" rel=\"sponsored noopener nofollow\" data-gtm-custom-categorie=\"navigation\" data-gtm-custom-action=\"crossclick\" data-gtm-custom-label=\"Contextuel\" data-gtm-event=\"customEventSPE\">Daily Beast<\/a>, laissant transpara\u00eetre\u00a0<a href=\"https:\/\/www.gala.fr\/royautes\/meghan-markle-sa-visite-surprise-a-paris-fait-trembler-charles-iii-et-william-ca-change-tout-20251006\" target=\"_blank\" data-fig-type=\"Article\" rel=\"sponsored noopener nofollow\" data-gtm-custom-categorie=\"navigation\" data-gtm-custom-action=\"crossclick\" data-gtm-custom-label=\"Contextuel\" data-gtm-event=\"customEventSPE\" data-fig-domain=\"GALA\">les inqui\u00e9tudes du Palais de Buckingham \u00e0 ce sujet<\/a>. Le prince Harry avait \u00e9galement r\u00e9v\u00e9l\u00e9 ces derni\u00e8res semaines\u00a0<a href=\"https:\/\/www.gala.fr\/royautes\/le-prince-harry-souhaite-ramener-meghan-et-leurs-enfants-au-royaume-uni-il-n-a-pas-perdu-espoir-20250907\" target=\"_blank\" data-fig-type=\"Article\" rel=\"sponsored noopener nofollow\" data-gtm-custom-categorie=\"navigation\" data-gtm-custom-action=\"crossclick\" data-gtm-custom-label=\"Contextuel\" data-gtm-event=\"customEventSPE\" data-fig-domain=\"GALA\">son ambition de passer plus de temps ces prochains mois en Angleterre<\/a>, pour se rapprocher de son p\u00e8re, atteint d\u2019un cancer.<\/p>\n<p>    <a href=\"#slideshow-header\"><\/p>\n<p class=\"fig-slideshow__title\">\n                    PHOTOS &#8211; Isabelle Huppert, Meghan Markle, Philippine Leroy-Beaulieu&#8230; Le front row \u00e9toil\u00e9 du d\u00e9fil\u00e9 Balenciaga\n                <\/p>\n<p>    <\/a><\/p>\n<p>                                    <a class=\"fig-a11y-skip a11y-hidden\" href=\"#fig-a11y-skip-main-inarticle\"><br \/>\n        Passer la publicit\u00e9<br \/>\n    <\/a><\/p>\n<p>Meghan Markle de passage \u00e0 Paris\u00a0: o\u00f9 a-t-elle dormi apr\u00e8s son apparition \u00e0 la Fashion Week\u00a0?<\/p>\n<p class=\"fig-paragraph\">Pendant son court s\u00e9jour dans la capitale fran\u00e7aise,\u00a0<a href=\"https:\/\/www.gala.fr\/lifestyle\/meghan-markle-a-la-fashion-week-de-paris-mais-au-fait-ou-a-t-elle-dormi-20251006\" target=\"_blank\" data-fig-type=\"Article\" rel=\"sponsored noopener nofollow\" data-gtm-custom-categorie=\"navigation\" data-gtm-custom-action=\"crossclick\" data-gtm-custom-label=\"Contextuel\" data-gtm-event=\"customEventSPE\" data-fig-domain=\"GALA\">Meghan Markle a pos\u00e9 ses valises au c\u00e9l\u00e8bre h\u00f4tel Plaza Ath\u00e9n\u00e9e<\/a>, dans le 8e arrondissement. Situ\u00e9 sur la prestigieuse avenue Montaigne, o\u00f9 se trouvent de grandes maisons de mode, cet \u00e9tablissement cinq \u00e9toiles fait partie des palaces parisiens les plus embl\u00e9matiques. Il est connu pour son style \u00e9l\u00e9gant \u00e0 la fran\u00e7aise, sa fa\u00e7ade d\u00e9cor\u00e9e de g\u00e9raniums rouges, ainsi que sa vue incroyable sur la Tour Eiffel. L\u2019h\u00f4tel combine un d\u00e9cor classique avec des services de luxe, comme on peut le voir sur\u00a0<a href=\"https:\/\/www.dorchestercollection.com\/paris\/hotel-plaza-athenee\" target=\"_blank\" rel=\"sponsored noopener nofollow\" data-gtm-custom-categorie=\"navigation\" data-gtm-custom-action=\"crossclick\" data-gtm-custom-label=\"Contextuel\" data-gtm-event=\"customEventSPE\">son site internet<\/a>. Il abrite cinq restaurants et bars, proposant plusieurs styles d\u2019ambiances afin de satisfaire toutes les envies. Et ce n\u2019est pas tout.\u00a0<a href=\"https:\/\/www.gala.fr\/beaute\/tendances_beaute\/nomme_categorie_palace_-_dior_institut_au_plaza_athenee_409329\" target=\"_blank\" data-fig-type=\"Article\" rel=\"sponsored noopener nofollow\" data-gtm-custom-categorie=\"navigation\" data-gtm-custom-action=\"crossclick\" data-gtm-custom-label=\"Contextuel\" data-gtm-event=\"customEventSPE\" data-fig-domain=\"GALA\">Un spa sign\u00e9 par la marque de luxe Dior<\/a>\u00a0est aussi \u00e0 la disposition des clients.<\/p>\n","protected":false},"excerpt":{"rendered":"Meghan Markle a fait une apparition remarqu\u00e9e le samedi 4 octobre dernier \u00e0 la Fashion Week de Paris&hellip;\n","protected":false},"author":2,"featured_media":449601,"comment_status":"","ping_status":"","sticky":false,"template":"","format":"standard","meta":{"footnotes":""},"categories":[1888],"tags":[11,1777,674,9048,545,992,1011,27,5861,908,985,12,626,25,510],"class_list":{"0":"post-449600","1":"post","2":"type-post","3":"status-publish","4":"format-standard","5":"has-post-thumbnail","7":"category-paris","8":"tag-actualites","9":"tag-eu","10":"tag-europe","11":"tag-famille-royale","12":"tag-famille-royale-britannique","13":"tag-fashion-week","14":"tag-fr","15":"tag-france","16":"tag-gotha","17":"tag-meghan-markle","18":"tag-mode","19":"tag-news","20":"tag-paris","21":"tag-republique-francaise","22":"tag-visite"},"share_on_mastodon":{"url":"","error":""},"_links":{"self":[{"href":"https:\/\/www.europesays.com\/fr\/wp-json\/wp\/v2\/posts\/449600","targetHints":{"allow":["GET"]}}],"collection":[{"href":"https:\/\/www.europesays.com\/fr\/wp-json\/wp\/v2\/posts"}],"about":[{"href":"https:\/\/www.europesays.com\/fr\/wp-json\/wp\/v2\/types\/post"}],"author":[{"embeddable":true,"href":"https:\/\/www.europesays.com\/fr\/wp-json\/wp\/v2\/users\/2"}],"replies":[{"embeddable":true,"href":"https:\/\/www.europesays.com\/fr\/wp-json\/wp\/v2\/comments?post=449600"}],"version-history":[{"count":0,"href":"https:\/\/www.europesays.com\/fr\/wp-json\/wp\/v2\/posts\/449600\/revisions"}],"wp:featuredmedia":[{"embeddable":true,"href":"https:\/\/www.europesays.com\/fr\/wp-json\/wp\/v2\/media\/449601"}],"wp:attachment":[{"href":"https:\/\/www.europesays.com\/fr\/wp-json\/wp\/v2\/media?parent=449600"}],"wp:term":[{"taxonomy":"category","embeddable":true,"href":"https:\/\/www.europesays.com\/fr\/wp-json\/wp\/v2\/categories?post=449600"},{"taxonomy":"post_tag","embeddable":true,"href":"https:\/\/www.europesays.com\/fr\/wp-json\/wp\/v2\/tags?post=449600"}],"curies":[{"name":"wp","href":"https:\/\/api.w.org\/{rel}","templated":true}]}}