{"id":449605,"date":"2025-10-09T08:49:12","date_gmt":"2025-10-09T08:49:12","guid":{"rendered":"https:\/\/www.europesays.com\/fr\/449605\/"},"modified":"2025-10-09T08:49:12","modified_gmt":"2025-10-09T08:49:12","slug":"qui-est-ce-francais-suspecte-davoir-declenche-lincendie-devastateur-de-pacific-palisades-en-californie","status":"publish","type":"post","link":"https:\/\/www.europesays.com\/fr\/449605\/","title":{"rendered":"Qui est ce Fran\u00e7ais suspect\u00e9 d\u2019avoir d\u00e9clench\u00e9 l\u2019incendie d\u00e9vastateur de Pacific Palisades en Californie\u00a0?"},"content":{"rendered":"<p>Il est accus\u00e9 d\u2019avoir intentionnellement d\u00e9clench\u00e9 l\u2019un des <a href=\"https:\/\/www.20minutes.fr\/dossier\/incendie\" class=\"c-link c-link--is-underlined\" target=\"_blank\" rel=\"noopener\">incendies<\/a> les plus destructeurs de l\u2019histoire de la <a href=\"https:\/\/www.20minutes.fr\/dossier\/californie\" class=\"c-link c-link--is-underlined\" target=\"_blank\" rel=\"noopener\">Californie<\/a>. Les autorit\u00e9s am\u00e9ricaines ont annonc\u00e9 mercredi l\u2019arrestation d\u2019un suspect dans l\u2019enqu\u00eate sur les incendies meurtriers de janvier \u00e0 Los Angeles. <a href=\"https:\/\/www.20minutes.fr\/monde\/etats-unis\/4133703-20250115-incendies-los-angeles-negligences-acte-criminel-nombreuses-pistes-enqueteurs-pacific-palisades\" class=\"c-link c-link--is-underlined\" target=\"_blank\" rel=\"noopener\">Le \u00ab\u00a0Palisades Fire\u00a0\u00bb<\/a> a caus\u00e9 la mort de 12 personnes dans la zone, sur les 31 personnes qui ont p\u00e9ri au total dans les incendies de <a href=\"https:\/\/www.20minutes.fr\/dossier\/los_angeles\" class=\"c-link c-link--is-underlined\" target=\"_blank\" rel=\"noopener\">Los Angeles<\/a>.<\/p>\n<p>Vivant aux <a href=\"https:\/\/www.20minutes.fr\/monde\/etats-unis\/\" class=\"c-link c-link--is-underlined\" target=\"_blank\" rel=\"noopener\">Etats-Unis<\/a> mais d\u2019origine fran\u00e7aise, Jonathan Rinderknecht, un chauffeur Uber de 29 ans, aurait d\u00e9clench\u00e9 un incendie la nuit du Nouvel An dans les montagnes surplombant le quartier de Pacific Palisades, cette zone cossue de la m\u00e9gapole californienne, qui abrite de nombreuses villas de c\u00e9l\u00e9brit\u00e9s.<\/p>\n<p>Fan de l\u2019Olympique de Marseille<\/p>\n<p><a href=\"https:\/\/www.latimes.com\/california\/story\/2025-10-08\/who-is-the-uber-driver-accused-of-intentionally\" rel=\"nofollow noopener\" target=\"_blank\" class=\"c-link c-link--is-underlined\">Selon le Los Angeles Times<\/a>, l\u2019individu, qui a r\u00e9sid\u00e9 un moment \u00e0 Pacific Palisades, serait originaire du sud de la France, o\u00f9 ses parents sont missionnaires. Sa m\u00e8re, Jennifer, serait originaire de Floride, tandis que son p\u00e8re, Jo\u00ebl, serait de nationalit\u00e9 fran\u00e7aise. Sur les <a href=\"https:\/\/www.20minutes.fr\/dossier\/reseaux_sociaux\" class=\"c-link c-link--is-underlined\" target=\"_blank\" rel=\"noopener\">r\u00e9seaux sociaux<\/a>, on apprend que le couple a implant\u00e9 une \u00e9glise pour l\u2019Association des baptistes pour l\u2019\u00e9vang\u00e9lisation mondiale (ABWE) \u00e0 Hy\u00e8res, dans le <a href=\"https:\/\/www.20minutes.fr\/societe\/var\/\" class=\"c-link c-link--is-underlined\" target=\"_blank\" rel=\"noopener\">Var<\/a>.<\/p>\n<p>Un pasteur d\u2019une \u00c9glise baptiste dans l\u2019Ohio, proche de la famille et qui a bien connu le jeune homme, l\u2019a d\u00e9crit comme un \u00ab\u00a0adolescent ordinaire\u00a0\u00bb fan de l\u2019Olympique de Marseille. Interrog\u00e9 par le Times, le propri\u00e9taire d\u2019un logement que Jonathan Rinderknecht a occup\u00e9 dans la vall\u00e9e de San Fernando, il y a quelques ann\u00e9es, a indiqu\u00e9 qu\u2019il lui avait confi\u00e9 avoir de la famille en France et se consid\u00e9rer comme Fran\u00e7ais. Apr\u00e8s l\u2019incendie de Palisades, le suspect a d\u00e9m\u00e9nag\u00e9 de Californie en <a href=\"https:\/\/www.20minutes.fr\/dossier\/floride\" class=\"c-link c-link--is-underlined\" target=\"_blank\" rel=\"noopener\">Floride<\/a>, o\u00f9 il a \u00e9t\u00e9 arr\u00eat\u00e9.<\/p>\n<p>Apr\u00e8s avoir comparu bri\u00e8vement devant un tribunal f\u00e9d\u00e9ral d\u2019Orlando, il a \u00e9t\u00e9 convoqu\u00e9 \u00e0 une nouvelle audience pr\u00e9liminaire jeudi matin. Il se trouve toujours en d\u00e9tention.<\/p>\n<p>Il \u00e9coutait en boucle la chanson, \u00ab\u00a0Un Zder, Un Th\u00e9\u00a0\u00bb du rappeur fran\u00e7ais Josman<\/p>\n<p>\u00ab\u00a0L\u2019inconscience d\u2019une seule personne a caus\u00e9 l\u2019un des pires incendies qu\u2019ait jamais connu Los Angeles, entra\u00eenant la mort et des destructions g\u00e9n\u00e9ralis\u00e9es \u00e0 Pacific Palisades\u00a0\u00bb, a d\u00e9clar\u00e9 le procureur f\u00e9d\u00e9ral Bill Essayli, en annon\u00e7ant son arrestation.<\/p>\n<p>La nuit du Nouvel An, ce chauffeur VTC a d\u00e9pos\u00e9 des clients dans la zone o\u00f9 a d\u00e9marr\u00e9 le feu. Les donn\u00e9es de g\u00e9olocalisation r\u00e9colt\u00e9es par les enqu\u00eateurs montrent qu\u2019il se trouvait \u00ab\u00a0\u00e0 30 pieds\u00a0\u00bb &#8211; soit environ 10 m\u00e8tres &#8211; de l\u2019incendie, lorsqu\u2019il a lui-m\u00eame tent\u00e9 d\u2019appeler les secours pour signaler le feu, a pr\u00e9cis\u00e9 Bill Essayli.<\/p>\n<\/p>\n<p>Les enqu\u00eateurs n\u2019ont pas identifi\u00e9 de mobile clair, mais ils ont rassembl\u00e9 des \u00e9l\u00e9ments qu\u2019ils jugent pertinents. Le suspect a notamment g\u00e9n\u00e9r\u00e9 une image de ville en feu \u00e0 l\u2019aide d\u2019une intelligence artificielle dans les semaines avant l\u2019incendie. Dans les jours pr\u00e9c\u00e9dant, il a aussi \u00e9cout\u00e9 \u00e0 plusieurs reprises une chanson, \u00ab\u00a0Un Zder, Un Th\u00e9\u00a0\u00bb du rappeur fran\u00e7ais Josman, <a href=\"https:\/\/www.youtube.com\/watch?v=9Va9UCOUV0s\" rel=\"nofollow noopener\" target=\"_blank\" class=\"c-link c-link--is-underlined\">dont le clip montre l\u2019artiste mettant le feu \u00e0 une poubelle<\/a>. Clip qu&rsquo;il aurait aussi visionn\u00e9 peu avant minuit le 31\u00a0d\u00e9cembre, quelques minutes avant que l\u2019incendie ne se d\u00e9clare, <a href=\"https:\/\/nypost.com\/2025\/10\/08\/us-news\/palisades-firebug-jonathan-rinderknecht-listened-to-disturbing-french-song-repeatedly-before-setting-malicious-fire\/\" rel=\"nofollow noopener\" target=\"_blank\" class=\"c-link c-link--is-underlined\">selon le New York Post<\/a>.<\/p>\n<p>Des motivations qui restent floues<\/p>\n<p>\u00ab\u00a0J\u2019aimerais que nous puissions entrer dans la t\u00eate de quelqu\u2019un, mais nous ne pouvons pas\u00a0\u00bb, a d\u00e9clar\u00e9 Kenny Cooper, un agent du Bureau de l\u2019alcool, du tabac, des armes \u00e0 feu et des explosifs (ATF), en reconnaissant que les motivations du suspect restent floues.<\/p>\n<p><a href=\"https:\/\/www.20minutes.fr\/dossier\/feu\" class=\"c-link c-btn c-btn--primary\" target=\"_blank\" rel=\"noopener\">Notre dossier sur les incendies<\/a><\/p>\n<p>La maire de Los Angeles, Karen Bass, a salu\u00e9 cette arrestation comme une \u00ab\u00a0\u00e9tape importante [\u2026] vers le r\u00e9confort pour des milliers de Californiens dont les vies ont \u00e9t\u00e9 boulevers\u00e9es \u00bb.<\/p>\n<p>Attis\u00e9s par des rafales allant jusqu\u2019\u00e0 160 km\/h, les incendies de Los Angeles s\u2019annoncent comme l\u2019une des catastrophes les plus co\u00fbteuses des Etats-Unis. Des milliers d\u2019habitations ont \u00e9t\u00e9 d\u00e9truites dans la m\u00e9gapole californienne et des dizaines de milliers de personnes ont d\u00fb fuir leur maison.<\/p>\n","protected":false},"excerpt":{"rendered":"Il est accus\u00e9 d\u2019avoir intentionnellement d\u00e9clench\u00e9 l\u2019un des incendies les plus destructeurs de l\u2019histoire de la Californie. Les&hellip;\n","protected":false},"author":2,"featured_media":449606,"comment_status":"","ping_status":"","sticky":false,"template":"","format":"standard","meta":{"footnotes":""},"categories":[1589],"tags":[47,11,2139,1067,73,1866,1310,6116,74,12,883,882,16022,2310,1864,1865,1863,308,7506],"class_list":{"0":"post-449605","1":"post","2":"type-post","3":"status-publish","4":"format-standard","5":"has-post-thumbnail","7":"category-etats-unis","8":"tag-actualite","9":"tag-actualites","10":"tag-californie","11":"tag-enquete","12":"tag-etats-unis","13":"tag-etats-unis-damerique","14":"tag-incendie","15":"tag-los-angeles","16":"tag-monde","17":"tag-news","18":"tag-paca","19":"tag-provence-alpes-cote-dazur","20":"tag-suspect","21":"tag-toulon","22":"tag-united-states","23":"tag-united-states-of-america","24":"tag-us","25":"tag-usa","26":"tag-var"},"share_on_mastodon":{"url":"https:\/\/pubeurope.com\/@fr\/115343351151495388","error":""},"_links":{"self":[{"href":"https:\/\/www.europesays.com\/fr\/wp-json\/wp\/v2\/posts\/449605","targetHints":{"allow":["GET"]}}],"collection":[{"href":"https:\/\/www.europesays.com\/fr\/wp-json\/wp\/v2\/posts"}],"about":[{"href":"https:\/\/www.europesays.com\/fr\/wp-json\/wp\/v2\/types\/post"}],"author":[{"embeddable":true,"href":"https:\/\/www.europesays.com\/fr\/wp-json\/wp\/v2\/users\/2"}],"replies":[{"embeddable":true,"href":"https:\/\/www.europesays.com\/fr\/wp-json\/wp\/v2\/comments?post=449605"}],"version-history":[{"count":0,"href":"https:\/\/www.europesays.com\/fr\/wp-json\/wp\/v2\/posts\/449605\/revisions"}],"wp:featuredmedia":[{"embeddable":true,"href":"https:\/\/www.europesays.com\/fr\/wp-json\/wp\/v2\/media\/449606"}],"wp:attachment":[{"href":"https:\/\/www.europesays.com\/fr\/wp-json\/wp\/v2\/media?parent=449605"}],"wp:term":[{"taxonomy":"category","embeddable":true,"href":"https:\/\/www.europesays.com\/fr\/wp-json\/wp\/v2\/categories?post=449605"},{"taxonomy":"post_tag","embeddable":true,"href":"https:\/\/www.europesays.com\/fr\/wp-json\/wp\/v2\/tags?post=449605"}],"curies":[{"name":"wp","href":"https:\/\/api.w.org\/{rel}","templated":true}]}}