{"id":44961,"date":"2025-04-22T21:40:09","date_gmt":"2025-04-22T21:40:09","guid":{"rendered":"https:\/\/www.europesays.com\/fr\/44961\/"},"modified":"2025-04-22T21:40:09","modified_gmt":"2025-04-22T21:40:09","slug":"loms-annonce-une-vague-de-licenciements-sur-fond-de-reduction-des-financements-americains","status":"publish","type":"post","link":"https:\/\/www.europesays.com\/fr\/44961\/","title":{"rendered":"L&rsquo;OMS annonce une vague de licenciements sur fond de r\u00e9duction des financements am\u00e9ricains"},"content":{"rendered":"<p>Le directeur de l\u2019Organisation mondiale de la sant\u00e9 a annonc\u00e9 une r\u00e9organisation de l\u2019agence onusienne apr\u00e8s le refus des \u00c9tats-Unis de verser leurs contributions pour 2024 et 2025.<\/p>\n<p class=\"fig-paragraph\">Le directeur g\u00e9n\u00e9ral de l&rsquo;Organisation mondiale de la sant\u00e9 (OMS) a indiqu\u00e9 mardi que les\u00a0<a href=\"http:\/\/sante.lefigaro.fr\/une-situation-critique-le-retrait-americain-de-l-oms-contrait-l-organisation-a-couper-son-budget-de-20-20250329\" data-fig-type=\"NewsFlash\" data-gtm-custom-categorie=\"navigation\" data-gtm-custom-action=\"crossclick\" data-gtm-custom-label=\"Contextuel\" data-gtm-event=\"customEventSPE\" data-fig-domain=\"SANTE\" target=\"_blank\" rel=\"noopener\">coupes budg\u00e9taires am\u00e9ricaines<\/a>\u00a0laissaient les comptes de l&rsquo;agence onusienne dans le rouge, la for\u00e7ant \u00e0 r\u00e9duire ses op\u00e9rations et \u00e0 licencier du personnel. \u00abLe refus des \u00c9tats-Unis de verser leurs contributions statutaires pour 2024 et 2025, combin\u00e9 aux r\u00e9ductions de l&rsquo;aide publique au d\u00e9veloppement de certains autres pays, signifie que nous sommes confront\u00e9s \u00e0 un d\u00e9ficit concernant la masse salariale pour l&rsquo;exercice biennal 2026-2027 compris entre 560 et 650 millions de dollars\u00bb, a d\u00e9clar\u00e9 Tedros Adhanom Ghebreyesus aux \u00c9tats membres, selon une transcription de son discours.<\/p>\n<p class=\"fig-paragraph\">L\u2019agence de sant\u00e9 des Nations Unies se pr\u00e9pare depuis un certain temps au retrait total des \u00c9tats-Unis, historiquement de loin son plus grand donateur, en janvier prochain. L\u2019administration du pr\u00e9sident am\u00e9ricain a, entre-temps, \u00e9galement refus\u00e9 de payer les cotisations convenues pour 2024 et 2025, tout en gelant pratiquement toute l\u2019aide \u00e9trang\u00e8re am\u00e9ricaine, y compris une aide consid\u00e9rable aux projets de sant\u00e9 dans le monde entier. Un certain nombre d\u2019autres pays ont \u00e9galement r\u00e9duit leurs d\u00e9penses d\u2019aide au d\u00e9veloppement. Face \u00e0 cette situation, l\u2019OMS a entam\u00e9 une r\u00e9flexion concernant sa nouvelle organisation, que son directeur g\u00e9n\u00e9ral a pr\u00e9sent\u00e9e au personnel et aux \u00c9tats membres mardi.<\/p>\n<p>Le si\u00e8ge \u00e0 Gen\u00e8ve le plus touch\u00e9<\/p>\n<p class=\"fig-paragraph\">Le d\u00e9ficit concernant la masse salariale \u00abrepr\u00e9sente environ 25% des co\u00fbts du personnel\u00bb actuellement, a-t-il pr\u00e9cis\u00e9, en soulignant toutefois que \u00abcela ne signifie pas n\u00e9cessairement une r\u00e9duction de 25% du nombre de postes\u00bb. Il n\u2019a pas indiqu\u00e9 combien d\u2019emplois seraient supprim\u00e9s, mais a pr\u00e9cis\u00e9 que l\u2019impact le plus important \u00e9tait attendu au si\u00e8ge de l\u2019Organisation \u00e0 Gen\u00e8ve. \u00abNous commen\u00e7ons par des r\u00e9ductions au sein de la direction\u00bb, \u00abm\u00eame si ce sont des d\u00e9cisions tr\u00e8s douloureuses pour nous\u00bb, a-t-il dit. \u00abNous r\u00e9duisons l\u2019\u00e9quipe de direction au si\u00e8ge de 12 \u00e0 7 membres, et le nombre de d\u00e9partements passera de 76 \u00e0 34, soit une r\u00e9duction de plus de moiti\u00e9\u00bb, a d\u00e9clar\u00e9 Tedros Adhanom Ghebreyesus.<\/p>\n","protected":false},"excerpt":{"rendered":"Le directeur de l\u2019Organisation mondiale de la sant\u00e9 a annonc\u00e9 une r\u00e9organisation de l\u2019agence onusienne apr\u00e8s le refus&hellip;\n","protected":false},"author":2,"featured_media":44962,"comment_status":"","ping_status":"","sticky":false,"template":"","format":"standard","meta":{"footnotes":""},"categories":[5],"tags":[1111,47,11,1109,1112,118,1108,107,1106,1107,1011,27,1110,1114,14,414,12,1113,2570,316,28],"class_list":{"0":"post-44961","1":"post","2":"type-post","3":"status-publish","4":"format-standard","5":"has-post-thumbnail","7":"category-international","8":"tag-actu","9":"tag-actualite","10":"tag-actualites","11":"tag-breves","12":"tag-depeches","13":"tag-faits-divers","14":"tag-fil","15":"tag-fil-info","16":"tag-flash","17":"tag-flash-actu","18":"tag-fr","19":"tag-france","20":"tag-informations","21":"tag-infos","22":"tag-international","23":"tag-licenciement","24":"tag-news","25":"tag-nouvelles","26":"tag-oms","27":"tag-politique","28":"tag-world"},"share_on_mastodon":{"url":"https:\/\/pubeurope.com\/@fr\/114383790012950739","error":""},"_links":{"self":[{"href":"https:\/\/www.europesays.com\/fr\/wp-json\/wp\/v2\/posts\/44961","targetHints":{"allow":["GET"]}}],"collection":[{"href":"https:\/\/www.europesays.com\/fr\/wp-json\/wp\/v2\/posts"}],"about":[{"href":"https:\/\/www.europesays.com\/fr\/wp-json\/wp\/v2\/types\/post"}],"author":[{"embeddable":true,"href":"https:\/\/www.europesays.com\/fr\/wp-json\/wp\/v2\/users\/2"}],"replies":[{"embeddable":true,"href":"https:\/\/www.europesays.com\/fr\/wp-json\/wp\/v2\/comments?post=44961"}],"version-history":[{"count":0,"href":"https:\/\/www.europesays.com\/fr\/wp-json\/wp\/v2\/posts\/44961\/revisions"}],"wp:featuredmedia":[{"embeddable":true,"href":"https:\/\/www.europesays.com\/fr\/wp-json\/wp\/v2\/media\/44962"}],"wp:attachment":[{"href":"https:\/\/www.europesays.com\/fr\/wp-json\/wp\/v2\/media?parent=44961"}],"wp:term":[{"taxonomy":"category","embeddable":true,"href":"https:\/\/www.europesays.com\/fr\/wp-json\/wp\/v2\/categories?post=44961"},{"taxonomy":"post_tag","embeddable":true,"href":"https:\/\/www.europesays.com\/fr\/wp-json\/wp\/v2\/tags?post=44961"}],"curies":[{"name":"wp","href":"https:\/\/api.w.org\/{rel}","templated":true}]}}