{"id":449611,"date":"2025-10-09T08:52:15","date_gmt":"2025-10-09T08:52:15","guid":{"rendered":"https:\/\/www.europesays.com\/fr\/449611\/"},"modified":"2025-10-09T08:52:15","modified_gmt":"2025-10-09T08:52:15","slug":"leurope-a-lepreuve-de-la-crise-du-logement","status":"publish","type":"post","link":"https:\/\/www.europesays.com\/fr\/449611\/","title":{"rendered":"l\u2019Europe \u00e0 l\u2019\u00e9preuve de la crise du logement"},"content":{"rendered":"<p><strong>A l\u2019occasion du lancement de la 10e \u00e9dition de l\u2019\u00e9clairage sur le mal-logement en Europe, la Fondation pour le Logement des D\u00e9favoris\u00e9s (anciennement Fondation Abb\u00e9 Pierre) et la FEANTSA alertent sur l\u2019ampleur de la crise du logement en Europe. Alors que la Commission Europ\u00e9enne s\u2019appr\u00eate \u00e0 pr\u00e9senter son Plan pour le logement abordable, nos organisations, au terme d\u2019une enqu\u00eate dans de nombreux pays europ\u00e9ens, soulignent les dangers li\u00e9s au glissement du \u00ab logement social \u00bb vers le \u00ab logement abordable \u00bb d\u00e9pendant des march\u00e9s financiers. Derri\u00e8re cette expression s\u00e9duisante se cache le risque d\u2019exclure encore davantage les m\u00e9nages les plus modestes, d\u00e9j\u00e0 durement frapp\u00e9s par l\u2019explosion des loyers et des prix immobiliers.<\/strong><\/p>\n<p><strong>Une crise du logement qui touche les m\u00e9nages modestes<\/strong><\/p>\n<p>Selon Eurostat, en 2024, <strong>les m\u00e9nages europ\u00e9ens vivant sous le seuil de pauvret\u00e9 consacraient 37 % de leurs revenus au logement<\/strong>, contre 19 % pour l\u2019ensemble des m\u00e9nages.<\/p>\n<p>La m\u00eame ann\u00e9e, <strong>29 % des m\u00e9nages de l\u2019Union europ\u00e9enne d\u00e9claraient rencontrer des difficult\u00e9s \u00e0 \u00ab joindre les deux bouts \u00bb<\/strong>, contre 22 % en 2023, <strong>soit une augmentation de 32 %<\/strong>.<\/p>\n<p>Les r\u00e9sultats du dernier Eurobarom\u00e8tre (janvier\u2013f\u00e9vrier 2025) confirment l\u2019ampleur du probl\u00e8me dans l\u2019esprit des Europ\u00e9ens : <strong>61 % des personnes interrog\u00e9es dans l\u2019UE d\u00e9clarent \u00eatre pr\u00e9occup\u00e9es \u00e0 l\u2019id\u00e9e de ne plus pouvoir payer leur loyer ou leur emprunt <\/strong>immobilier \u2014 une inqui\u00e9tude jug\u00e9e \u00ab forte \u00bb par plus d\u2019un quart d\u2019entre elles (27\u00a0%).<\/p>\n<p><strong>Des exp\u00e9riences nationales qui doivent alerter<\/strong><\/p>\n<p>En France : 2,8 millions de demandes de logements sociaux sont en attente. Pourtant, la part de logements tr\u00e8s sociaux (PLAI) diminue, tandis que se d\u00e9veloppent les logements interm\u00e9diaires (LLI). Selon un rapport de l\u2019Autorit\u00e9 nationale de contr\u00f4le du logement social (Ancols) de 2020, pr\u00e8s de 90 % des demandeurs de logement sont trop pauvres pour postuler \u00e0 un logement interm\u00e9diaire.<\/p>\n<p>A titre d\u2019exemple, au Royaume-Uni, depuis 2011, les loyers dits \u00ab abordables \u00bb sont fix\u00e9s \u00e0 <strong>80 % du loyer de march\u00e9<\/strong> \u2013 soit 60 % plus chers que les loyers sociaux traditionnels \u00e0 Londres. Soumises aux march\u00e9s financiers, les associations de logement, qui g\u00e8rent 45% du parc social, y logent de moins en moins les m\u00e9nages les plus pauvres.<\/p>\n<p>M\u00eame tendance inqui\u00e9tante \u00e0 Milan o\u00f9, entre 2010 et 2023, pr\u00e8s <strong>de 70 % des nouveaux logements \u00ab sociaux \u00bb<\/strong> construits \u00e9taient en r\u00e9alit\u00e9 destin\u00e9s \u00e0 la vente ou propos\u00e9s \u00e0 des loyers inaccessibles aux plus pauvres.<\/p>\n<p><strong>Pour une politique du logement ambitieuse qui ne laisse personne de c\u00f4t\u00e9<\/strong><\/p>\n<p>Le 10 septembre dernier, la Pr\u00e9sidente Von der Leyen a tr\u00e8s justement qualifi\u00e9 la crise du logement qui traverse le continent, de \u00ab\u00a0crise sociale\u00a0\u00bb. Pourtant, jusqu\u2019\u00e0 pr\u00e9sent, aucune mesure annonc\u00e9e n\u2019a encore permis de garantir un acc\u00e8s \u00e0 un logement digne aux m\u00e9nages les plus pauvres.<\/p>\n<p><strong>La Fondation pour le Logement et la FEANTSA demandent \u00e0 la Commission europ\u00e9enne d\u2019\u00e9laborer un plan cr\u00e9dible, qui fera de la lutte contre le mal-logement une priorit\u00e9, <\/strong>qui aidera \u00e0 mettre en \u0153uvre l\u2019engagement collectif de mettre fin au sans-abrisme en Europe,<strong> donnant ainsi la possibilit\u00e9 \u00e0 toutes et tous de se loger dignement<\/strong>.<\/p>\n<p>Retrouvez ci-dessous, le 10e Regard sur le mal-logement en Europe qui fait \u00e9galement le point sur les \u00e9volutions de la lutte contre le sans-abrisme \u00e0 l\u2019\u00e9chelle europ\u00e9enne.<\/p>\n<p>                        <img decoding=\"async\" src=\"https:\/\/www.europesays.com\/fr\/wp-content\/uploads\/2025\/08\/placeholder-actu.png\" alt=\"10e Regard Europe - 2025\" class=\"full cover\" loading=\"lazy\" width=\"118\" height=\"163\"\/><\/p>\n<p>\n                    10e Regard Europe \u2013 2025                <\/p>\n","protected":false},"excerpt":{"rendered":"A l\u2019occasion du lancement de la 10e \u00e9dition de l\u2019\u00e9clairage sur le mal-logement en Europe, la Fondation pour&hellip;\n","protected":false},"author":2,"featured_media":449612,"comment_status":"","ping_status":"","sticky":false,"template":"","format":"standard","meta":{"footnotes":""},"categories":[1586],"tags":[11,38969,1777,674,1011,27,12,25],"class_list":{"0":"post-449611","1":"post","2":"type-post","3":"status-publish","4":"format-standard","5":"has-post-thumbnail","7":"category-europe","8":"tag-actualites","9":"tag-communiques-de-presse","10":"tag-eu","11":"tag-europe","12":"tag-fr","13":"tag-france","14":"tag-news","15":"tag-republique-francaise"},"share_on_mastodon":{"url":"https:\/\/pubeurope.com\/@fr\/115343363020209416","error":""},"_links":{"self":[{"href":"https:\/\/www.europesays.com\/fr\/wp-json\/wp\/v2\/posts\/449611","targetHints":{"allow":["GET"]}}],"collection":[{"href":"https:\/\/www.europesays.com\/fr\/wp-json\/wp\/v2\/posts"}],"about":[{"href":"https:\/\/www.europesays.com\/fr\/wp-json\/wp\/v2\/types\/post"}],"author":[{"embeddable":true,"href":"https:\/\/www.europesays.com\/fr\/wp-json\/wp\/v2\/users\/2"}],"replies":[{"embeddable":true,"href":"https:\/\/www.europesays.com\/fr\/wp-json\/wp\/v2\/comments?post=449611"}],"version-history":[{"count":0,"href":"https:\/\/www.europesays.com\/fr\/wp-json\/wp\/v2\/posts\/449611\/revisions"}],"wp:featuredmedia":[{"embeddable":true,"href":"https:\/\/www.europesays.com\/fr\/wp-json\/wp\/v2\/media\/449612"}],"wp:attachment":[{"href":"https:\/\/www.europesays.com\/fr\/wp-json\/wp\/v2\/media?parent=449611"}],"wp:term":[{"taxonomy":"category","embeddable":true,"href":"https:\/\/www.europesays.com\/fr\/wp-json\/wp\/v2\/categories?post=449611"},{"taxonomy":"post_tag","embeddable":true,"href":"https:\/\/www.europesays.com\/fr\/wp-json\/wp\/v2\/tags?post=449611"}],"curies":[{"name":"wp","href":"https:\/\/api.w.org\/{rel}","templated":true}]}}